{"id":1127655,"date":"2026-06-28T08:38:18","date_gmt":"2026-06-28T08:38:18","guid":{"rendered":"https:\/\/www.europesays.com\/de\/1127655\/"},"modified":"2026-06-28T08:38:18","modified_gmt":"2026-06-28T08:38:18","slug":"hitzewelle-in-deutschland-zwei-maenner-sterben-beim-baden-in-berlin","status":"publish","type":"post","link":"https:\/\/www.europesays.com\/de\/1127655\/","title":{"rendered":"Hitzewelle in Deutschland: Zwei M\u00e4nner sterben beim Baden in Berlin"},"content":{"rendered":"<p>Quelle: dpa Berlin\/Brandenburg<br \/>\n        28. Juni 2026, 10:09 Uhr\n    <\/p>\n<p>        Sie k\u00f6nnen sich Artikel der ZEIT in der Google-Suche nun bevorzugt anzeigen lassen.<\/p>\n<p>        <a class=\"zps-widget__icon\" href=\"https:\/\/www.google.com\/preferences\/source?q=zeit.de\" data-ct-label=\"Google Preferred Source Onboarding Widget Icon\" id=\"zps-link-icon-activate\" aria-label=\"ZEIT als bevorzugte Quelle bei Google aktivieren\" target=\"_blank\" rel=\"nofollow noopener\"><\/p>\n<p>        <\/a><\/p>\n<p>        Hinweis<\/p>\n<p class=\"article-notice__text\">DIE ZEIT hat diese Meldung redaktionell nicht bearbeitet. Sie wurde automatisch von der Deutschen Presse-Agentur (dpa) \u00fcbernommen.<\/p>\n<p>            <img decoding=\"async\" class=\"article__media-item\" src=\"https:\/\/www.europesays.com\/de\/wp-content\/uploads\/2026\/06\/1782635898_993_wide__660x371.jpeg\" alt=\"Hitzewelle in Deutschland: Zwei M\u00e4nner sind beim Baden in Berlin gestorben.\"\/><\/p>\n<p>                    Zwei M\u00e4nner sind beim Baden in Berlin gestorben.<br \/>\n            \u00a9\u00a0J\u00f6rg Carstensen\/\u200bdpa<\/p>\n<p class=\"paragraph article__item\">In <a class=\"rtr-entity\" href=\"https:\/\/www.zeit.de\/thema\/berlin\" rel=\"nofollow noopener\" target=\"_blank\">Berlin<\/a> sind am Samstag zwei Menschen bei Badeunf\u00e4llen gestorben. Wie die Polizei mitteilte, entdeckte eine Gruppe in einem Schlauchboot gegen 13.00 Uhr eine leblose Person im Jungfernheideteich in Charlottenburg. Die Menschen im Schlauchboot holten den 42-j\u00e4hrigen Mann demnach aus dem Wasser und begannen mit Reanimationsma\u00dfnahmen. Der alarmierte Rettungsdienst f\u00fchrte diese fort, musste aber nach Angaben der Polizei noch vor Ort den Tod des Mannes feststellen.\u00a0\n<\/p>\n<p>Aktuelles<\/p>\n<p>                <a href=\"https:\/\/www.zeit.de\/gesellschaft\/zeitgeschehen\/2026-06\/familie-tuerkei-vergiftung-hotelinsektizid-prozess\" data-ct-label=\"Istanbul: Lange Haftstrafen im Prozess um vergiftete Familie im T\u00fcrkeiurlaub\" data-uuid=\"bd15f3dc-c21d-4826-abdd-f61a53dd6771\" rel=\"nofollow noopener\" target=\"_blank\"><\/p>\n<p>                        Istanbul:<br \/>\n                        Lange Haftstrafen im Prozess um vergiftete Familie im T\u00fcrkeiurlaub<\/p>\n<p>                <\/a><\/p>\n<p>                <a href=\"https:\/\/www.zeit.de\/gesellschaft\/zeitgeschehen\/2026-05\/laos-goldsucher-hoehle-vermisste-hoffnung\" data-ct-label=\"Laos: Kaum noch Hoffnung f\u00fcr zwei Vermisste in H\u00f6hle in Laos \" data-uuid=\"ce768b6b-ee2f-4beb-bd9d-c91a0a0ea632\" rel=\"nofollow noopener\" target=\"_blank\"><\/p>\n<p>                        Laos:<br \/>\n                        Kaum noch Hoffnung f\u00fcr zwei Vermisste in H\u00f6hle in Laos <\/p>\n<p>                <\/a><\/p>\n<p>                <a href=\"https:\/\/www.zeit.de\/2026\/26\/eu-asylpolitik-migration-mauretanien-frontex-geas\" data-ct-label=\"EU-Asylpolitik: Der Preis von Europas neuer H\u00e4rte\" data-uuid=\"dd8139e4-148a-4f17-b3f2-9df39e43b000\" rel=\"nofollow noopener\" target=\"_blank\"><\/p>\n<p>                        EU-Asylpolitik:<br \/>\n                        Der Preis von Europas neuer H\u00e4rte<\/p>\n<p>                <\/a><\/p>\n<p class=\"paragraph article__item\">Der zweite Vorfall ereignete sich am Tempelhofer Hafen. Dort wurde ein 51-J\u00e4hrige leblos im Wasser treibend entdeckt. Nach Angaben der <a class=\"rtr-entity\" href=\"https:\/\/www.zeit.de\/thema\/polizei\" rel=\"nofollow noopener\" target=\"_blank\">Polizei<\/a> holten Feuerwehrleute den Mann aus dem Wasser, konnten dann aber nur noch den Tod feststellen.\n<\/p>\n<p class=\"paragraph article__item\">\u00a9 dpa-infocom, dpa:260628-930-297525\/1<\/p>\n","protected":false},"excerpt":{"rendered":"Quelle: dpa Berlin\/Brandenburg 28. Juni 2026, 10:09 Uhr Sie k\u00f6nnen sich Artikel der ZEIT in der Google-Suche nun&hellip;\n","protected":false},"author":2,"featured_media":1127656,"comment_status":"","ping_status":"","sticky":false,"template":"","format":"standard","meta":{"footnotes":"","_share_on_mastodon":"0"},"categories":[1825],"tags":[1941,1939,42685,296,1937,29,30,18113,234621,1980,1940,15,1938,121,160628],"class_list":["post-1127655","post","type-post","status-publish","format-standard","has-post-thumbnail","category-berlin","tag-aktuelle-nachrichten-aus-berlin","tag-aktuelle-news-aus-berlin","tag-badeunfall","tag-berlin","tag-berlin-news","tag-deutschland","tag-germany","tag-hitzewelle","tag-hitzewelle-in-deutschland","tag-mann","tag-nachrichten-aus-berlin","tag-news","tag-news-aus-berlin","tag-polizei","tag-schlauchboot"],"share_on_mastodon":{"url":"","error":""},"_links":{"self":[{"href":"https:\/\/www.europesays.com\/de\/wp-json\/wp\/v2\/posts\/1127655","targetHints":{"allow":["GET"]}}],"collection":[{"href":"https:\/\/www.europesays.com\/de\/wp-json\/wp\/v2\/posts"}],"about":[{"href":"https:\/\/www.europesays.com\/de\/wp-json\/wp\/v2\/types\/post"}],"author":[{"embeddable":true,"href":"https:\/\/www.europesays.com\/de\/wp-json\/wp\/v2\/users\/2"}],"replies":[{"embeddable":true,"href":"https:\/\/www.europesays.com\/de\/wp-json\/wp\/v2\/comments?post=1127655"}],"version-history":[{"count":0,"href":"https:\/\/www.europesays.com\/de\/wp-json\/wp\/v2\/posts\/1127655\/revisions"}],"wp:featuredmedia":[{"embeddable":true,"href":"https:\/\/www.europesays.com\/de\/wp-json\/wp\/v2\/media\/1127656"}],"wp:attachment":[{"href":"https:\/\/www.europesays.com\/de\/wp-json\/wp\/v2\/media?parent=1127655"}],"wp:term":[{"taxonomy":"category","embeddable":true,"href":"https:\/\/www.europesays.com\/de\/wp-json\/wp\/v2\/categories?post=1127655"},{"taxonomy":"post_tag","embeddable":true,"href":"https:\/\/www.europesays.com\/de\/wp-json\/wp\/v2\/tags?post=1127655"}],"curies":[{"name":"wp","href":"https:\/\/api.w.org\/{rel}","templated":true}]}}