{"id":1127781,"date":"2026-06-28T09:58:17","date_gmt":"2026-06-28T09:58:17","guid":{"rendered":"https:\/\/www.europesays.com\/de\/1127781\/"},"modified":"2026-06-28T09:58:17","modified_gmt":"2026-06-28T09:58:17","slug":"us-unabhaengigkeitstag-in-boeblingen-gemischte-gefuehle-so-feiert-die-us-garnison-in-stuttgart-250-jahre-amerika","status":"publish","type":"post","link":"https:\/\/www.europesays.com\/de\/1127781\/","title":{"rendered":"US-Unabh\u00e4ngigkeitstag in B\u00f6blingen: \u201eGemischte Gef\u00fchle\u201c: So feiert die US-Garnison in Stuttgart 250 Jahre Amerika"},"content":{"rendered":"<p> Wie begehen Amerikaner ihren gro\u00dfen Jubil\u00e4umsgeburtstag? Vor dem Hintergrund der politischen Spaltung, wirtschaftlicher Unsicherheiten und einer br\u00fcchigen Waffenruhe im Krieg gegen den <a href=\"https:\/\/www.stuttgarter-zeitung.de\/thema\/Iran\" title=\"Iran\" class=\"art_thema\" rel=\"nofollow noopener\" target=\"_blank\">Iran<\/a>, ist es vielleicht zu viel verlangt, dass US-B\u00fcrger an diesem Tag vereint zusammenkommen.<\/p>\n<p>Doch beim <a href=\"https:\/\/www.stuttgarter-zeitung.de\/thema\/US-Milit%C3%A4r\" title=\"US-Milit\u00e4r\" class=\"art_thema\" rel=\"nofollow noopener\" target=\"_blank\">US-Milit\u00e4r<\/a>, das schon beim Unabh\u00e4ngigkeitskrieg unter F\u00fchrung von General George Washington, eine Sonderrolle gespielt hat, liegen die Dinge anders: Da ist man patriotischer, aber auch zu politischer Neutralit\u00e4t und Unterordnung unter die zivile F\u00fchrung verpflichtet. Auch in der B\u00f6blinger Panzerkaserne, wo die US-Garnison <a href=\"https:\/\/www.stuttgarter-zeitung.de\/thema\/Stuttgart\" title=\"Stuttgart\" class=\"art_thema\" rel=\"nofollow noopener\" target=\"_blank\">Stuttgart<\/a> an diesem Rekordhitze-Samstag zum vierten Mal auch ihre deutschen Nachbarn dazu einlud, den US-Unabh\u00e4ngigkeitstag gemeinsam zu feiern.<\/p>\n<p>Lockeres Volksfest f\u00fcr die Familie <\/p>\n<p>Familien steuern mit Kinderwagen den mit Foodtrucks eingerahmten gro\u00dfen Parkplatz vor dem US-Einkaufszentrum an, Jung und Alt winken mit F\u00e4hnchen oder haben sogar ihre Gesichter in Sternenbanner-Farben geschminkt. Dazu jede Menge Musik von Pop bis Country. Doch anders als in den Vorjahren bilden sich am Haupttor der B\u00f6blinger Panzerkaserne beim Taschencheck durch US-Soldaten diesmal keine langen Schlangen. Auf dem Parkplatz oder vor der B\u00fchne, wo nachmittags ein Elvis-Imitator auftritt, bleibt lange viel Platz. Bis zum sp\u00e4ten Abend werden aber wieder 18.000 Besucher gez\u00e4hlt.<\/p>\n<p>Der US-Unabh\u00e4ngigkeitstag, mit der die Losl\u00f6sung von der englischen Krone begangen wird, ist ein lockeres Volksfest f\u00fcr Familie und Freunde. Dazu kommt normalerweise eine moderate Dosis Patriotismus. Doch die Zeiten sind nicht normal \u2013 nicht in den <a href=\"https:\/\/www.stuttgarter-zeitung.de\/thema\/USA\" title=\"USA\" class=\"art_thema\" rel=\"nofollow noopener\" target=\"_blank\">USA<\/a> und auch nicht in den deutsch-amerikanischen Beziehungen: Im Innern baut die Trump-Administration mit ihren Verst\u00f6\u00dfen gegen demokratische Normen und Institutionen nach den Worten des Heidelberger Historikers Manfred Berg an einem \u201eautorit\u00e4ren Pr\u00e4sidialsystem\u201c. Au\u00dfenpolitisch macht Washington den Verb\u00fcndeten in <a href=\"https:\/\/www.stuttgarter-zeitung.de\/thema\/Europa\" title=\"Europa\" class=\"art_thema\" rel=\"nofollow noopener\" target=\"_blank\">Europa<\/a> mit Drohungen gegen Gr\u00f6nland und Truppenabzug oder mit Z\u00f6llen das Leben schwer.<\/p>\n<p>  <img decoding=\"async\" loading=\"lazy\" src=\"https:\/\/www.europesays.com\/de\/wp-content\/uploads\/2026\/06\/media.media.f2bcbdb2-b5d6-4f0a-89f9-aaba207a53a9.original1024.media.jpeg\"\/>     Fassanstich im VIP-Bereich beim Independence Day: Der US-Standortkommandeur Oberst Edward J. Sanford und Baden-W\u00fcrttembergs Ministerpr\u00e4sident   <a href=\"https:\/\/www.stuttgarter-zeitung.de\/thema\/Cem_%C3%96zdemir\" title=\"Cem \u00d6zdemir\" class=\"art_thema\" rel=\"nofollow noopener\" target=\"_blank\">Cem \u00d6zdemir<\/a>.    Foto: Stefanie Schlecht, sts    <\/p>\n<p>Angesichts des vergifteten politischen Klimas auch in den USA blicke sie nur mit \u201egemischten Gef\u00fchlen\u201c auf die 250-Jahr-Feier ihres Landes, sagt eine Frau aus der Stuttgarter US-Milit\u00e4rgemeinde. Sie m\u00f6chte namentlich nicht genannt werden. Auch in ihrem Bekanntenkreis in Stuttgart stelle sie \u201ekeine gro\u00dfe Begeisterung\u201c \u00fcber das Jubil\u00e4um fest.<\/p>\n<p>US-Beamter \u201estill optimistisch\u201c <\/p>\n<p>In der alten Panzerkaserne der Wehrmacht am Ostrand B\u00f6blingens sieht das ein von einer freundlichen Pressefrau zum Gespr\u00e4ch ausgew\u00e4hlter Soldat indes ganz anders: Stabsfeldwebel Carlos Boggs mit Wurzeln in Puerto Rico betont, dass f\u00fcr ihn die Feier des US-Unabh\u00e4ngigkeitstages immer \u201eein besonderer Feiertag\u201c ist. \u201eMan k\u00e4mpft, um die Freiheit zu verteidigen\u201c, meint der 42-j\u00e4hrige Milit\u00e4rpolizist, der drei Mal im Afghanistan-Einsatz war. Auch sei es gut, mit den Deutschen gemeinsam zu feiern. \u201eWir empfangen sie mit offenen Armen und zeigen ihnen die Bedeutung des 4. Juli.\u201c<\/p>\n<p>Ein hoher US-Milit\u00e4rbeamter aus dem S\u00fcdwesten freut sich zwar \u00fcber die Feier der US-Unabh\u00e4ngigkeit gemeinsam mit Deutschen \u2013 bei seinen Kontakten mit Deutschen st\u00f6\u00dft er nicht auf Antiamerikanismus \u2013, er sp\u00fcrt aber den Verlust amerikanischer Soft Power. Mit Blick auf die Trump-Regierung \u201efragen mich viele verwundert: ,Was passiert da mit <a href=\"https:\/\/www.stuttgarter-zeitung.de\/thema\/Amerika\" title=\"Amerika\" class=\"art_thema\" rel=\"nofollow noopener\" target=\"_blank\">Amerika<\/a>&#8218;, dem Land, zu dem sie so lange aufgeschaut haben&#8217;\u201c. Trotzdem bleibt er \u201estill optimistisch\u201c. Die Dinge w\u00fcrden wieder \u201ein Ordnung kommen\u201c, meint er.<\/p>\n<p>   <img decoding=\"async\" loading=\"lazy\" src=\"https:\/\/www.europesays.com\/de\/wp-content\/uploads\/2026\/06\/media.media.2cc6e052-5e5e-49a9-b735-096ff4db1c9f.original1024.media.jpeg\"\/>     Independence Day und gro\u00dfe Hitze: Benebelung mit Wasser bietet den Besuchern ein wenig Abk\u00fchlung.    Foto: Stefanie Schlecht, sts    <\/p>\n<p>Der Grund f\u00fcr die Bewunderung f\u00fcr Amerika liegt auch an den revolution\u00e4ren Worten der US-Unabh\u00e4ngigkeitserkl\u00e4rung von 1776, wonach \u201ealle Menschen gleich\u201c und \u201emit gewissen unver\u00e4u\u00dferlichen Rechten\u201c ausgestattet seien, darunter, \u201edas Leben, die Freiheit und das Streben nach Gl\u00fcck\u201c. Es ist die Geburtsstunde der liberalen Demokratie, die die ganze Welt ver\u00e4ndert, auch wenn mit dem Ideal der Selbstbestimmung Afroamerikaner, Ureinwohner und Frauen lange nicht mitgemeint waren.<\/p>\n<p> Cem \u00d6zdemir: \u201eWie der Amerikanische Traum in <a href=\"https:\/\/www.stuttgarter-zeitung.de\/thema\/Deutschland\" title=\"Deutschland\" class=\"art_thema\" rel=\"nofollow noopener\" target=\"_blank\">Deutschland<\/a>\u201c <\/p>\n<p>Daran erinnert auch der neue gr\u00fcne Landeschef Cem \u00d6zdemir, der am Abend zu der Feier st\u00f6\u00dft. Seine eigene Biografie passe zur Kernidee der US-Unabh\u00e4ngigkeitserkl\u00e4rung, bemerkt er am Rande des VIP\u2011Empfangs: Er selbst stamme aus bescheidenen Verh\u00e4ltnissen und sei heute Ministerpr\u00e4sident von <a href=\"https:\/\/www.stuttgarter-zeitung.de\/thema\/Baden-W%C3%BCrttemberg\" title=\"Baden-W\u00fcrttemberg\" class=\"art_thema\" rel=\"nofollow noopener\" target=\"_blank\">Baden-W\u00fcrttemberg<\/a>. \u201eDas klingt wie der Amerikanische Traum, ist aber in Deutschland passiert.\u201c Bei seinem Toast dankt \u00d6zdemir dem US-<a href=\"https:\/\/www.stuttgarter-zeitung.de\/thema\/Milit%C3%A4r\" title=\"Milit\u00e4r\" class=\"art_thema\" rel=\"nofollow noopener\" target=\"_blank\">Milit\u00e4r<\/a> f\u00fcr den Einsatz f\u00fcr Demokratie und Freiheit in Deutschland nach dem Zweiten Weltkrieg. Aber er erinnert auch an den andauernden Krieg in der Ukraine, \u201ewo die Menschen heute f\u00fcr die Freiheit k\u00e4mpfen\u201c.<\/p>\n<p>Bei einigen Amerikanern in der US-Milit\u00e4rgemeinde wird die Feierlaune zus\u00e4tzlich getr\u00fcbt, weil US-Verteidigungsminister <a href=\"https:\/\/www.stuttgarter-zeitung.de\/thema\/Pete_Hegseth\" title=\"Pete Hegseth\" class=\"art_thema\" rel=\"nofollow noopener\" target=\"_blank\">Pete Hegseth<\/a> gerade den \u00fcber Parteigrenzen hinweg hochgesch\u00e4tzten General Christopher Donahue, Kommandeur der US-Landstreitkr\u00e4fte f\u00fcr Europa und Afrika, und bis Mitte kommender Woche noch Chef auch der Stuttgarter Garnison, ohne Angabe von Gr\u00fcnden vorzeitig in Pension geschickt hat. Donahue ist nur der letzte in einer Reihe von Spitzenoffizieren, die Hegseth in seinem Feldzug f\u00fcr bedingungslose Loyalit\u00e4t und gegen zu viel Diversit\u00e4t beim Milit\u00e4r in die W\u00fcste schickt.<\/p>\n<p>\u201eDas ist ein Schock f\u00fcr viele\u201c, meint die Ex-Republikanerin in Stuttgart. Die Entlassung habe einsch\u00fcchternde Wirkung: Aus Sorge um den Job k\u00f6nnten Offiziere k\u00fcnftig nicht mehr den besten Rat geben \u2013 mit Folgen f\u00fcr Krieg und Frieden. Im Zug der Herabstufung Europas plant Hegseths Team nach US-Medienberichten offenbar auch die Herabstufung zahlreicher Hauptquartiere von Vier- zu Drei-Sterne-Kommandos.<\/p>\n<p>   Deutsche Besucher sind besorgt <\/p>\n<p>Und was denken deutsche Festbesucher? Die aktuelle politische Lage in den USA h\u00e4lt Nicole Barth mit Blick auf Trump f\u00fcr \u201esehr schwierig\u201c. Ihr Mann Joe stimmt zu. Beide haben einige Jahre in den USA gelebt. Ihre Tochter wurde dort geboren. Derzeit verzichten sie aber auf Reisen dorthin. \u201eWir hoffen, dass der Albtraum wieder vorbeigeht\u201c, sagt sie mit Blick auf die Zwischenwahlen im Herbst. Aber das \u201egute\u201c Amerika von fr\u00fcher werde es nicht mehr geben. Da ist ihr Mann sicher.<\/p>\n<p>Als es Abend wird und die Sonne nicht mehr ganz so stark auf den Asphalt brennt, sitzen Amerikaner und Deutsche, J\u00fcngere und \u00c4ltere auf den B\u00e4nken, essen und lauschen der Musik aus den Lautsprechern. Und alle warten auf den H\u00f6hepunkt \u2013 ein extralanges Feuerwerk, das die rot-wei\u00df-blauen amerikanischen Farben in den Himmel \u00fcber <a href=\"https:\/\/www.stuttgarter-zeitung.de\/thema\/B%C3%B6blingen\" title=\"B\u00f6blingen\" class=\"art_thema\" rel=\"nofollow noopener\" target=\"_blank\">B\u00f6blingen<\/a> malt.<\/p>\n<p>Eigentlich wird der US-Unabh\u00e4ngigkeitstag am 4. Juli gefeiert. Doch weil viele Soldatinnen und Soldaten am anschlie\u00dfenden langen Wochenende verreisen m\u00f6chten, feierte die US-Garnison in Stuttgart bereits am diesem Samstag, 27. Juni.<\/p>\n","protected":false},"excerpt":{"rendered":"Wie begehen Amerikaner ihren gro\u00dfen Jubil\u00e4umsgeburtstag? Vor dem Hintergrund der politischen Spaltung, wirtschaftlicher Unsicherheiten und einer br\u00fcchigen Waffenruhe&hellip;\n","protected":false},"author":2,"featured_media":1127782,"comment_status":"","ping_status":"","sticky":false,"template":"","format":"standard","meta":{"footnotes":"","_share_on_mastodon":"0"},"categories":[1830],"tags":[3057,1634,23660,51,3364,29,132850,30,190230,119026,1441,14953,64],"class_list":["post-1127781","post","type-post","status-publish","format-standard","has-post-thumbnail","category-stuttgart","tag-amerika","tag-baden-wuerttemberg","tag-boeblingen","tag-cem-oezdemir","tag-de","tag-deutschland","tag-george-washington","tag-germany","tag-independence","tag-panzerkaserne","tag-stuttgart","tag-us-militaer","tag-usa"],"share_on_mastodon":{"url":"https:\/\/pubeurope.com\/@de\/116827149775457650","error":""},"_links":{"self":[{"href":"https:\/\/www.europesays.com\/de\/wp-json\/wp\/v2\/posts\/1127781","targetHints":{"allow":["GET"]}}],"collection":[{"href":"https:\/\/www.europesays.com\/de\/wp-json\/wp\/v2\/posts"}],"about":[{"href":"https:\/\/www.europesays.com\/de\/wp-json\/wp\/v2\/types\/post"}],"author":[{"embeddable":true,"href":"https:\/\/www.europesays.com\/de\/wp-json\/wp\/v2\/users\/2"}],"replies":[{"embeddable":true,"href":"https:\/\/www.europesays.com\/de\/wp-json\/wp\/v2\/comments?post=1127781"}],"version-history":[{"count":0,"href":"https:\/\/www.europesays.com\/de\/wp-json\/wp\/v2\/posts\/1127781\/revisions"}],"wp:featuredmedia":[{"embeddable":true,"href":"https:\/\/www.europesays.com\/de\/wp-json\/wp\/v2\/media\/1127782"}],"wp:attachment":[{"href":"https:\/\/www.europesays.com\/de\/wp-json\/wp\/v2\/media?parent=1127781"}],"wp:term":[{"taxonomy":"category","embeddable":true,"href":"https:\/\/www.europesays.com\/de\/wp-json\/wp\/v2\/categories?post=1127781"},{"taxonomy":"post_tag","embeddable":true,"href":"https:\/\/www.europesays.com\/de\/wp-json\/wp\/v2\/tags?post=1127781"}],"curies":[{"name":"wp","href":"https:\/\/api.w.org\/{rel}","templated":true}]}}