{"id":1127799,"date":"2026-06-28T10:07:14","date_gmt":"2026-06-28T10:07:14","guid":{"rendered":"https:\/\/www.europesays.com\/de\/1127799\/"},"modified":"2026-06-28T10:07:14","modified_gmt":"2026-06-28T10:07:14","slug":"hitze-hamburg-news-hamburg-knackt-juni-hitzerekord","status":"publish","type":"post","link":"https:\/\/www.europesays.com\/de\/1127799\/","title":{"rendered":"Hitze Hamburg News: Hamburg knackt Juni-Hitzerekord"},"content":{"rendered":"<p>Zu hei\u00df in Hamburg: Besondere Busfahrt f\u00e4llt aus<\/p>\n<p class=\"text-18 leading-17 user-text-lg:text-22 user-text-xl:text-24\">Wegen der angek\u00fcndigten Hitze hat der Busanbieter Verkehrsbetriebe Hamburg-Holstein (VHH) die f\u00fcr Samstag geplanten Fahrten mit einem Oldtimerbus abgesagt. Die Touren mit dem historischen &#8222;B\u00fcssing Pr\u00e4sident&#8220; sollen stattdessen am 8. August stattfinden, teilte das Unternehmen mit.<\/p>\n<p class=\"text-18 leading-17 user-text-lg:text-22 user-text-xl:text-24\">Mit den Oldtimer-Fahrten erinnern die VHH daran, dass vor 100 Jahren die ersten Omnibusse durch die Metropolregion Hamburg rollten. \u00dcber die Verschiebung hatte zun\u00e4chst das &#8222;Hamburger Abendblatt&#8220; berichtet.<\/p>\n<p class=\"text-18 leading-17 user-text-lg:text-22 user-text-xl:text-24\">Donnerstag, 25. Juni 2026<\/p>\n<p>Verantwortliche entscheiden: Parade kann so nicht stattfinden<\/p>\n<p class=\"text-18 leading-17 user-text-lg:text-22 user-text-xl:text-24\">Die Veranstalter der Harley-Davidson-Days in Hamburg haben entschieden, dass die Parade am Sonntag, 28. Juni, nicht stattfinden wird. Die Verantwortlichen begr\u00fcnden, dass Gesundheit und Sicherheit vorgingen, hei\u00dft es zur Entscheidung am Donnerstagabend auf ihrer Homepage. Urspr\u00fcnglich sollte die Parade auf dem Gro\u00dfmarkt starten.<\/p>\n<p>Vor Konzertwochenende: Stadtpark passt Regeln an<\/p>\n<p class=\"text-18 leading-17 user-text-lg:text-22 user-text-xl:text-24\">Wegen der angek\u00fcndigten Hitzewelle lockert das Stadtpark Open Air in Hamburg am kommenden Konzertwochenende vor\u00fcbergehend die Getr\u00e4nkeregeln. Besucher der Konzerte von Angus and Julia Stone sowie der beiden ausverkauften Veranstaltungen &#8222;Der Norden singt&#8220; d\u00fcrfen PET-Flaschen, Tetra-Paks und eigene Trinkflaschen mit Deckel bis zu einem Fassungsverm\u00f6gen von 0,5 Litern mit auf das Gel\u00e4nde bringen. Diese k\u00f6nnen an den Wasserh\u00e4hnen im Sanit\u00e4rbereich kostenlos wieder aufgef\u00fcllt werden.<\/p>\n<p class=\"text-18 leading-17 user-text-lg:text-22 user-text-xl:text-24\">Zus\u00e4tzlich wird das Sanit\u00e4tspersonal verst\u00e4rkt, au\u00dferdem soll vor der B\u00fchne Wasser ausgegeben werden. Veranstalter FKP Scorpio empfiehlt Konzertg\u00e4sten, mit Kopfbedeckung zu kommen, ausreichend zu trinken, Sonnencreme zu verwenden und regelm\u00e4\u00dfig schattige Bereiche aufzusuchen.<\/p>\n<p>Empfohlener externer Inhalt<img loading=\"lazy\" src=\"https:\/\/hamburg.t-online.de\/s\/paper\/_next\/static\/media\/facebook.62c97f9a.svg\" alt=\"Facebook\" title=\"Facebook\" class=\"block h-[calc(var(--height)_\/_16_*_1rem)] w-[calc(var(--width)_\/_16_*_1rem)] max-w-none undefined\" style=\"--height:24\" decoding=\"async\"\/>Facebook<\/p>\n<p class=\"text-14 leading-15\">Wir ben\u00f6tigen Ihre Einwilligung, um den von unserer Redaktion eingebundenen Facebook-Inhalt anzuzeigen. Sie k\u00f6nnen diesen (und damit auch alle weiteren Facebook-Inhalte auf t-online.de) mit einem Klick anzeigen lassen und auch wieder deaktivieren.<\/p>\n<p>Facebook-Inhalte immer anzeigen<\/p>\n<p>Ich bin damit einverstanden, dass mir externe Inhalte angezeigt werden. Damit k\u00f6nnen personenbezogene Daten an Drittplattformen \u00fcbermittelt werden. <a href=\"https:\/\/www.t-online.de\/datenschutz\/id_88397036\/index#17-externe-inhalte\" target=\"_blank\" class=\"transition-colors text-magenta\" rel=\"nofollow noopener\">Mehr dazu in unseren Datenschutzhinweisen<\/a>.<\/p>\n<p>Feuerwehr reagiert flexibel auf Hitze<\/p>\n<p class=\"text-18 leading-17 user-text-lg:text-22 user-text-xl:text-24\">F\u00fcr den Arbeitsalltag bei hohen Temperaturen trifft die Hamburger Feuerwehr kaum besondere Vorkehrungen. Das hat einen besonderen Grund: &#8222;Unsere Feuerwehrleute sind multifunktional ausgebildet und k\u00f6nnen sofort ihren geplanten Dienst verschieben und stattdessen zum Beispiel den Rettungsdienst verst\u00e4rken&#8220;, sagte ein Feuerwehrsprecher der Deutschen Presse-Agentur. So sei es absolut \u00fcblich, dass einer morgens als Feuerwehrmann seinen Dienst antrete und im Verlauf des Tages im Rettungsdienst eingesetzt werde. Das geschehe stets lageabh\u00e4ngig.<\/p>\n<p>Rauchentwicklung in U-Bahn<\/p>\n<p class=\"text-18 leading-17 user-text-lg:text-22 user-text-xl:text-24\">Der Verkehr auf der U-Bahn-Linie 1 ist am Donnerstagmorgen unterbrochen worden. Die Feuerwehr r\u00fcckte laut einem Reporter vor Ort gegen 8.30 Uhr zur Hallerstra\u00dfe aus. Grund daf\u00fcr war laut Angaben des &#8222;Hamburger Abendblatts&#8220; ein \u00fcberhitzter Schaltkasten in einem Zug. In der Folge kam es zu einer Rauchentwicklung. Zug und Bahnhof wurden evakuiert.<\/p>\n","protected":false},"excerpt":{"rendered":"Zu hei\u00df in Hamburg: Besondere Busfahrt f\u00e4llt aus Wegen der angek\u00fcndigten Hitze hat der Busanbieter Verkehrsbetriebe Hamburg-Holstein (VHH)&hellip;\n","protected":false},"author":2,"featured_media":1127800,"comment_status":"","ping_status":"","sticky":false,"template":"","format":"standard","meta":{"footnotes":"","_share_on_mastodon":"0"},"categories":[1826],"tags":[2724,89112,29,985,75106,30,692,177125,46690,32921,45286,60973,61775,18113,237687,237685,237686,3129,440],"class_list":["post-1127799","post","type-post","status-publish","format-standard","has-post-thumbnail","category-hamburg","tag-altona","tag-busfahrt","tag-deutschland","tag-feuerwehr","tag-fkp-scorpio","tag-germany","tag-hamburg","tag-hamburg-holstein","tag-hamburger-abendblatt","tag-harley-davidson","tag-hitzesommer","tag-hitzetag","tag-hitzewarnung","tag-hitzewelle","tag-julia-stone","tag-kloevensteen","tag-metropolregion-hamburg","tag-newsblog","tag-norddeutschland"],"share_on_mastodon":{"url":"https:\/\/pubeurope.com\/@de\/116827184812128885","error":""},"_links":{"self":[{"href":"https:\/\/www.europesays.com\/de\/wp-json\/wp\/v2\/posts\/1127799","targetHints":{"allow":["GET"]}}],"collection":[{"href":"https:\/\/www.europesays.com\/de\/wp-json\/wp\/v2\/posts"}],"about":[{"href":"https:\/\/www.europesays.com\/de\/wp-json\/wp\/v2\/types\/post"}],"author":[{"embeddable":true,"href":"https:\/\/www.europesays.com\/de\/wp-json\/wp\/v2\/users\/2"}],"replies":[{"embeddable":true,"href":"https:\/\/www.europesays.com\/de\/wp-json\/wp\/v2\/comments?post=1127799"}],"version-history":[{"count":0,"href":"https:\/\/www.europesays.com\/de\/wp-json\/wp\/v2\/posts\/1127799\/revisions"}],"wp:featuredmedia":[{"embeddable":true,"href":"https:\/\/www.europesays.com\/de\/wp-json\/wp\/v2\/media\/1127800"}],"wp:attachment":[{"href":"https:\/\/www.europesays.com\/de\/wp-json\/wp\/v2\/media?parent=1127799"}],"wp:term":[{"taxonomy":"category","embeddable":true,"href":"https:\/\/www.europesays.com\/de\/wp-json\/wp\/v2\/categories?post=1127799"},{"taxonomy":"post_tag","embeddable":true,"href":"https:\/\/www.europesays.com\/de\/wp-json\/wp\/v2\/tags?post=1127799"}],"curies":[{"name":"wp","href":"https:\/\/api.w.org\/{rel}","templated":true}]}}