{"id":1127914,"date":"2026-06-28T11:31:18","date_gmt":"2026-06-28T11:31:18","guid":{"rendered":"https:\/\/www.europesays.com\/de\/1127914\/"},"modified":"2026-06-28T11:31:18","modified_gmt":"2026-06-28T11:31:18","slug":"am-1-juli-boualem-sansal-liest-nach-seiner-freilassung-im-literaturhaus-leipzig-%c2%b7-leipziger-zeitung","status":"publish","type":"post","link":"https:\/\/www.europesays.com\/de\/1127914\/","title":{"rendered":"Am 1. Juli: Boualem Sansal liest nach seiner Freilassung im Literaturhaus Leipzig \u00b7 Leipziger Zeitung"},"content":{"rendered":"<p class=\"translation-notice\">This article is also available in English: <a href=\"https:\/\/www.l-iz.de\/en\/readings\/2026\/06\/on-1-july-boualem-sansal-will-be-giving-reading-literaturhaus-leipzig-following-release-662287\" rel=\"nofollow noopener\" target=\"_blank\">Read this article in English<\/a>.<\/p>\n<p>Unter dem Motto \u201eHier verbrennt man keine B\u00fccher. Man kann das besser: Man beerdigt Schriftsteller\u201c liest der mit dem Friedenspreis des deutschen Buchhandels ausgezeichnete algerisch-franz\u00f6sische Autor Boualem Sansal am Mittwoch, dem 1. Juli, um 19:30 Uhr im Garten des Literaturhauses Leipzig. Im Zentrum des Abends, der in Kooperation mit dem Deutschen Buch- und Schriftmuseum veranstaltet wird, steht eine Vorpremiere: Sansals gerade in Frankreich erschienener Roman \u201eDie Legende\u201c, in dem der Autor seinen Gef\u00e4ngnisaufenthalt in Algerien und die Zeit nach seiner Freilassung verarbeitet.<\/p>\n<p>Der Roman schildert seine Verhaftung, wie ihm nach Tagen des Verh\u00f6rs in f\u00fcnf Minuten der Prozess gemacht wurde, ohne Anwalt \u2013 und Sansal wegen angeblicher Gef\u00e4hrdung der nationalen Einheit, Spionage und Terrorismusvorw\u00fcrfen \u2013 und trotz seiner schweren Krankheit \u2013 zu f\u00fcnf Jahren Haft verurteilt wurde.<\/p>\n<p>Im Gespr\u00e4ch mit <a href=\"http:\/\/home.uni-leipzig.de\/detoro\/\" target=\"_blank\" rel=\"noopener nofollow\">Alfonso de Toro<\/a>, langj\u00e4hrigem Freund Sansals und Kenner seines Werks, gibt der 81-j\u00e4hrige Sansal Einblick in seine vermeintlichen \u201eVerbrechen\u201c. Er hatte getan, was Schriftsteller, was Intellektuelle tun m\u00fcssen: seine Meinung \u00e4u\u00dfern und \u00fcber ein Land und dessen Pr\u00e4sidenten, Abdelmadjid Tebboune, berichten, den die Insassen des Gef\u00e4ngnisses, in dem Sansal in Haft war, nur \u201eTeb den Verfluchten\u201c nannten.<\/p>\n<p>Sansal dagegen hie\u00df bei den Mitinsassen nur \u201eDie Legende\u201c, denn er ist f\u00fcr sie ein Quell der Hoffnung, gemeinsam schreiben sie Gedichte und spekulieren \u00fcber einen m\u00f6glichen Regimewechsel.<\/p>\n<p>Nach zahlreichen internationalen Bem\u00fchungen wurde der Autor im November 2025 endlich freigelassen. \u201eDie Legende\u201c hat Sansal im Anschluss innerhalb von 40 Tagen geschrieben. Es ist ein atemloser Bericht, ein w\u00fctendes Buch, dessen deutsche \u00dcbersetzung im Sommer im Merlin Verlag erscheinen wird. In Leipzig, wo man sich sehr fr\u00fch f\u00fcr die Freilassung Sansals eingesetzt und eine von hier ausgegangene Protestresolution weltweit mehr als 27.000 Unterschriften gefunden hatte, liest der Autor nun erstmals aus seinem Text.<\/p>\n<p>Karten gibt es an der Abendkasse oder unter: https:\/\/<a href=\"http:\/\/rausgegangen.de\/events\/boualem-sansal-friedensstifter-und-demokrat-0\/\" target=\"_blank\" rel=\"noopener nofollow\">rausgegangen.de\/events\/boualem-sansal-friedensstifter-und-demokrat-0\/<\/a><\/p>\n","protected":false},"excerpt":{"rendered":"This article is also available in English: Read this article in English. Unter dem Motto \u201eHier verbrennt man&hellip;\n","protected":false},"author":2,"featured_media":1127915,"comment_status":"","ping_status":"","sticky":false,"template":"","format":"standard","meta":{"footnotes":"","_share_on_mastodon":"0"},"categories":[1832],"tags":[3364,29,30,71,101,149753,859],"class_list":["post-1127914","post","type-post","status-publish","format-standard","has-post-thumbnail","category-leipzig","tag-de","tag-deutschland","tag-germany","tag-leipzig","tag-lesung","tag-literaturhaus-leipzig","tag-sachsen"],"share_on_mastodon":{"url":"https:\/\/pubeurope.com\/@de\/116827513662323016","error":""},"_links":{"self":[{"href":"https:\/\/www.europesays.com\/de\/wp-json\/wp\/v2\/posts\/1127914","targetHints":{"allow":["GET"]}}],"collection":[{"href":"https:\/\/www.europesays.com\/de\/wp-json\/wp\/v2\/posts"}],"about":[{"href":"https:\/\/www.europesays.com\/de\/wp-json\/wp\/v2\/types\/post"}],"author":[{"embeddable":true,"href":"https:\/\/www.europesays.com\/de\/wp-json\/wp\/v2\/users\/2"}],"replies":[{"embeddable":true,"href":"https:\/\/www.europesays.com\/de\/wp-json\/wp\/v2\/comments?post=1127914"}],"version-history":[{"count":0,"href":"https:\/\/www.europesays.com\/de\/wp-json\/wp\/v2\/posts\/1127914\/revisions"}],"wp:featuredmedia":[{"embeddable":true,"href":"https:\/\/www.europesays.com\/de\/wp-json\/wp\/v2\/media\/1127915"}],"wp:attachment":[{"href":"https:\/\/www.europesays.com\/de\/wp-json\/wp\/v2\/media?parent=1127914"}],"wp:term":[{"taxonomy":"category","embeddable":true,"href":"https:\/\/www.europesays.com\/de\/wp-json\/wp\/v2\/categories?post=1127914"},{"taxonomy":"post_tag","embeddable":true,"href":"https:\/\/www.europesays.com\/de\/wp-json\/wp\/v2\/tags?post=1127914"}],"curies":[{"name":"wp","href":"https:\/\/api.w.org\/{rel}","templated":true}]}}