{"id":1127924,"date":"2026-06-28T11:36:22","date_gmt":"2026-06-28T11:36:22","guid":{"rendered":"https:\/\/www.europesays.com\/de\/1127924\/"},"modified":"2026-06-28T11:36:22","modified_gmt":"2026-06-28T11:36:22","slug":"neckarpark-in-stuttgart-teenager-ueberfallen-50-jaehrigen-in-bahnunterfuehrung-zeugen-gesucht","status":"publish","type":"post","link":"https:\/\/www.europesays.com\/de\/1127924\/","title":{"rendered":"Neckarpark in Stuttgart: Teenager \u00fcberfallen 50-J\u00e4hrigen in Bahnunterf\u00fchrung &#8211; Zeugen gesucht"},"content":{"rendered":"<p>\t\t\t\t\t\t\t\t\t\t\t\t\t\t\t\t\t\t\t\t\t\t\t\t\t\t\t\t      \t\t            \t\t             \t\t\t\t   \t\t\t\t\t   <img decoding=\"async\" id=\"article-image\" fetchpriority=\"high\" alt=\"Neckarpark in Stuttgart: Teenager \u00fcberfallen 50-J\u00e4hrigen in Bahnunterf\u00fchrung - Zeugen gesucht\" title=\"Neckarpark in Stuttgart: Teenager \u00fcberfallen 50-J\u00e4hrigen in Bahnunterf\u00fchrung - Zeugen gesucht\" src=\"https:\/\/www.europesays.com\/de\/wp-content\/uploads\/2026\/06\/media.media.8e566ece-3c96-4613-9cca-cdd682f89861.16x9_700.jpg\" data-linkto=\"https:\/\/www.stuttgarter-nachrichten.de\/javascript:void(0);\"\/>\t\t\t\t\t\t\t\t\t\t\t\t\t\t\t\t\t\t\t\t\t\t\t\tEiner der Angreifer soll ein Pfefferspray benutzt haben (Symbolbild).\u00a0Foto: dpa\t\t\t<\/p>\n<p>Ein Trio \u00fcberf\u00e4llt am helllichten Tag einen Mann in Bad Cannstatt. Die Kripo hat Ermittlungen aufgenommen und sucht Zeugen.<\/p>\n<p> Ein 50-j\u00e4hriger Mann ist am Samstagnachmittag in <a href=\"https:\/\/www.stuttgarter-nachrichten.de\/thema\/Stuttgart-Bad_Cannstatt\" title=\"Bad Cannstatt\" class=\"art_thema\" rel=\"nofollow noopener\" target=\"_blank\">Bad Cannstatt<\/a> von drei Jugendlichen \u00fcberfallen worden. Wie die <a href=\"https:\/\/www.stuttgarter-nachrichten.de\/thema\/Polizei\" title=\"Polizei\" class=\"art_thema\" rel=\"nofollow noopener\" target=\"_blank\">Polizei<\/a> berichtet, lief das Trio gegen 16.15 Uhr in einer Unterf\u00fchrung am <a href=\"https:\/\/www.stuttgarter-nachrichten.de\/thema\/Neckarpark\" title=\"Neckarpark\" class=\"art_thema\" rel=\"nofollow noopener\" target=\"_blank\">Neckarpark<\/a> auf den Mann zu. Einer der Jugendlichen soll ihm unvermittelt Pfefferspray ins Gesicht gespr\u00fcht und Bargeld gefordert haben.<\/p>\n<p>Der Mann weigerte sich. Die Teenager lie\u00dfen daraufhin von ihm ab und fl\u00fcchteten. Die gereizten Augen sp\u00fclte der Mann in einem Privathaus in der Morlockstra\u00dfe mit Wasser ab. Medizinische Hilfe habe er nicht ben\u00f6tigt.<\/p>\n<p>Die Polizei sucht nun Zeugen zu dem Vorfall, der sich in der Bahnunterf\u00fchrung zwischen der Deckerstra\u00dfe und der Morlockstra\u00dfe zutrug. Die drei Jugendlichen waren zwischen 15 und 20 Jahre alt und zwischen 1,85 und 1,95 Meter gro\u00df. Zwei der mutma\u00dflichen T\u00e4ter hatten nach Angaben des Gesch\u00e4digten eine dunkle Hautfarbe. Zeugen werden gebeten, sich bei der Kriminalpolizei unter der Rufnummer 0711\/89905778 zu melden.<\/p>\n","protected":false},"excerpt":{"rendered":"Einer der Angreifer soll ein Pfefferspray benutzt haben (Symbolbild).\u00a0Foto: dpa Ein Trio \u00fcberf\u00e4llt am helllichten Tag einen Mann&hellip;\n","protected":false},"author":2,"featured_media":1127925,"comment_status":"","ping_status":"","sticky":false,"template":"","format":"standard","meta":{"footnotes":"","_share_on_mastodon":"0"},"categories":[1830],"tags":[1634,3364,29,30,224750,90897,121,8248,1441,5251],"class_list":["post-1127924","post","type-post","status-publish","format-standard","has-post-thumbnail","category-stuttgart","tag-baden-wuerttemberg","tag-de","tag-deutschland","tag-germany","tag-michael-bosch","tag-neckarpark","tag-polizei","tag-polizeibericht-stuttgart","tag-stuttgart","tag-stuttgart-bad-cannstatt"],"share_on_mastodon":{"url":"https:\/\/pubeurope.com\/@de\/116827533411729653","error":""},"_links":{"self":[{"href":"https:\/\/www.europesays.com\/de\/wp-json\/wp\/v2\/posts\/1127924","targetHints":{"allow":["GET"]}}],"collection":[{"href":"https:\/\/www.europesays.com\/de\/wp-json\/wp\/v2\/posts"}],"about":[{"href":"https:\/\/www.europesays.com\/de\/wp-json\/wp\/v2\/types\/post"}],"author":[{"embeddable":true,"href":"https:\/\/www.europesays.com\/de\/wp-json\/wp\/v2\/users\/2"}],"replies":[{"embeddable":true,"href":"https:\/\/www.europesays.com\/de\/wp-json\/wp\/v2\/comments?post=1127924"}],"version-history":[{"count":0,"href":"https:\/\/www.europesays.com\/de\/wp-json\/wp\/v2\/posts\/1127924\/revisions"}],"wp:featuredmedia":[{"embeddable":true,"href":"https:\/\/www.europesays.com\/de\/wp-json\/wp\/v2\/media\/1127925"}],"wp:attachment":[{"href":"https:\/\/www.europesays.com\/de\/wp-json\/wp\/v2\/media?parent=1127924"}],"wp:term":[{"taxonomy":"category","embeddable":true,"href":"https:\/\/www.europesays.com\/de\/wp-json\/wp\/v2\/categories?post=1127924"},{"taxonomy":"post_tag","embeddable":true,"href":"https:\/\/www.europesays.com\/de\/wp-json\/wp\/v2\/tags?post=1127924"}],"curies":[{"name":"wp","href":"https:\/\/api.w.org\/{rel}","templated":true}]}}