{"id":1128014,"date":"2026-06-28T12:27:15","date_gmt":"2026-06-28T12:27:15","guid":{"rendered":"https:\/\/www.europesays.com\/de\/1128014\/"},"modified":"2026-06-28T12:27:15","modified_gmt":"2026-06-28T12:27:15","slug":"apple-blockt-russische-messenger-russland-raet-buergern-zu-android","status":"publish","type":"post","link":"https:\/\/www.europesays.com\/de\/1128014\/","title":{"rendered":"Apple blockt russische Messenger \u2013 Russland r\u00e4t B\u00fcrgern zu Android"},"content":{"rendered":"<p>Weil Apple jetzt wichtige russische Social-Media-Apps und Messenger in iOS blockiert, empfiehlt Russlands Regierung, auf Android umzusteigen. Seit Kurzem sind unter anderem die russische Social-Media-App VKontakte (VK) und Russlands staatlicher Messenger Max nicht mehr im App Store verf\u00fcgbar.<\/p>\n<p>        Weiterlesen nach der Anzeige<\/p>\n<p>Wie das gleichnamige Unternehmen hinter VK mitteilt, sind VKontakte und andere Apps des Unternehmens seit dieser Woche nicht mehr im App Store verf\u00fcgbar, <a href=\"https:\/\/www.themoscowtimes.com\/2026\/06\/25\/vk-accuses-apple-of-removing-apps-from-app-store-a93094\" rel=\"external noopener nofollow\" target=\"_blank\">berichtet die Moscow Times<\/a>. Apple schneide damit Millionen von Nutzern von dem beliebten Dienst ab, kritisiert VK. Wer die Apps schon auf seinen Apple-Ger\u00e4ten installiert hat, k\u00f6nne diese zwar weiter nutzen, erhalte aber keine Push-Nachrichten mehr. Gr\u00fcnde f\u00fcr den Schritt nennt Apple nicht. VK-Chef Vladimir Kiriyenko ist der Sohn des Kreml-Beraters Sergei Kiriyenko. Gegen zweiteren haben sowohl die EU, Gro\u00dfbritannien als auch die USA Sanktionen verh\u00e4ngt. Wom\u00f6glich r\u00fchrten daher Apples j\u00fcngste Blocking-Bem\u00fchungen.<\/p>\n<p>Max-Blockade: Apple verweist auf Sanktionen<\/p>\n<p>Mit dieser Begr\u00fcndung ging Apple Anfang Juni bereits genau so gegen Russlands staatlichen Messenger Max vor, der ebenfalls zu VK geh\u00f6rt. <a href=\"https:\/\/t.me\/bbcrussian\/95729\" rel=\"external noopener nofollow\" target=\"_blank\">Gegen\u00fcber der BBC<\/a> verwies Apple hier auf die Einhaltung von Sanktionen, die damit gew\u00e4hrleistet werden soll. Um welche Sanktionen es genau geht, sagte Apple nicht. Max ist die von der russischen Regierung forcierte Alternative zu WhatsApp, das von Max abgel\u00f6st werden soll. Der staatliche Messenger <a href=\"https:\/\/www.heise.de\/news\/Russland-WhatsApp-Alternative-muss-bald-auf-Mobilgeraeten-vorinstalliert-sein-10567432.html\" rel=\"nofollow noopener\" target=\"_blank\">muss mittlerweile auf allen in Russland verkauften Smartphones vorinstalliert sein<\/a>, derweil <a href=\"https:\/\/www.heise.de\/news\/Russland-erhoeht-Druck-auf-Telegram-Weitere-Einschraenkungen-und-Strafen-drohen-11172246.html\" rel=\"nofollow noopener\" target=\"_blank\">ist der Zugriff auf WhatsApp und Telegram massiv eingeschr\u00e4nkt<\/a>. In Russland bef\u00fcrchten viele, \u00fcber Max ausgesp\u00e4ht zu werden. Immer wieder kommen in Max auch versteckte Funktionen zur weitreichenden \u00dcberwachung ans Licht.<\/p>\n<p><a href=\"https:\/\/t.me\/youlistenedmayak\/42988\" rel=\"external noopener nofollow\" target=\"_blank\">\u00dcber Telegram<\/a> \u00e4u\u00dferte sich auch Kreml-Sprecher Dmitry Peskov zum Apple-Aus f\u00fcr Max und VK-Apps. Die Regierung wolle nun mit Apple Kontakt aufnehmen, um die Hintergr\u00fcnde zu kl\u00e4ren. Apples Entscheidung, die betroffenen Apps zu blockieren, bezeichnete Peskov als \u201eseltsam\u201c. Nach dem Austausch mit Apple wolle die Regierung entscheiden, ob sie mit Apple \u201eweiter zusammenarbeiten wolle\u201c. Sein Rat an die Nutzer indes: \u201eWechseln sie zu Android\u201c.<\/p>\n<p>(<a class=\"redakteurskuerzel__link\" href=\"https:\/\/www.heise.de\/news\/mailto:nen@heise.de\" title=\"Niklas Engelking\" rel=\"nofollow noopener\" target=\"_blank\">nen<\/a>)<\/p>\n<p>\n      Dieser Link ist leider nicht mehr g\u00fcltig.\n    <\/p>\n<p>Links zu verschenkten Artikeln werden ung\u00fcltig,<br \/>\n      wenn diese \u00e4lter als 7\u00a0Tage sind oder zu oft aufgerufen wurden.\n    <\/p>\n<p><strong>Sie ben\u00f6tigen ein heise+ Paket, um diesen Artikel zu lesen. Jetzt eine Woche unverbindlich testen \u2013 ohne Verpflichtung!<\/strong><\/p>\n","protected":false},"excerpt":{"rendered":"Weil Apple jetzt wichtige russische Social-Media-Apps und Messenger in iOS blockiert, empfiehlt Russlands Regierung, auf Android umzusteigen. Seit&hellip;\n","protected":false},"author":2,"featured_media":1128015,"comment_status":"","ping_status":"","sticky":false,"template":"","format":"standard","meta":{"footnotes":"","_share_on_mastodon":"0"},"categories":[4013],"tags":[331,332,5356,27706,231,13,1274,1273,14,11756,15,4043,4044,850,307,1155,12,154],"class_list":["post-1128014","post","type-post","status-publish","format-standard","has-post-thumbnail","category-russland","tag-aktuelle-nachrichten","tag-aktuelle-news","tag-android","tag-app-store","tag-apple","tag-headlines","tag-ios","tag-mobiles","tag-nachrichten","tag-netzpolitik","tag-news","tag-russia","tag-russian-federation","tag-russische-foederation","tag-russland","tag-sanktionen","tag-schlagzeilen","tag-social-media"],"share_on_mastodon":{"url":"https:\/\/pubeurope.com\/@de\/116827734202267554","error":""},"_links":{"self":[{"href":"https:\/\/www.europesays.com\/de\/wp-json\/wp\/v2\/posts\/1128014","targetHints":{"allow":["GET"]}}],"collection":[{"href":"https:\/\/www.europesays.com\/de\/wp-json\/wp\/v2\/posts"}],"about":[{"href":"https:\/\/www.europesays.com\/de\/wp-json\/wp\/v2\/types\/post"}],"author":[{"embeddable":true,"href":"https:\/\/www.europesays.com\/de\/wp-json\/wp\/v2\/users\/2"}],"replies":[{"embeddable":true,"href":"https:\/\/www.europesays.com\/de\/wp-json\/wp\/v2\/comments?post=1128014"}],"version-history":[{"count":0,"href":"https:\/\/www.europesays.com\/de\/wp-json\/wp\/v2\/posts\/1128014\/revisions"}],"wp:featuredmedia":[{"embeddable":true,"href":"https:\/\/www.europesays.com\/de\/wp-json\/wp\/v2\/media\/1128015"}],"wp:attachment":[{"href":"https:\/\/www.europesays.com\/de\/wp-json\/wp\/v2\/media?parent=1128014"}],"wp:term":[{"taxonomy":"category","embeddable":true,"href":"https:\/\/www.europesays.com\/de\/wp-json\/wp\/v2\/categories?post=1128014"},{"taxonomy":"post_tag","embeddable":true,"href":"https:\/\/www.europesays.com\/de\/wp-json\/wp\/v2\/tags?post=1128014"}],"curies":[{"name":"wp","href":"https:\/\/api.w.org\/{rel}","templated":true}]}}