{"id":1128039,"date":"2026-06-28T12:40:13","date_gmt":"2026-06-28T12:40:13","guid":{"rendered":"https:\/\/www.europesays.com\/de\/1128039\/"},"modified":"2026-06-28T12:40:13","modified_gmt":"2026-06-28T12:40:13","slug":"hitze-in-duisburg-rettungsdienst-meldet-hohe-zahl-an-todesfaellen","status":"publish","type":"post","link":"https:\/\/www.europesays.com\/de\/1128039\/","title":{"rendered":"Hitze in Duisburg: Rettungsdienst meldet hohe Zahl an Todesf\u00e4llen"},"content":{"rendered":"<p class=\"text_ohne_einzug richtext text-em-55 !leading-serif mx-6 desktop:mx-0\">Der Rettungsdienst der Duisburger Feuerwehr ist an diesem Wochenende im Dauereinsatz. Etwa 100 Eins\u00e4tze mehr als \u00fcblich verzeichneten die Retter durch die <a href=\"https:\/\/rp-online.de\/thema\/hitze\/\" rel=\"nofollow noopener\" target=\"_blank\">Hitze<\/a>. Das sagte ein Sprecher des Lagedienstes der Feuerwehr unserer Redaktion am Sonntag auf Nachfrage. <\/p>\n<p class=\"richtext text-em-55 !leading-serif mx-6 desktop:mx-0\">Auff\u00e4llig ist f\u00fcr die Retter dabei das hohe Aufkommen an Eins\u00e4tzen, bei denen die Retter den Duisburgern am Ende nicht mehr helfen konnten. \u201eEs gibt an diesem Wochenende statistisch gesehen deutlich mehr Todesf\u00e4lle als an normalen Wochenenden\u201c, sagte der Sprecher. \u00dcber die Gr\u00fcnde k\u00f6nne man nur spekulieren. Es komme vermehrt zu Herz-Kreislauf-Problemen, Schwindel und Dehydrierung. Viele \u00e4ltere Menschen n\u00e4hmen nicht ausreichend Fl\u00fcssigkeit zu sich.<\/p>\n<p>Feuerwehr wird \u00fcber Todesursachen nicht informiert      <\/p>\n<p class=\"richtext text-em-55 !leading-serif mx-6 desktop:mx-0\">Dass die zus\u00e4tzlichen Todesf\u00e4lle am Ende alle durch die Hitze zusammenk\u00e4men, k\u00f6nne man allerdings nicht definitiv sagen, weil die Feuerwehr \u00fcber die final festgestellten Todesursachen nicht informiert werde. Ein Zusammenhang sei aber naheliegend.<\/p>\n<p class=\"richtext text-em-55 !leading-serif mx-6 desktop:mx-0\">Entlastung war f\u00fcr die Retter zumindest bis Sonntagmittag bei Temperaturen bis 35 Grad nicht in Sicht. Die Duisburger H\u00f6chstwerte am Wochenende waren am fr\u00fchen Freitagabend gemessen worden: 39,3 Grad meldete da der Deutsche Wetterdienst f\u00fcr die Station im linksrheinischen Stadtteil Baerl.<\/p>\n","protected":false},"excerpt":{"rendered":"Der Rettungsdienst der Duisburger Feuerwehr ist an diesem Wochenende im Dauereinsatz. Etwa 100 Eins\u00e4tze mehr als \u00fcblich verzeichneten&hellip;\n","protected":false},"author":2,"featured_media":1128040,"comment_status":"","ping_status":"","sticky":false,"template":"","format":"standard","meta":{"footnotes":"","_share_on_mastodon":"0"},"categories":[1838],"tags":[3364,29,3715,7465,985,30,11607,62388,44851,1209,41572,22340,3906,1719,4749,11288],"class_list":["post-1128039","post","type-post","status-publish","format-standard","has-post-thumbnail","category-duisburg","tag-de","tag-deutschland","tag-duisburg","tag-duisburger","tag-feuerwehr","tag-germany","tag-hitze","tag-hitzewochenende","tag-meldet","tag-nordrhein-westfalen","tag-normalen","tag-retter","tag-rettungsdienst","tag-todesfaelle","tag-wochenende","tag-wochenenden"],"share_on_mastodon":{"url":"https:\/\/pubeurope.com\/@de\/116827784937795242","error":""},"_links":{"self":[{"href":"https:\/\/www.europesays.com\/de\/wp-json\/wp\/v2\/posts\/1128039","targetHints":{"allow":["GET"]}}],"collection":[{"href":"https:\/\/www.europesays.com\/de\/wp-json\/wp\/v2\/posts"}],"about":[{"href":"https:\/\/www.europesays.com\/de\/wp-json\/wp\/v2\/types\/post"}],"author":[{"embeddable":true,"href":"https:\/\/www.europesays.com\/de\/wp-json\/wp\/v2\/users\/2"}],"replies":[{"embeddable":true,"href":"https:\/\/www.europesays.com\/de\/wp-json\/wp\/v2\/comments?post=1128039"}],"version-history":[{"count":0,"href":"https:\/\/www.europesays.com\/de\/wp-json\/wp\/v2\/posts\/1128039\/revisions"}],"wp:featuredmedia":[{"embeddable":true,"href":"https:\/\/www.europesays.com\/de\/wp-json\/wp\/v2\/media\/1128040"}],"wp:attachment":[{"href":"https:\/\/www.europesays.com\/de\/wp-json\/wp\/v2\/media?parent=1128039"}],"wp:term":[{"taxonomy":"category","embeddable":true,"href":"https:\/\/www.europesays.com\/de\/wp-json\/wp\/v2\/categories?post=1128039"},{"taxonomy":"post_tag","embeddable":true,"href":"https:\/\/www.europesays.com\/de\/wp-json\/wp\/v2\/tags?post=1128039"}],"curies":[{"name":"wp","href":"https:\/\/api.w.org\/{rel}","templated":true}]}}