{"id":1128054,"date":"2026-06-28T12:48:25","date_gmt":"2026-06-28T12:48:25","guid":{"rendered":"https:\/\/www.europesays.com\/de\/1128054\/"},"modified":"2026-06-28T12:48:25","modified_gmt":"2026-06-28T12:48:25","slug":"bremen-22-jaehriger-nichtschwimmer-beim-baden-ertrunken","status":"publish","type":"post","link":"https:\/\/www.europesays.com\/de\/1128054\/","title":{"rendered":"Bremen: 22-j\u00e4hriger Nichtschwimmer beim Baden ertrunken"},"content":{"rendered":"<p>\n                Stand: 28.06.2026 14:03 Uhr<\/p>\n<p>                    <a href=\"https:\/\/www.europesays.com\/de\/wp-content\/uploads\/2026\/06\/wetterbild-4770.webp\" class=\"zoomimage\" title=\"Bild vergr\u00f6\u00dfern\"><\/p>\n<p>        <img decoding=\"async\" src=\"https:\/\/www.europesays.com\/de\/wp-content\/uploads\/2026\/06\/wetterbild-4770.webp\" alt=\"Blick auf einen von B\u00e4umen umgebenen See bei Sonnenschein.\" title=\"Die Zahl der Badeunf\u00e4lle steigt nach Angaben der DLRG bei gutem Sommerwetter sprunghaft an. (Themenbild) | NDR, Katrin Geppert\" class=\"responsive\" loading=\"lazy\"\/><\/p>\n<p>                    <\/a><\/p>\n<p>                    Die Zahl der Badeunf\u00e4lle steigt nach Angaben der DLRG bei gutem Sommerwetter sprunghaft an. (Themenbild)<\/p>\n<p class=\"\">Der junge Mann war den Angaben der Polizei zufolge am Samstagnachmittag mit Freunden am Sodenmattsee im Bremer Stadtteil Huchting. Als der Nichtschwimmer in einen Bereich des Sees geriet, in dem er nicht mehr stehen konnte, soll ein Freund noch versucht haben, ihm zu helfen. Er geriet dabei selbst in Lebensgefahr und wurde von zwei Badeg\u00e4sten gerettet. Der 22-J\u00e4hrige wurde von Feuerwehrtauchern aus dem Wasser geborgen, Reanimationsversuche blieben jedoch erfolglos. Der Mann starb noch vor Ort.<\/p>\n<p>        <img decoding=\"async\" src=\"https:\/\/www.europesays.com\/de\/wp-content\/uploads\/2026\/06\/rettungswagen318.webp\" alt=\"Die Aufschrift Notfallrettung und Krankentransport ist auf der Seite eines Fahrzeugs zu lesen.\" title=\"Die Aufschrift Notfallrettung und Krankentransport ist auf der Seite eines Fahrzeugs zu lesen. | NDR, Julius Matuschik\" class=\"responsive\" loading=\"lazy\"\/><\/p>\n<p>Trotz sofortiger Reanimationsma\u00dfnahmen kam f\u00fcr die Frau jede Hilfe zu sp\u00e4t: Sie verstarb noch vor Ort.<\/p>\n<p>        <img decoding=\"async\" src=\"https:\/\/www.europesays.com\/de\/wp-content\/uploads\/2026\/06\/marienhafe-100.webp\" alt=\"Rettungskr\u00e4fte durchsuchen einen Badesee in Marienhafe.\" title=\"Rettungskr\u00e4fte durchsuchen einen Badesee in Marienhafe. | NonstopNews\" class=\"responsive\" loading=\"lazy\"\/><\/p>\n<p>Das M\u00e4dchen war an Pfingstsonntag in einem Kiessee ertrunken. Die zust\u00e4ndige Gemeinde pr\u00fcft ein Badeverbot.<\/p>\n<p>Dieses Thema im Programm:<\/p>\n<p>                NDR 1 Niedersachsen | Aktuell | 28.06.2026 | 12:00 Uhr<\/p>\n","protected":false},"excerpt":{"rendered":"Stand: 28.06.2026 14:03 Uhr Die Zahl der Badeunf\u00e4lle steigt nach Angaben der DLRG bei gutem Sommerwetter sprunghaft an.&hellip;\n","protected":false},"author":2,"featured_media":1128055,"comment_status":"","ping_status":"","sticky":false,"template":"","format":"standard","meta":{"footnotes":"","_share_on_mastodon":"0"},"categories":[1824],"tags":[130935,590,53948,2420,3364,29,985,30,106588,14,15,12564,1411,237715,48344,1284],"class_list":["post-1128054","post","type-post","status-publish","format-standard","has-post-thumbnail","category-bremen","tag-22-jaehriger","tag-aktuell","tag-badesee","tag-bremen","tag-de","tag-deutschland","tag-feuerwehr","tag-germany","tag-huchting","tag-nachrichten","tag-news","tag-nichtschwimmer","tag-niedersachsen","tag-sodenmattsee","tag-taucher","tag-unfall"],"share_on_mastodon":{"url":"https:\/\/pubeurope.com\/@de\/116827816729119327","error":""},"_links":{"self":[{"href":"https:\/\/www.europesays.com\/de\/wp-json\/wp\/v2\/posts\/1128054","targetHints":{"allow":["GET"]}}],"collection":[{"href":"https:\/\/www.europesays.com\/de\/wp-json\/wp\/v2\/posts"}],"about":[{"href":"https:\/\/www.europesays.com\/de\/wp-json\/wp\/v2\/types\/post"}],"author":[{"embeddable":true,"href":"https:\/\/www.europesays.com\/de\/wp-json\/wp\/v2\/users\/2"}],"replies":[{"embeddable":true,"href":"https:\/\/www.europesays.com\/de\/wp-json\/wp\/v2\/comments?post=1128054"}],"version-history":[{"count":0,"href":"https:\/\/www.europesays.com\/de\/wp-json\/wp\/v2\/posts\/1128054\/revisions"}],"wp:featuredmedia":[{"embeddable":true,"href":"https:\/\/www.europesays.com\/de\/wp-json\/wp\/v2\/media\/1128055"}],"wp:attachment":[{"href":"https:\/\/www.europesays.com\/de\/wp-json\/wp\/v2\/media?parent=1128054"}],"wp:term":[{"taxonomy":"category","embeddable":true,"href":"https:\/\/www.europesays.com\/de\/wp-json\/wp\/v2\/categories?post=1128054"},{"taxonomy":"post_tag","embeddable":true,"href":"https:\/\/www.europesays.com\/de\/wp-json\/wp\/v2\/tags?post=1128054"}],"curies":[{"name":"wp","href":"https:\/\/api.w.org\/{rel}","templated":true}]}}