{"id":1128142,"date":"2026-06-28T13:37:16","date_gmt":"2026-06-28T13:37:16","guid":{"rendered":"https:\/\/www.europesays.com\/de\/1128142\/"},"modified":"2026-06-28T13:37:16","modified_gmt":"2026-06-28T13:37:16","slug":"die-drei-sind-nicht-tot-zu-kriegen-die-podcast-show-haschimitenfuerst-im-rosengarten-mannheim","status":"publish","type":"post","link":"https:\/\/www.europesays.com\/de\/1128142\/","title":{"rendered":"\u201eDie drei ???\u201c sind nicht tot zu kriegen: Die Podcast-Show \u201eHaschimitenf\u00fcrst\u201c im Rosengarten &#8211; Mannheim"},"content":{"rendered":"<p class=\"rhp-dpa-teaser\"><b>Andreas Fr\u00f6hlich und Kai Schwind gew\u00e4hren einen Blick hinter die Kulissen der beliebten H\u00f6rspielreihe.<\/b><\/p>\n<p>Fast 30 Jahre zur\u00fcck reisten Andreas Fr\u00f6hlich und Kai Schwind am Freitag mit den Fans der \u201eDrei ???\u201c, denn f\u00fcr ihre Show  \u201eHaschimitenf\u00fcrst \u2013 Der Bobcast\u201c hatten sie sich die H\u00f6rspielfolge 73 ausgesucht. Beim Tourabschluss im Musensaal des Mannheimer <a class=\"rtr-entity\" data-rtr-entity=\"Rosengarten\" data-rtr-id=\"9da0160a9c822926b91333611ffad010fb0ea229\" data-rtr-score=\"28.63146551724138\" data-rtr-etype=\"location\" data-rtr-index=\"14\" href=\"https:\/\/www.rheinpfalz.de\/themen\/rosengarten\" rel=\"nofollow noopener\" target=\"_blank\">Rosengartens<\/a> ging es mit einem \u00dcberraschungsgast dem \u201ePoltergeist\u201c auf die Spur.  <\/p>\n<p>\u201eWir + Ihr = Rocky Beach\u201c steht auf der<\/p>\n<p class=\"rhp-teaser\"><b>Andreas Fr\u00f6hlich und Kai Schwind gew\u00e4hren einen Blick hinter die Kulissen der beliebten H\u00f6rspielreihe.<\/b><\/p>\n","protected":false},"excerpt":{"rendered":"Andreas Fr\u00f6hlich und Kai Schwind gew\u00e4hren einen Blick hinter die Kulissen der beliebten H\u00f6rspielreihe. Fast 30 Jahre zur\u00fcck&hellip;\n","protected":false},"author":2,"featured_media":1128143,"comment_status":"","ping_status":"","sticky":false,"template":"","format":"standard","meta":{"footnotes":"","_share_on_mastodon":"0"},"categories":[1845],"tags":[137372,237721,1634,237723,3364,29,548,663,3934,237727,30,237720,13,237726,237722,4060,474,2096,14,15,237728,237725,237724,7091,12],"class_list":["post-1128142","post","type-post","status-publish","format-standard","has-post-thumbnail","category-mannheim","tag-andre-marx","tag-andreas-froehlich","tag-baden-wuerttemberg","tag-bob-andrews","tag-de","tag-deutschland","tag-eu","tag-europa","tag-europe","tag-gerda-gmelin","tag-germany","tag-haschimitenfuerst","tag-headlines","tag-heikedine-koerting","tag-kai-schwind","tag-lokal","tag-mallorca","tag-mannheim","tag-nachrichten","tag-news","tag-peter-shaw","tag-ralf-podszus","tag-rocky-beach","tag-rosengarten","tag-schlagzeilen"],"share_on_mastodon":{"url":"https:\/\/pubeurope.com\/@de\/116828009054116890","error":""},"_links":{"self":[{"href":"https:\/\/www.europesays.com\/de\/wp-json\/wp\/v2\/posts\/1128142","targetHints":{"allow":["GET"]}}],"collection":[{"href":"https:\/\/www.europesays.com\/de\/wp-json\/wp\/v2\/posts"}],"about":[{"href":"https:\/\/www.europesays.com\/de\/wp-json\/wp\/v2\/types\/post"}],"author":[{"embeddable":true,"href":"https:\/\/www.europesays.com\/de\/wp-json\/wp\/v2\/users\/2"}],"replies":[{"embeddable":true,"href":"https:\/\/www.europesays.com\/de\/wp-json\/wp\/v2\/comments?post=1128142"}],"version-history":[{"count":0,"href":"https:\/\/www.europesays.com\/de\/wp-json\/wp\/v2\/posts\/1128142\/revisions"}],"wp:featuredmedia":[{"embeddable":true,"href":"https:\/\/www.europesays.com\/de\/wp-json\/wp\/v2\/media\/1128143"}],"wp:attachment":[{"href":"https:\/\/www.europesays.com\/de\/wp-json\/wp\/v2\/media?parent=1128142"}],"wp:term":[{"taxonomy":"category","embeddable":true,"href":"https:\/\/www.europesays.com\/de\/wp-json\/wp\/v2\/categories?post=1128142"},{"taxonomy":"post_tag","embeddable":true,"href":"https:\/\/www.europesays.com\/de\/wp-json\/wp\/v2\/tags?post=1128142"}],"curies":[{"name":"wp","href":"https:\/\/api.w.org\/{rel}","templated":true}]}}