{"id":1128155,"date":"2026-06-28T13:44:15","date_gmt":"2026-06-28T13:44:15","guid":{"rendered":"https:\/\/www.europesays.com\/de\/1128155\/"},"modified":"2026-06-28T13:44:15","modified_gmt":"2026-06-28T13:44:15","slug":"wuelfrath-besucherandrang-bei-karibischen-abend-blieb-aus","status":"publish","type":"post","link":"https:\/\/www.europesays.com\/de\/1128155\/","title":{"rendered":"W\u00fclfrath: Besucherandrang bei Karibischen Abend blieb aus"},"content":{"rendered":"<p class=\"text_ohne_einzug richtext text-em-55 !leading-serif mx-6 desktop:mx-0\"> F\u00fcr ein bisschen Gaudi braucht es oft nicht viel. Manchmal gen\u00fcgt dabei sogar ein Gartenschlauch, der an der richtigen Stelle befestigt ist: So wurde ein kleiner Pavillon in der hei\u00dfen Fu\u00dfg\u00e4ngerzone am Freitagabend zur kleinen Oase \u2013 und zur Attraktion f\u00fcr Gro\u00df und Klein. Die <a href=\"https:\/\/rp-online.de\/thema\/dusche\/\" rel=\"nofollow noopener\" target=\"_blank\">Dusche<\/a> aus den feinen Spr\u00fchd\u00fcsen sorgte jedenfalls f\u00fcr die willkommene Erfrischung. Nun passt zu einem stilechten karibischen Abend zweifellos auch warmes Wetter. Offensichtlich bedingt durch die regelrecht backofenartigen Temperaturen am Freitagabend waren der Andrang und entsprechend auch der Konsum der G\u00e4ste bei der sechsten Auflage des Festes jedoch verhaltener als in den Vorjahren.<\/p>\n","protected":false},"excerpt":{"rendered":"F\u00fcr ein bisschen Gaudi braucht es oft nicht viel. Manchmal gen\u00fcgt dabei sogar ein Gartenschlauch, der an der&hellip;\n","protected":false},"author":2,"featured_media":1128156,"comment_status":"","ping_status":"","sticky":false,"template":"","format":"standard","meta":{"footnotes":"","_share_on_mastodon":"0"},"categories":[1840],"tags":[15910,65158,3364,29,22335,21138,45196,3195,1221,30,237730,72392,1209,94474,4748,27167,4418],"class_list":["post-1128155","post","type-post","status-publish","format-standard","has-post-thumbnail","category-wuppertal","tag-abend","tag-angesichts","tag-de","tag-deutschland","tag-dusche","tag-feierabendmarkt","tag-freitagabend","tag-fussgaengerzone","tag-gaeste","tag-germany","tag-herbener","tag-karibische","tag-nordrhein-westfalen","tag-partygaeste","tag-temperaturen","tag-wuelfrath","tag-wuppertal"],"share_on_mastodon":{"url":"https:\/\/pubeurope.com\/@de\/116828036535956526","error":""},"_links":{"self":[{"href":"https:\/\/www.europesays.com\/de\/wp-json\/wp\/v2\/posts\/1128155","targetHints":{"allow":["GET"]}}],"collection":[{"href":"https:\/\/www.europesays.com\/de\/wp-json\/wp\/v2\/posts"}],"about":[{"href":"https:\/\/www.europesays.com\/de\/wp-json\/wp\/v2\/types\/post"}],"author":[{"embeddable":true,"href":"https:\/\/www.europesays.com\/de\/wp-json\/wp\/v2\/users\/2"}],"replies":[{"embeddable":true,"href":"https:\/\/www.europesays.com\/de\/wp-json\/wp\/v2\/comments?post=1128155"}],"version-history":[{"count":0,"href":"https:\/\/www.europesays.com\/de\/wp-json\/wp\/v2\/posts\/1128155\/revisions"}],"wp:featuredmedia":[{"embeddable":true,"href":"https:\/\/www.europesays.com\/de\/wp-json\/wp\/v2\/media\/1128156"}],"wp:attachment":[{"href":"https:\/\/www.europesays.com\/de\/wp-json\/wp\/v2\/media?parent=1128155"}],"wp:term":[{"taxonomy":"category","embeddable":true,"href":"https:\/\/www.europesays.com\/de\/wp-json\/wp\/v2\/categories?post=1128155"},{"taxonomy":"post_tag","embeddable":true,"href":"https:\/\/www.europesays.com\/de\/wp-json\/wp\/v2\/tags?post=1128155"}],"curies":[{"name":"wp","href":"https:\/\/api.w.org\/{rel}","templated":true}]}}