{"id":112819,"date":"2025-05-15T15:19:17","date_gmt":"2025-05-15T15:19:17","guid":{"rendered":"https:\/\/www.europesays.com\/de\/112819\/"},"modified":"2025-05-15T15:19:17","modified_gmt":"2025-05-15T15:19:17","slug":"war-biden-laengst-zu-alt-als-er-kandidierte","status":"publish","type":"post","link":"https:\/\/www.europesays.com\/de\/112819\/","title":{"rendered":"War Biden l\u00e4ngst zu alt, als er kandidierte?"},"content":{"rendered":"<p class=\"p1 sm:p1-medium items-start pb-[20px]\" data-selector=\"body-paragraph\" data-external-selector=\"body-elements-paragraph\" data-v-e9f390a5=\"\" data-v-d588441d=\"\">Bei einer Spendengala der demokratischen Partei im Juni 2024 erkennt US-Pr\u00e4sident Joe Biden den Hollywoodschauspieler und Organisator George Clooney nicht. Bidens Berater denken angesichts der zunehmenden Gebrechlichkeit des Kandidaten dar\u00fcber nach, ihn in einen Rollstuhl zu setzen \u2013 aber erst nach der Wahl. Derweil kommunizieren die Kabinettsmitglieder schon lange nicht mehr direkt mit dem Pr\u00e4sidenten. Denn der wird von Mitgliedern seines engsten Zirkels abgeschirmt.<\/p>\n<p class=\"p1 sm:p1-medium items-start pb-[20px]\" data-selector=\"body-paragraph\" data-external-selector=\"body-elements-paragraph\" data-v-e9f390a5=\"\" data-v-d588441d=\"\">So beschreiben es der CNN-Moderator Jake Tapper und der Politikreporter des Portals Axios Alex Thompson in ihrem Buch \u201eOriginal Sin\u201c (Urs\u00fcnde), das schon, da in Ausz\u00fcgen bekannt, vor seinem offiziellen Erscheinen am 20. Mai einen Mediensturm ausgel\u00f6st hat.<\/p>\n<p>Wanderte Biden desorientiert herum?<\/p>\n<p class=\"p1 sm:p1-medium items-start pb-[20px]\" data-selector=\"body-paragraph\" data-external-selector=\"body-elements-paragraph\" data-v-e9f390a5=\"\" data-v-d588441d=\"\">Schlagzeilen macht das Buch, das nach Angaben der Autoren auf Interviews mit mehr als 200 Insidern basiert, nicht nur wegen seiner Enth\u00fcllungen \u00fcber den gesundheitlichen Verfall <a class=\"rtr-entity\" data-rtr-entity=\"Joe Biden\" data-rtr-id=\"5334e0ad0bc87c2447b4349dddb93a48516367b5\" data-rtr-score=\"3127.002114164905\" data-rtr-etype=\"person\" href=\"https:\/\/www.faz.net\/aktuell\/politik\/thema\/joe-biden\" title=\"Joe Biden\" rel=\"nofollow noopener\" target=\"_blank\">Joe Bidens<\/a> zwischen 2020 und 2024 und die Bem\u00fchungen von Bidens Team, dies vor der \u00d6ffentlichkeit zu verbergen. Sondern auch, weil die prominenten Autoren vor allem vonseiten der Rechten bezichtigt werden, sie h\u00e4tten selbst an der \u201eVertuschung\u201c mitgewirkt und wollten nun auch noch damit Geld verdienen.<\/p>\n<p class=\"p1 sm:p1-medium items-start pb-[20px]\" data-selector=\"body-paragraph\" data-external-selector=\"body-elements-paragraph\" data-v-e9f390a5=\"\" data-v-d588441d=\"\">Der Vorwurf ist etwas \u00fcberzogen, trifft aber einen wahren Kern. Nach mehreren St\u00fcrzen und eigenartig verwirrten Momenten bei Auftritten bereits 2022 und 2023 stand die Frage nach Bidens Gesundheitszustand sp\u00e4testens seit Jahresbeginn 2024 offen im Raum. Der Late-Night-Talker Jon Stewart scherzte in der \u201eDaily Show\u201c Mitte Februar 2024 \u00fcber die spektakul\u00e4ren Fehlz\u00fcndungen bei Bidens Versuchen, Zweifel an seiner mentalen Frische auszur\u00e4umen. Im April ulkte Stephen Colbert mit Blick auf Bidens rhetorisches Kauderwelsch bei den Osterfeierlichkeiten im Wei\u00dfen Haus, der Pr\u00e4sident sei \u201efraglos geistig fit\u201c f\u00fcr weitere vier Jahre.<\/p>\n<p><img decoding=\"async\" alt=\"DSGVO Platzhalter\" src=\"https:\/\/www.europesays.com\/de\/wp-content\/uploads\/2025\/04\/gdpr-layer.webp.webp\" loading=\"lazy\" class=\"absolute w-full\"\/> Externe Inhalte aktivieren <\/p>\n<p class=\"p1 sm:p1-medium items-start pb-[20px]\" data-selector=\"body-paragraph\" data-external-selector=\"body-elements-paragraph\" data-v-e9f390a5=\"\" data-v-d588441d=\"\">Das sollte witzig sein, war es aber nicht. Denn all dies spielte sich inmitten eines historischen Wahlkampfs zwischen zwei alten M\u00e4nnern ab, deren Teams das jeweils andere der Propaganda bezichtigten. Als \u201echeap fakes\u201c bezeichnete das <a class=\"rtr-entity\" data-rtr-entity=\"Wei\u00dfes Haus\" data-rtr-id=\"880abd66fb3726457f2c18ee55627a73b638e3a9\" data-rtr-score=\"20.232558139534884\" data-rtr-etype=\"organisation\" href=\"https:\/\/www.faz.net\/aktuell\/politik\/thema\/weisses-haus\" title=\"Wei\u00dfes Haus\" rel=\"nofollow noopener\" target=\"_blank\">Wei\u00dfe Haus<\/a> in diesen Tagen Videos, auf denen Biden, etwa beim G-7-Treffen im Juni 2024, orientierungslos aus dem Bild zu wandern schien und die in den sozialen Netzwerken und in konservativen Medien zirkulierten.<\/p>\n<p class=\"p1 sm:p1-medium items-start pb-[20px]\" data-selector=\"body-paragraph\" data-external-selector=\"body-elements-paragraph\" data-v-e9f390a5=\"\" data-v-d588441d=\"\">Die \u201eNew York Times\u201c meinte nachweisen zu k\u00f6nnen, dass die Wahl der Bildausschnitte in diesen Videos manipulativ sei. Man bezwecke damit, so das Blatt, \u201eunter Auslassung wichtiger Zusammenh\u00e4nge banale Momente zu einem unvorteilhaften Bild zu verzerren\u201c. Linksliberale Medien emp\u00f6rten sich \u00fcber diese \u201eVerzerrung\u201c ebenso wie \u00fcber die Einsch\u00e4tzung des Sonderermittlers Robert Hur vom Februar 2024, Biden sei ein \u201ewohlmeinender alter Mann mit schwachem Erinnerungsverm\u00f6gen\u201c.<\/p>\n<p class=\"p1 sm:p1-medium items-start pb-[20px]\" data-selector=\"body-paragraph\" data-external-selector=\"body-elements-paragraph\" data-v-e9f390a5=\"\" data-v-d588441d=\"\">Als im \u201eWall Street Journal\u201c schlie\u00dflich Anfang Juni ein Artikel \u00fcber Bidens angegriffene geistige Verfassung erschien, brach ein medialer Entr\u00fcstungssturm los. Einen Monat sp\u00e4ter war dann alles ganz anders, da forderte die \u201eWashington Post\u201c, Biden m\u00fcsse von seiner Pr\u00e4sidentschaftskandidatur zur\u00fccktreten.<\/p>\n<p>Was f\u00fcr iranische Ukrainer?<\/p>\n<p class=\"p1 sm:p1-medium items-start pb-[20px]\" data-selector=\"body-paragraph\" data-external-selector=\"body-elements-paragraph\" data-v-e9f390a5=\"\" data-v-d588441d=\"\">Jake Tapper war Ko-Moderator der Kandidaten-Debatte vom 27. Juni 2024, bei der Bidens Verwirrung endg\u00fcltig offenbar wurde. Zwar hatte Tapper den Pr\u00e4sidenten und andere demokratische Politiker zuvor mehrfach damit konfrontiert, es gebe Bedenken wegen Bidens Alter und seiner geistigen Fitness. Aber er hatte in seiner Rolle als CNN-Anchor auch rundheraus die Behauptungen von rechts zur\u00fcckgewiesen, Biden sei nicht mehr in der Lage, sein Amt auszu\u00fcben.<\/p>\n<p><img decoding=\"async\" alt=\"Sein Buch erf\u00e4hrt ein zweisp\u00e4ltiges Echo: Jake Tapper\" height=\"2000\" loading=\"lazy\"   src=\"https:\/\/www.europesays.com\/de\/wp-content\/uploads\/2025\/05\/sein-buch-erfaehrt-ein.jpg\" width=\"3000\" class=\"sm:w-content-sm w-full\" tabindex=\"0\"\/>Sein Buch erf\u00e4hrt ein zweisp\u00e4ltiges Echo: Jake TapperAndy Kropa\/Invision\/AP<\/p>\n<p class=\"p1 sm:p1-medium items-start pb-[20px]\" data-selector=\"body-paragraph\" data-external-selector=\"body-elements-paragraph\" data-v-e9f390a5=\"\" data-v-d588441d=\"\">Dass nun ausgerechnet Tapper ein Buch \u00fcber \u201ePr\u00e4sident Bidens Verfall, die Vertuschung und seine desastr\u00f6se Entscheidung, noch einmal zu kandidieren\u201c (so der Untertitel), herausbringt, ist eine Steilvorlage f\u00fcr Trump-Fans, MAGA-Kommentatoren und die rechte Presse. In sozialen Medien kursiert ein Video mit Aufnahmen von Tapper, in denen er Behauptungen, Joe Bidens Gesundheit schwinde, zur\u00fcckweist.<\/p>\n<p class=\"p1 sm:p1-medium items-start pb-[20px]\" data-selector=\"body-paragraph\" data-external-selector=\"body-elements-paragraph\" data-v-e9f390a5=\"\" data-v-d588441d=\"\">In einer CNN-Sendung vom Oktober 2020 quittiert er die Behauptungen von Trumps Schwiegertochter Lara, bei Biden sei ein \u201ekognitiver Abbau\u201c zu beobachten, mit Augenrollen und einem ungeduldigen \u201eOkay\u201c. \u201eSie machen sich offenbar \u00fcber sein Stottern lustig\u201c, sagt er zu Lara Trump und: \u201eSie sind nicht qualifiziert, einen kognitiven Abbau zu diagnostizieren.\u201c<\/p>\n<p><img decoding=\"async\" alt=\"DSGVO Platzhalter\" src=\"https:\/\/www.europesays.com\/de\/wp-content\/uploads\/2025\/04\/gdpr-layer.webp.webp\" loading=\"lazy\" class=\"absolute w-full\"\/> Externe Inhalte aktivieren <\/p>\n<p class=\"p1 sm:p1-medium items-start pb-[20px]\" data-selector=\"body-paragraph\" data-external-selector=\"body-elements-paragraph\" data-v-e9f390a5=\"\" data-v-d588441d=\"\">In einem anderen Clip urteilt Tapper \u00fcber Bidens Rede vom M\u00e4rz 2022, in der dieser sagte: \u201ePutin mag Kiew mit Panzern einkreisen, aber er wird niemals die Herzen des iranischen Volks gewinnen\u201c, die Rede sei \u201eangesichts von Bidens rhetorischen Talenten und Herausforderungen eine ziemlich solide Performance\u201c gewesen. Das nimmt sich nicht erst heute ziemlich l\u00e4cherlich aus.<\/p>\n<p>Ein schweres Vers\u00e4umnis der Medien<\/p>\n<p class=\"p1 sm:p1-medium items-start pb-[20px]\" data-selector=\"body-paragraph\" data-external-selector=\"body-elements-paragraph\" data-v-e9f390a5=\"\" data-v-d588441d=\"\">Die \u201eNew York Post\u201c und der \u201eFederalist\u201c griffen das Video und die w\u00fctenden Kommentare dazu umgehend auf. Auf der Rechten ist der Spott \u00fcber die \u201epl\u00f6tzliche rechtschaffene Entr\u00fcstung\u201c auf der Linken gro\u00df. Tapper und Thompson versuchten eine \u201eRevision der Geschichte\u201c, hei\u00dft es ausgerechnet bei Fox News, wo man seine Zuschauer immerhin bewusst \u00fcber den Wahlausgang 2020 belog. Angesichts von Tappers Buch spricht man hier vom \u201enicht wiedergutzumachenden Vertrauensverlust\u201c in die traditionellen linksliberalen Medien.<\/p>\n<p class=\"p1 sm:p1-medium items-start pb-[20px]\" data-selector=\"body-paragraph\" data-external-selector=\"body-elements-paragraph\" data-v-e9f390a5=\"\" data-v-d588441d=\"\">Dass das virale Tapper-Video zum Teil manipulativ geschnitten ist \u2013 Tapper scheint hier die Darstellung des \u201eWall Street Journals\u201c, Bidens mentale Fitness sei im Niedergang begriffen, als \u201efalsch\u201c zu bezeichnen; tats\u00e4chlich zitierte er das Wei\u00dfe Haus \u2013, dient der Erz\u00e4hlung, Tapper habe gezielt an der \u201eVertuschung\u201c von Bidens Gesundheitszustand mitgewirkt.<\/p>\n<p class=\"p1 sm:p1-medium items-start pb-[20px]\" data-selector=\"body-paragraph\" data-external-selector=\"body-elements-paragraph\" data-v-e9f390a5=\"\" data-v-d588441d=\"\">\u201eBevor er von der Medienverschw\u00f6rung profitierte, Bidens Verfall zu verschleiern, war Jake Tapper an ihrer Verbreitung beteiligt\u201c, schreibt der Autor des Videos. Das ist eine dramatischere Fassung der Dinge als die n\u00fcchterne Erkenntnis, dass die linksliberalen Medien in dieser Frage ein schweres Vers\u00e4umnis einr\u00e4umen mussten. Was sie nach Bidens R\u00fcckzug von der Kandidatur prompt taten und sich vorsichtig selbst pr\u00fcften. \u201eMachten sich die Medien mitschuldig daran, Bidens Probleme zu verstecken?\u201c, fragte etwa <a class=\"rtr-entity\" data-rtr-entity=\"CNN\" data-rtr-id=\"78cd78301911d5e839621572c2b127d5ba6d0284\" data-rtr-score=\"143.37209302325581\" data-rtr-etype=\"organisation\" href=\"https:\/\/www.faz.net\/aktuell\/feuilleton\/thema\/cnn\" title=\"CNN\" rel=\"nofollow noopener\" target=\"_blank\">CNN<\/a>.<\/p>\n<p class=\"p1 sm:p1-medium items-start pb-[20px]\" data-selector=\"body-paragraph\" data-external-selector=\"body-elements-paragraph\" data-v-e9f390a5=\"\" data-v-d588441d=\"\">Die vorab gedruckten Ausz\u00fcge aus dem Buch sind eine harte Anklage gegen Biden und seine Berater, aber auch gegen ihre Helfer in den linksliberalen Medien, die jede professionelle Skepsis fahren lie\u00dfen, um nicht Trump zu st\u00e4rken. Anstatt sich mit der Enth\u00fcllung eines Skandals zu br\u00fcsten, wie es offenbar die Medienstrategie des Buchverlags ist, st\u00fcnde es den Journalisten Tapper und Thompson besser an, das Problem in den Zusammenhang einer polarisierten Medienlandschaft zu stellen \u2013 und einzur\u00e4umen, dass man es sich aufseiten der linksliberalen Medien zu einfach gemacht hatte, die Klage \u00fcber Bidens Alterserscheinungen als Pro-Trump-Propaganda abzuweisen.<\/p>\n<p class=\"p1 sm:p1-medium items-start pb-[20px]\" data-selector=\"body-paragraph\" data-external-selector=\"body-elements-paragraph\" data-v-e9f390a5=\"\" data-v-d588441d=\"\">Tapper r\u00e4umt in einem CNN-Gespr\u00e4ch denn auch ein, dass \u201eeiniges von der Kritik an mir fair ist\u201c. Er blicke mit Demut auf diese Zeit zur\u00fcck. Obwohl er sich in seiner Berichterstattung mit Bidens Gesundheit befasst habe, \u201ewar es nicht genug\u201c.<\/p>\n","protected":false},"excerpt":{"rendered":"Bei einer Spendengala der demokratischen Partei im Juni 2024 erkennt US-Pr\u00e4sident Joe Biden den Hollywoodschauspieler und Organisator George&hellip;\n","protected":false},"author":2,"featured_media":112820,"comment_status":"","ping_status":"","sticky":false,"template":"","format":"standard","meta":{"footnotes":""},"categories":[1774],"tags":[1784,1785,29,214,30,215],"class_list":{"0":"post-112819","1":"post","2":"type-post","3":"status-publish","4":"format-standard","5":"has-post-thumbnail","7":"category-buecher","8":"tag-books","9":"tag-buecher","10":"tag-deutschland","11":"tag-entertainment","12":"tag-germany","13":"tag-unterhaltung"},"share_on_mastodon":{"url":"https:\/\/pubeurope.com\/@de\/114512525061350123","error":""},"_links":{"self":[{"href":"https:\/\/www.europesays.com\/de\/wp-json\/wp\/v2\/posts\/112819","targetHints":{"allow":["GET"]}}],"collection":[{"href":"https:\/\/www.europesays.com\/de\/wp-json\/wp\/v2\/posts"}],"about":[{"href":"https:\/\/www.europesays.com\/de\/wp-json\/wp\/v2\/types\/post"}],"author":[{"embeddable":true,"href":"https:\/\/www.europesays.com\/de\/wp-json\/wp\/v2\/users\/2"}],"replies":[{"embeddable":true,"href":"https:\/\/www.europesays.com\/de\/wp-json\/wp\/v2\/comments?post=112819"}],"version-history":[{"count":0,"href":"https:\/\/www.europesays.com\/de\/wp-json\/wp\/v2\/posts\/112819\/revisions"}],"wp:featuredmedia":[{"embeddable":true,"href":"https:\/\/www.europesays.com\/de\/wp-json\/wp\/v2\/media\/112820"}],"wp:attachment":[{"href":"https:\/\/www.europesays.com\/de\/wp-json\/wp\/v2\/media?parent=112819"}],"wp:term":[{"taxonomy":"category","embeddable":true,"href":"https:\/\/www.europesays.com\/de\/wp-json\/wp\/v2\/categories?post=112819"},{"taxonomy":"post_tag","embeddable":true,"href":"https:\/\/www.europesays.com\/de\/wp-json\/wp\/v2\/tags?post=112819"}],"curies":[{"name":"wp","href":"https:\/\/api.w.org\/{rel}","templated":true}]}}