{"id":1128220,"date":"2026-06-28T14:25:16","date_gmt":"2026-06-28T14:25:16","guid":{"rendered":"https:\/\/www.europesays.com\/de\/1128220\/"},"modified":"2026-06-28T14:25:16","modified_gmt":"2026-06-28T14:25:16","slug":"haus-grund-in-stuttgart-sanierungskosten-da-kann-man-schnell-bei-100-000-euro-sein","status":"publish","type":"post","link":"https:\/\/www.europesays.com\/de\/1128220\/","title":{"rendered":"Haus &#038; Grund in Stuttgart: Sanierungskosten \u2013 \u201eDa kann man schnell bei 100.000 Euro sein\u201c"},"content":{"rendered":"<p>Bei Rekordtemperaturen hat Haus &amp; Grund seinen Tag der offenen T\u00fcr veranstaltet \u2013 es kamen laut Veranstalter weit \u00fcber 500 Interessierte. Viele Fragen handelten vom Umbau im Bestand.<\/p>\n<p> Die <a href=\"https:\/\/www.stuttgarter-nachrichten.de\/thema\/Hitzewelle\" title=\"Hitzewelle\" class=\"art_thema\" rel=\"nofollow noopener\" target=\"_blank\">Hitzewelle<\/a>! Einige Festivals fielen ihr zum Opfer. <a href=\"https:\/\/www.stuttgarter-nachrichten.de\/artikel\/vollsperrung-in-stuttgart-ost-symptomatisch-fuer-die-stadt-haus-amp-grund-kritisiert-ssb-wegen-kurzfristiger-baustelleninfo-79185250\" target=\"_blank\" rel=\"nofollow noopener\">Haus &amp; Grund<\/a> trotzte den Rekordtemperaturen sowie der <a href=\"https:\/\/www.stuttgarter-nachrichten.de\/thema\/SSB\" title=\"SSB\" class=\"art_thema\" rel=\"nofollow noopener\" target=\"_blank\">SSB<\/a>-Baustelle vor der Gesch\u00e4ftsstelle in der Gerokstra\u00dfe 3 \u2013 und sagte seinen <a href=\"https:\/\/www.stuttgarter-nachrichten.de\/artikel\/haus-amp-grund-stuttgart-offene-tuer-beim-stuttgarter-hausbesitzerverein-79109082\" target=\"_blank\" rel=\"nofollow noopener\">Tag der offenen T\u00fcr<\/a> nicht ab. Zum Haus-, Wohnungs- und Grundeigent\u00fcmerverein <a href=\"https:\/\/www.stuttgarter-nachrichten.de\/thema\/Stuttgart\" title=\"Stuttgart\" class=\"art_thema\" rel=\"nofollow noopener\" target=\"_blank\">Stuttgart<\/a> und Umgebung kamen Hunderte, um die Angebote kennenzulernen, die sonst Mitgliedern zur Verf\u00fcgung stehen. <\/p>\n<p>\u201eZwischen 500 bis 600 interessierte B\u00fcrger haben den Weg zu uns gefunden\u201c, sagt <a href=\"https:\/\/www.stuttgarter-nachrichten.de\/thema\/Ulrich_Wecker\" title=\"Ulrich Wecker\" class=\"art_thema\" rel=\"nofollow noopener\" target=\"_blank\">Ulrich Wecker<\/a>, Gesch\u00e4ftsf\u00fchrer von <a href=\"https:\/\/www.stuttgarter-zeitung.de\/inhalt.interview-mit-haus-und-grund-praesident-kai-warnecke-bei-wohnen-und-miete-nur-gescheiterte-ideen.c26bce7c-a0e0-4c47-9a27-ca55dcf1f34c.html\" target=\"_blank\" rel=\"nofollow noopener\">Haus &amp; Grund<\/a> Stuttgart. Rund 50 Neumitglieder habe man gewinnen k\u00f6nnen. \u201eDas freut mich, auch dass einige junge Familien dabei sind.\u201c<\/p>\n<p>Eiscremewagen und Vortr\u00e4ge zu Mietvertr\u00e4gen <\/p>\n<p>Nicht nur die sch\u00e4tzten das Programm, das aus Hausf\u00fchrungen, einer Ausstellung und Tombola sowie Abk\u00fchlung bestand: Eiscremewagen, gek\u00fchlte Getr\u00e4nke, eine Cocktailbar auf der Dachterrasse und Nebelduschen. Aber freilich kamen die meisten wegen Themen rund um die Immobilie. Die Kurzvortr\u00e4ge zu Mietvertr\u00e4gen und Mietanpassungen waren gut besucht, ebenso die individuellen Kurzberatungen der Haus &amp; Grund-Experten. Laut Wecker interessierten ganz besonders Themen wie Kaufen und Bauen, energetische Sanierung und Neuvermietungen neben Serviceleistungen des Vereins wie Immobilienverwaltung, Verkauf und Vermietung.<\/p>\n<p>Sanierungskosten in \u00e4lteren Wohnungen sind ein Thema <\/p>\n<p>\u201eIch bin schon ewig Mitglied, der Service hat mir immer sehr geholfen, wertneutral, unabh\u00e4ngig\u201c, sagt Anne Scherer. Aufgrund der Beratungen und Berechnungen habe sie sich entschieden, die vermietete Wohnung zu verkaufen. \u201eMan muss sanieren, bis sich das f\u00fcr mich amortisieren w\u00fcrde, w\u00e4re ich 110 Jahre alt\u201c, meint die fr\u00fchere Konstruktionsingenieurin. \u201eDie junge Frau, die gekauft hat, mag das nun machen.\u201c <\/p>\n<p>Au\u00dferdem k\u00f6nne man \u2013 Mietpreisbremse hin oder her \u2013 ja nicht alles auf die Miete schlagen. \u201eDas wollte ich auch nicht, ich wollte immer fair und loyal zu meinen Mieterinnen und Mietern sein.\u201c<\/p>\n<p>  <img decoding=\"async\" loading=\"lazy\" src=\"https:\/\/www.europesays.com\/de\/wp-content\/uploads\/2026\/06\/media.media.ca53a6b7-ede4-430a-b430-12fc6e51da74.original1024.media.jpeg\"\/>     Ulrich Wecker (rechts), Gesch\u00e4ftsf\u00fchrer von Haus &amp; Grund in Stuttgart im Gespr\u00e4ch am Tag der offenen T\u00fcr.    Foto: Lichtgut\/Julian Rettig    <\/p>\n<p>Apropos, auch ein \u00e4lteres Paar und eine Mittdrei\u00dfigerin betonten, sie h\u00e4tten ein \u201eSuperverh\u00e4ltnis\u201c zu ihren Mietern. \u201eWir wohnen in einem Haus zusammen, kurze Wege, man kann Dinge schnell kl\u00e4ren\u201c, beschrieb letztere. Als Problem sieht auch sie aufkommende Sanierungskosten:\u201eWir sind ja nur kleine Vermieter, kein Immobilienunternehmen. Das ist nicht so einfach,<a href=\"https:\/\/www.stuttgarter-zeitung.de\/inhalt.heizen-in-stuttgart-regeln-fuer-neue-heizungen-in-stuttgart-bundestag-passt-frist-an.89824f09-8943-4820-ac09-de397bf73b31.html\" target=\"_blank\" rel=\"nofollow noopener\"> Heizung<\/a>, Dach, D\u00e4mmung &#8230; trotz F\u00f6rderungen; da kann man da schnell bei 100.000 Euro sein.\u201c<\/p>\n<p>Die Polizei informierte \u00fcber Einbruchspr\u00e4vention <\/p>\n<p>Gesch\u00e4ftsf\u00fchrer Ulrich Wecker best\u00e4tigte, dass die <a href=\"https:\/\/www.stuttgarter-zeitung.de\/inhalt.wohntraum-in-stuttgart-vaihingen-vorher-nachher-stuttgarter-architekten-und-ihr-respektvoller-haus-umbau.3ee5ad53-f86b-443e-ab01-547ce65eeccf.html\" target=\"_blank\" rel=\"nofollow noopener\">Musik durchaus im Altbau spiele<\/a>: \u201eEs gibt kaum Neubau.\u201c Insbesondere bei Mehrparteienh\u00e4usern mit Gasetagenheizungen sei es anspruchsvoll, Sanierungen f\u00fcr alle Beteiligten gut zu l\u00f6sen. Wecker: \u201eWir arbeiten mit Zukunft Altbau zusammen.\u201c Die hatten ihren Stand denn auch auf dem Parkplatz vor der Gesch\u00e4ftsstelle mit der Energieberatung \u2013 nebenan war die Polizei, die zu Einbruchspr\u00e4vention informierte.<\/p>\n<p>Was die allgemeine Immobiliensituation betrifft, sieht Wecker etwas Entspannung im Stuttgarter Kauf- und Mietmarkt: \u201eDer Anstieg, wie er seit Jahren zu bemerken war, hat gestoppt, die Spitzen sind gekappt. Wenn wieder Balance einkehrt, ist das immer gut so. Aber das hei\u00dft auch, nicht alles geht sofort weg \u2013 die <a href=\"https:\/\/www.stuttgarter-zeitung.de\/inhalt.wohnen-in-leinfelden-echterdingen-kuendigung-wegen-sanierung-sollen-einfach-gehen-ohne-eine-gute-loesung.8567d4c1-8b6b-449a-9fcd-094de5a15457.html\" target=\"_blank\" rel=\"nofollow noopener\">Mieter<\/a> sind anspruchsvoller geworden. Wohnen ist eben keine Massenware.\u201c<\/p>\n","protected":false},"excerpt":{"rendered":"Bei Rekordtemperaturen hat Haus &amp; Grund seinen Tag der offenen T\u00fcr veranstaltet \u2013 es kamen laut Veranstalter weit&hellip;\n","protected":false},"author":2,"featured_media":1128221,"comment_status":"","ping_status":"","sticky":false,"template":"","format":"standard","meta":{"footnotes":"","_share_on_mastodon":"0"},"categories":[1830],"tags":[1634,3364,29,30,4732,62426,18113,232830,231720,77555,49065,6842,1441,234536],"class_list":["post-1128220","post","type-post","status-publish","format-standard","has-post-thumbnail","category-stuttgart","tag-baden-wuerttemberg","tag-de","tag-deutschland","tag-germany","tag-grund","tag-haus-amp","tag-hitzewelle","tag-julian-rettig","tag-lichtgut","tag-rekordtemperatur","tag-sanierungskosten","tag-ssb","tag-stuttgart","tag-ulrich-wecker"],"share_on_mastodon":{"url":"https:\/\/pubeurope.com\/@de\/116828197933728955","error":""},"_links":{"self":[{"href":"https:\/\/www.europesays.com\/de\/wp-json\/wp\/v2\/posts\/1128220","targetHints":{"allow":["GET"]}}],"collection":[{"href":"https:\/\/www.europesays.com\/de\/wp-json\/wp\/v2\/posts"}],"about":[{"href":"https:\/\/www.europesays.com\/de\/wp-json\/wp\/v2\/types\/post"}],"author":[{"embeddable":true,"href":"https:\/\/www.europesays.com\/de\/wp-json\/wp\/v2\/users\/2"}],"replies":[{"embeddable":true,"href":"https:\/\/www.europesays.com\/de\/wp-json\/wp\/v2\/comments?post=1128220"}],"version-history":[{"count":0,"href":"https:\/\/www.europesays.com\/de\/wp-json\/wp\/v2\/posts\/1128220\/revisions"}],"wp:featuredmedia":[{"embeddable":true,"href":"https:\/\/www.europesays.com\/de\/wp-json\/wp\/v2\/media\/1128221"}],"wp:attachment":[{"href":"https:\/\/www.europesays.com\/de\/wp-json\/wp\/v2\/media?parent=1128220"}],"wp:term":[{"taxonomy":"category","embeddable":true,"href":"https:\/\/www.europesays.com\/de\/wp-json\/wp\/v2\/categories?post=1128220"},{"taxonomy":"post_tag","embeddable":true,"href":"https:\/\/www.europesays.com\/de\/wp-json\/wp\/v2\/tags?post=1128220"}],"curies":[{"name":"wp","href":"https:\/\/api.w.org\/{rel}","templated":true}]}}