{"id":112823,"date":"2025-05-15T15:21:09","date_gmt":"2025-05-15T15:21:09","guid":{"rendered":"https:\/\/www.europesays.com\/de\/112823\/"},"modified":"2025-05-15T15:21:09","modified_gmt":"2025-05-15T15:21:09","slug":"mainfranken-das-sind-die-superreichen-in-der","status":"publish","type":"post","link":"https:\/\/www.europesays.com\/de\/112823\/","title":{"rendered":"Mainfranken: Das sind die Superreichen in der\u2026"},"content":{"rendered":"<p>Foto. pixabay.com<\/p>\n<p>Sie z\u00e4hlen zu den reichsten Menschen auf unserem Planeten. Sechs Menschen aus der Region landen wieder auf der Rangliste der Top 3.000 Superreichen, die das Forbes-Magazin regelm\u00e4\u00dfig auswertet und aktualisiert.<\/p>\n<p><strong>Gips und Kleidung macht reich <\/strong><\/p>\n<p>Insgesamt f\u00fcnf Mal sind die Erben des Gips-Imperiums Knauf aus Iphofen dabei vertreten. Mit einem gesch\u00e4tzten Verm\u00f6gen von 1,8 Milliarden Dollar f\u00fchrt Martin Knauf dabei die mainfr\u00e4nkische Rangliste an \u2013 weltweit landet er damit auf Platz 1.947.<\/p>\n<p>Christine und Karl Knauf landen auf Platz 2.110 mit einem gesch\u00e4tzten Verm\u00f6gen von je 1,6 Milliarden Dollar. Diesen Rang teilen sich die beiden Knauf-Erben mit Bernd Freier, Gr\u00fcnder des Rottendorfer Modeunternehmens s.Oliver.<\/p>\n<p>Der Knauf-Gesch\u00e4ftsf\u00fchrer Alexander Knauf positioniert sich auf Rang 2.623 \u2013 gemeinsam mit Robert Knauf und dessen Familie. Sie kommen je auf rund 1,2 Milliarden Dollar.<\/p>\n<p><strong>Die Superreichen der Welt und in Deutschland<\/strong><\/p>\n<p>Reichster Mensch weltweit ist laut Forbes wieder Tesla-Besitzer, Tech-Unternehmer und Trump-Vertrauter Elon Musk mit einem gesch\u00e4tzten Verm\u00f6gen von 342 Milliarden Dollar. Damit f\u00fchrt er wieder die Rangliste an \u2013 im Januar war es noch der franz\u00f6sische Luxuswaren-Unternehmer Bernard Arnault mit seiner Familie.<\/p>\n<p>Reichster Deutscher ist Lidl-Gr\u00fcnder Dieter Schwarz. Sein Verm\u00f6gen liegt bei rund 41 Milliarden Dollar.<\/p>\n","protected":false},"excerpt":{"rendered":"Foto. pixabay.com Sie z\u00e4hlen zu den reichsten Menschen auf unserem Planeten. Sechs Menschen aus der Region landen wieder&hellip;\n","protected":false},"author":2,"featured_media":112824,"comment_status":"","ping_status":"","sticky":false,"template":"","format":"standard","meta":{"footnotes":""},"categories":[1772],"tags":[29,214,30,1779,810,2506,215],"class_list":{"0":"post-112823","1":"post","2":"type-post","3":"status-publish","4":"format-standard","5":"has-post-thumbnail","7":"category-musik","8":"tag-deutschland","9":"tag-entertainment","10":"tag-germany","11":"tag-music","12":"tag-musik","13":"tag-radio-radio-gong-wuerzburg-heimvorteil-musik","14":"tag-unterhaltung"},"share_on_mastodon":{"url":"https:\/\/pubeurope.com\/@de\/114512532848590872","error":""},"_links":{"self":[{"href":"https:\/\/www.europesays.com\/de\/wp-json\/wp\/v2\/posts\/112823","targetHints":{"allow":["GET"]}}],"collection":[{"href":"https:\/\/www.europesays.com\/de\/wp-json\/wp\/v2\/posts"}],"about":[{"href":"https:\/\/www.europesays.com\/de\/wp-json\/wp\/v2\/types\/post"}],"author":[{"embeddable":true,"href":"https:\/\/www.europesays.com\/de\/wp-json\/wp\/v2\/users\/2"}],"replies":[{"embeddable":true,"href":"https:\/\/www.europesays.com\/de\/wp-json\/wp\/v2\/comments?post=112823"}],"version-history":[{"count":0,"href":"https:\/\/www.europesays.com\/de\/wp-json\/wp\/v2\/posts\/112823\/revisions"}],"wp:featuredmedia":[{"embeddable":true,"href":"https:\/\/www.europesays.com\/de\/wp-json\/wp\/v2\/media\/112824"}],"wp:attachment":[{"href":"https:\/\/www.europesays.com\/de\/wp-json\/wp\/v2\/media?parent=112823"}],"wp:term":[{"taxonomy":"category","embeddable":true,"href":"https:\/\/www.europesays.com\/de\/wp-json\/wp\/v2\/categories?post=112823"},{"taxonomy":"post_tag","embeddable":true,"href":"https:\/\/www.europesays.com\/de\/wp-json\/wp\/v2\/tags?post=112823"}],"curies":[{"name":"wp","href":"https:\/\/api.w.org\/{rel}","templated":true}]}}