{"id":1128395,"date":"2026-06-28T16:01:41","date_gmt":"2026-06-28T16:01:41","guid":{"rendered":"https:\/\/www.europesays.com\/de\/1128395\/"},"modified":"2026-06-28T16:01:41","modified_gmt":"2026-06-28T16:01:41","slug":"schwitzen-planschen-faechern-bei-399-grad-berlins-historisch-heissestes-wochenende-in-bildern","status":"publish","type":"post","link":"https:\/\/www.europesays.com\/de\/1128395\/","title":{"rendered":"Schwitzen, planschen, f\u00e4chern bei 39,9 Grad: Berlins historisch hei\u00dfestes Wochenende in Bildern"},"content":{"rendered":"<p class=\"tspBXm2 tspBXm3\">Das Thermometer best\u00e4tigte am Sonnabend, was die meisten ohnehin schon ahnten: So hei\u00df war es in Berlin noch nie.<\/p>\n<p><img decoding=\"async\" src=\"https:\/\/www.europesays.com\/de\/wp-content\/uploads\/2026\/06\/1782662485_705_hitze-in-deutschland-berlin.jpeg\" alt=\"Ein Thermometer neben einer Apotheke zeigt 39 Grad in Berlin Mitte an. +++ dpa-Bildfunk +++\" width=\"600\" height=\"450\" loading=\"lazy\" class=\"tspA0i9\"\/><\/p>\n<p class=\"tspAAgb\"> \u00a9 picture alliance\/dpa\/Carsten Koall <\/p>\n<p class=\"tspBXm2\">Es ist amtlich: Der Temperaturrekord ist geknackt worden. An der Wetterstation in Tempelhof wurden am Samstag 39,9 Grad Celsius gemessen.<\/p>\n<p class=\"tspBXm2\">Die bisherige H\u00f6chsttemperatur war am 7. August 2015 mit 38,9 Grad in Berlin-Kaniswall gemessen worden.<\/p>\n<p><img decoding=\"async\" src=\"https:\/\/www.europesays.com\/de\/wp-content\/uploads\/2026\/06\/hitzewelle-in-deutschland-impressionen-vom-schlachtensee-berlin-27-06-2026.jpeg\" alt=\"Hitzewelle in Deutschland, Impressionen vom Schlachtensee, Berlin, 27.06.2026 Berlin, Deutschland -27.6.2026: Menschen, darunter ein Mann mit Handtuch \u00fcber seinem Kopf, bei 38 Grad Celsius am Schlachtensee in Berlin. Nach 41,3\u00c2C in Saarbr\u00fccken am Freitag wurde am heutigen Samstag mit 41,5\u00c2C in M\u00f6ckern-Drewitz in Sachsen-Anhalt erneut ein H\u00f6chstwert in Deutschland aufgezeichnet. Berlin Schlachtensee Berlin Deutschland *** Heat Wave in Germany, Scenes from Schlachtensee, Berlin, June 27, 2026 Berlin, Germany, June 27, 2026 People, including a man with a towel over his head, at Schlachtensee in Berlin at 38 degrees Celsius. After 41.3\u00c2C in Saarbr\u00fccken on Friday, a new record high for Germany was set today, Saturday, at 41.5C in M\u00f6ckern Copyright: xChristianxEnderx\" width=\"600\" height=\"450\" loading=\"lazy\" class=\"tspA0i9\"\/><\/p>\n<p class=\"tspAAgb\"> \u00a9 IMAGO\/PIC ONE\/IChristian Ender <\/p>\n<p class=\"tspBXm2\">Abk\u00fchlung nimmt an diesem Wochenende viele Formen an. Bei diesem Mann am Schlachtensee die eines wei\u00dfen Handtuchs als Kopfbedeckung.<\/p>\n<p><img decoding=\"async\" src=\"https:\/\/www.europesays.com\/de\/wp-content\/uploads\/2026\/06\/hitzwelle-in-deutschland.jpeg\" alt=\"Hitzwelle in Deutschland Berlin, Deutschland -27.6.2026: Menschen erfrischen sich bei 38 Grad Celsius am Schlachtensee in Berlin. Mit 41,3 Grad Celsius in Saarbr\u00fccken wurde gestern der h\u00f6chste jemals gemessene Wert in Deutschland aufgezeichnet. Berlin\" width=\"600\" height=\"450\" loading=\"lazy\" class=\"tspA0i9\"\/><\/p>\n<p class=\"tspAAgb\"> \u00a9 IMAGO\/Christian Ender <\/p>\n<p class=\"tspBXm2\">Auf der Liegewiese am Schlachtensee gab es am Samstag noch freie Pl\u00e4tze im hinteren Bereich.<\/p>\n<p><img decoding=\"async\" src=\"https:\/\/www.europesays.com\/de\/wp-content\/uploads\/2026\/06\/1782662489_312_hitzewelle.jpeg\" alt=\"Hitzewelle Ein Mann sitzt am Springbrunnen im Berliner Lustgarten. An diesem Wochenende werden Temperaturen von 40 Grad im Schatten erwartet, 26.06.2026. Berlin Berlin Deutschland *** Heat Wave: A man sits by the fountain in Berlin s Lustgarten. Temperatures of 40 degrees in the shade are expected this weekend, June 26, 2026, Berlin, Germany\" width=\"600\" height=\"450\" loading=\"lazy\" class=\"tspA0i9\"\/><\/p>\n<p class=\"tspAAgb\"> \u00a9 IMAGO\/Jochen Eckel <\/p>\n<p class=\"tspBXm2\">Manchen gen\u00fcgt anscheinend der Anblick von Wasser, um sich erfrischt zu f\u00fchlen, wie hier am Springbrunnen im Berliner Lustgarten.<\/p>\n<p><img decoding=\"async\" src=\"https:\/\/www.europesays.com\/de\/wp-content\/uploads\/2026\/06\/1782662490_941_hitze-in-berlin.jpeg\" alt=\"Passanten stehen vor einem Wasserwerfer der Polizei. Die Polizei spr\u00fcht Wasser zur Abk\u00fchlung f\u00fcr die Menschen am Potsdamer Platz. +++ dpa-Bildfunk +++\" width=\"600\" height=\"450\" loading=\"lazy\" class=\"tspA0i9\"\/><\/p>\n<p class=\"tspAAgb\"> \u00a9 picture alliance\/dpa\/Carsten Koall <\/p>\n<p class=\"tspBXm2\">Die Berliner Polizei r\u00fcckte am Samstag zu einem eher ungew\u00f6hnlichen Einsatz mit zwei Wasserwerfern aus: Erfrischung f\u00fcr die erhitzten Gro\u00dfst\u00e4dter.<\/p>\n<p><img decoding=\"async\" src=\"https:\/\/www.europesays.com\/de\/wp-content\/uploads\/2026\/06\/wasser-marsch.jpeg\" alt=\"Wasser Marsch Berlin leidet unter der Hitze. Um den Menschen eine kleine Abk\u00fchlung zu verschaffen, r\u00fcckt die Berliner Polizei mit Wasserwerfern an. Im Park am Gleisdreieck genie\u00dfen Parkbesucher den feinen Spr\u00fchnebel, eine kurze Abk\u00fchlung bei der Hitzewelle, Berlin, 28.06.2026 Berlin Berlin Deutschland *** Water, Water Berlin Suffers from the Heat To help people cool off a bit, the Berlin police are deploying water cannons. In Gleisdreieck Park, visitors are enjoying the fine mista brief respite from the heat wave Berlin, June 28, 2026 Berlin, Berlin, Germany\" width=\"600\" height=\"450\" loading=\"lazy\" class=\"tspA0i9\"\/><\/p>\n<p class=\"tspAAgb\"> \u00a9 IMAGO\/Jochen Eckel <\/p>\n<p class=\"tspBXm2\">Am Sonntag gab es eine kostenlose Dusche im Park am Gleisdreieck.<\/p>\n<p> Abk\u00fchlung, aber anders <\/p>\n<p class=\"tspBXm2\">Bei Temperaturen bis knapp 40 Grad Celsius kam an diesem Wochenende in Berlin jeder ins Schwitzen. F\u00fcr alle, die es nicht ins Freibad oder an den See geschafft haben, gab es Alternativen.<\/p>\n<p><img decoding=\"async\" src=\"https:\/\/www.europesays.com\/de\/wp-content\/uploads\/2026\/06\/1782662493_957_hitzewelle-in-deutschland.jpeg\" alt=\"Touristen mit Sonnenschirmen sitzen auf einem Schiff auf der Spree, aufgenommen in Berlin, 26.06.2026. Deutschland durchlebt eine grosse Hitzewelle mit teils ueber 40 Grad. Berlin Deutschland *** Tourists with beach umbrellas are sitting on a boat on the Spree photo taken in Berlin on June 26, 2026. Germany is experiencing a major heat wave, with temperatures in some places exceeding 40 degrees. Berlin, Germany Copyright: xFlorianxGaertnerx\" width=\"600\" height=\"450\" loading=\"lazy\" class=\"tspA0i9\"\/><\/p>\n<p class=\"tspAAgb\"> \u00a9 IMAGO\/\/Florian Gaertner <\/p>\n<p class=\"tspBXm2\">Ton in Ton: Mit Sonnenschirmen gewappnete Touristen unterwegs auf einem Schiff auf der Spree.<\/p>\n<p><img decoding=\"async\" src=\"https:\/\/www.europesays.com\/de\/wp-content\/uploads\/2026\/06\/leere-paletten-auf-denen-mal-ventilatoren-gestapelt-waren.jpeg\" alt=\"Leere Paletten, auf denen mal Ventilatoren gestapelt waren\" width=\"600\" height=\"450\" loading=\"lazy\" class=\"tspA0i9\"\/><\/p>\n<p class=\"tspAAgb\"> \u00a9 Miriam Rathje <\/p>\n<p class=\"tspBXm2\">Leere Paletten, auf denen mal Ventilatoren gestapelt waren.<\/p>\n<p><img decoding=\"async\" src=\"https:\/\/www.europesays.com\/de\/wp-content\/uploads\/2026\/06\/heatwave-in-berlin.jpeg\" alt=\"A man lies in the sun by the Maerchenbrunnen fountain in Volkspark Friedrichshain during the ongoing heatwave in Berlin, Germany, June 27, 2026. REUTERS\/Axel Schmidt\" width=\"600\" height=\"450\" loading=\"lazy\" class=\"tspA0i9\"\/><\/p>\n<p class=\"tspAAgb\"> \u00a9 REUTERS\/AXEL SCHMIDT <\/p>\n<p class=\"tspBXm2\">Wer keinen Ventilator mehr abbekam, konnte zumindest die Beine hochlegen.<\/p>\n<p><img decoding=\"async\" src=\"https:\/\/www.europesays.com\/de\/wp-content\/uploads\/2026\/06\/people-seek-relief-as-heatwave-grips-berlin.jpeg\" alt=\"People seek relief as heatwave grips Berlin BERLIN, GERMANY - JUNE 28: People spend time in ponds and sprinklers to cool off as the Europe s deadly heatwave continues to affect Berlin, Germany on June 28, 2026. Ilkin Eskipehlivan \/ Anadolu Berlin Germany. Editorial use only. Please get in touch for any other usage. PUBLICATIONxNOTxINxTURxUSAxCANxUKxJPNxITAxFRAxAUSxESPxBELxKORxRSAxHKGxNZL Copyright: x2026xAnadoluxIlkinxEskipehlivanx\" width=\"600\" height=\"450\" loading=\"lazy\" class=\"tspA0i9\"\/><\/p>\n<p class=\"tspAAgb\"> \u00a9 IMAGO\/Anadolu Agency\/Ilkin Eskipehlivan <\/p>\n<p class=\"tspBXm2\">Kein Schatten am Alexanderplatz. Dann tut es zur Not auch ein Karton.<\/p>\n<p> Konzerte zum Dahinschmelzen <\/p>\n<p class=\"tspBXm2\">Wegen der sehr hohen Temperaturen wurden zahlreiche Veranstaltungen und Feste in der Hauptstadt abgesagt. Aber nicht alle.<\/p>\n<p><img decoding=\"async\" src=\"https:\/\/www.europesays.com\/de\/wp-content\/uploads\/2026\/06\/1782662499_769_hitze-in-deutschland-berlin.jpeg\" alt=\"dpatopbilder - 26.06.2026, Berlin: Fans des US-amerikanischen Musikers Bruno Mars tragen auf dem Weg zum Konzert im Olympiastadion Regenschirme als Schutz vor der Hitze. Derzeit rollt eine Hitzewelle \u00fcber Brandenburg und Berlin. Foto: Carsten Koall\/dpa +++ dpa-Bildfunk +++\" width=\"600\" height=\"450\" loading=\"lazy\" class=\"tspA0i9\"\/><\/p>\n<p class=\"tspAAgb\"> \u00a9 dpa\/Carsten Koall <\/p>\n<p class=\"tspBXm2\">Fans mit Regenschirmen als Schutz gegen die Sonne auf dem Weg zu Bruno Mars, der im Olympiastadion spielte. Sein Hit \u201eRisk it all\u201c bekommt bei den Temperaturen noch mal eine ganz andere Bedeutung.<\/p>\n<p><img decoding=\"async\" src=\"https:\/\/www.europesays.com\/de\/wp-content\/uploads\/2026\/06\/berliner-philharmoniker-konzert-berlin-27-06-2026.jpeg\" alt=\"27.06.2026, Saisonabschlusskonzert der Berliner Philharmoniker unter der Leitung von Kirill Petrenko, G\u00e4ste f\u00e4chern sich Luft zu bei grosser HItze in der Waldb\u00fchne, Berlin, Berlin *** June 27, 2026, Berlin Philharmonics season-closing concert conducted by Kirill Petrenko guests fan themselves amid the sweltering heat at the Waldb\u00fchne, Berlin, Berlin\" width=\"600\" height=\"450\" loading=\"lazy\" class=\"tspA0i9\"\/><\/p>\n<p class=\"tspAAgb\"> \u00a9 IMAGO\/Berlinfoto\/imago <\/p>\n<p class=\"tspBXm2\">Beim Saisonabschluss der Berliner Philharmoniker in der Waldb\u00fchne wurde hingegen eher zum F\u00e4cher gegriffen.<\/p>\n<p><img decoding=\"async\" src=\"https:\/\/www.europesays.com\/de\/wp-content\/uploads\/2026\/06\/record-date-not-stated-berlin-26-06-2026-auftritt-von-rapper-finch-gratis-konzert-auf-hem-tankstelle.jpeg\" alt=\"RECORD DATE NOT STATED BERLIN, 26.06.2026 Auftritt von Rapper Finch Gratis-Konzert auf HEM Tankstelle in Berlin-Marzahn Riesaer Stra\u00dfe \/ Berlin Neues Album \/ Release Aussenseiter Spitzenreiter Berlin Deutschland *** BERLIN, June 26, 2026 Rapper Finch to perform Free concert at the HEM gas station in Berlin-Marzahn, Riesaer Stra\u00dfe, Berlin New album release Outsider Frontrunner Berlin, Germany\" width=\"600\" height=\"450\" loading=\"lazy\" class=\"tspA0i9\"\/><\/p>\n<p class=\"tspAAgb\"> \u00a9 IMAGO\/Rico THUMSER \/ foto-leipzig.de <\/p>\n<p class=\"tspBXm2\">Rapper Finch gab am Freitag ein Gratis-Konzert an einer Tankstelle in Marzahn. Der Sonnenschutz im Publikum wurde vor allem \u00fcber Kopfbedeckungen geregelt.<\/p>\n","protected":false},"excerpt":{"rendered":"Das Thermometer best\u00e4tigte am Sonnabend, was die meisten ohnehin schon ahnten: So hei\u00df war es in Berlin noch&hellip;\n","protected":false},"author":2,"featured_media":1128396,"comment_status":"","ping_status":"","sticky":false,"template":"","format":"standard","meta":{"footnotes":"","_share_on_mastodon":"0"},"categories":[1825],"tags":[296,29,30,17158],"class_list":["post-1128395","post","type-post","status-publish","format-standard","has-post-thumbnail","category-berlin","tag-berlin","tag-deutschland","tag-germany","tag-visual-department"],"share_on_mastodon":{"url":"https:\/\/pubeurope.com\/@de\/116828577690579671","error":""},"_links":{"self":[{"href":"https:\/\/www.europesays.com\/de\/wp-json\/wp\/v2\/posts\/1128395","targetHints":{"allow":["GET"]}}],"collection":[{"href":"https:\/\/www.europesays.com\/de\/wp-json\/wp\/v2\/posts"}],"about":[{"href":"https:\/\/www.europesays.com\/de\/wp-json\/wp\/v2\/types\/post"}],"author":[{"embeddable":true,"href":"https:\/\/www.europesays.com\/de\/wp-json\/wp\/v2\/users\/2"}],"replies":[{"embeddable":true,"href":"https:\/\/www.europesays.com\/de\/wp-json\/wp\/v2\/comments?post=1128395"}],"version-history":[{"count":0,"href":"https:\/\/www.europesays.com\/de\/wp-json\/wp\/v2\/posts\/1128395\/revisions"}],"wp:featuredmedia":[{"embeddable":true,"href":"https:\/\/www.europesays.com\/de\/wp-json\/wp\/v2\/media\/1128396"}],"wp:attachment":[{"href":"https:\/\/www.europesays.com\/de\/wp-json\/wp\/v2\/media?parent=1128395"}],"wp:term":[{"taxonomy":"category","embeddable":true,"href":"https:\/\/www.europesays.com\/de\/wp-json\/wp\/v2\/categories?post=1128395"},{"taxonomy":"post_tag","embeddable":true,"href":"https:\/\/www.europesays.com\/de\/wp-json\/wp\/v2\/tags?post=1128395"}],"curies":[{"name":"wp","href":"https:\/\/api.w.org\/{rel}","templated":true}]}}