{"id":1128455,"date":"2026-06-28T16:38:27","date_gmt":"2026-06-28T16:38:27","guid":{"rendered":"https:\/\/www.europesays.com\/de\/1128455\/"},"modified":"2026-06-28T16:38:27","modified_gmt":"2026-06-28T16:38:27","slug":"mettmann-wuelfrath-erkrath-sturm-sorgt-fuer-umgeknickte-baeume","status":"publish","type":"post","link":"https:\/\/www.europesays.com\/de\/1128455\/","title":{"rendered":"Mettmann\/W\u00fclfrath\/Erkrath: Sturm sorgt f\u00fcr umgeknickte B\u00e4ume"},"content":{"rendered":"<p class=\"text_ohne_einzug richtext text-em-55 !leading-serif mx-6 desktop:mx-0\">  Mit der Hitze zog auf einmal der Sturm auf: Der Sonntag, 28. Juni, hat f\u00fcr die Feuerwehren in <a href=\"https:\/\/rp-online.de\/thema\/mettmann\/\" rel=\"nofollow noopener\" target=\"_blank\">Mettmann<\/a>, <a href=\"https:\/\/rp-online.de\/thema\/erkrath\/\" rel=\"nofollow noopener\" target=\"_blank\">Erkrath<\/a> und <a href=\"https:\/\/rp-online.de\/thema\/wuelfrath\/\" rel=\"nofollow noopener\" target=\"_blank\">W\u00fclfrath<\/a> einiges an Arbeit hinterlassen. Zahlreiche B\u00e4ume in den drei St\u00e4dten sind umgest\u00fcrzt, zum Teil sind viele Wege blockiert.<\/p>\n<p class=\"richtext text-em-55 !leading-serif mx-6 desktop:mx-0\">Nicht nur die Feuerwehren berichten \u00fcber viele Eins\u00e4tze \u2013 in den sozialen Medien berichten auch viele B\u00fcrger \u00fcber blockierte Wanderwege durch umgest\u00fcrzte oder abgeknickte B\u00e4ume in den St\u00e4dten. Die Feuerwehren bitten darum, W\u00e4lder aktuell m\u00f6glichst zu meiden. Was in den einzelnen St\u00e4dten passiert ist, gibt es hier im \u00dcberblick:<\/p>\n<p class=\"text_ohne_einzug richtext text-em-55 !leading-serif mx-6 desktop:mx-0\">F\u00fcr die Einsatzkr\u00e4fte von <a href=\"https:\/\/rp-online.de\/thema\/feuerwehr\/\" rel=\"nofollow noopener\" target=\"_blank\">Feuerwehr<\/a> und Rettungsdienst in Mettmann gab es einen arbeitsintensiven Tag. Die hohen Temperaturen am Samstag (27. Juni) sorgten daf\u00fcr, dass der Rettungsdienst \u00fcber viele Stunden im Dauereinsatz wegen zahlreicher hitzebedingter Notf\u00e4lle bis an die Belastungsgrenze gefordert war, berichtet die Feuerwehr: \u201eKreislaufprobleme, Ersch\u00f6pfungszust\u00e4nde und weitere medizinische Notf\u00e4lle machten schnelle Hilfe erforderlich.\u201c<\/p>\n<p class=\"richtext text-em-55 !leading-serif mx-6 desktop:mx-0\">Der Sturm, der gegen 3 Uhr in der Fr\u00fch am Sonntag \u00fcber den Kreis Mettmann fegte, hinterlie\u00df in Mettmann umgest\u00fcrzte B\u00e4ume, abgebrochene \u00c4ste und weitere wetterbedingte Gefahrenstellen. \u201eParallel dazu wurden mehrere Brandmeldeanlagen nahezu zeitgleich ausgel\u00f6st, sodass unsere Einsatzkr\u00e4fte an mehreren Einsatzstellen gleichzeitig gefordert waren\u201c, so die Wehr. Insgesamt sei die Feuerwehr in 24 Stunden zu \u00fcber 30 Eins\u00e4tzen ausger\u00fcckt. Dabei waren in der Sturmnacht 14 Fahrzeuge mit 40 Einsatzkr\u00e4ften im Einsatz.<\/p>\n<p class=\"richtext text-em-55 !leading-serif mx-6 desktop:mx-0\">Da aber auch noch weiterhin \u00c4ste abfallen oder B\u00e4ume umknicken k\u00f6nnten, bittet die Feuerwehr alle Verkehrsteilnehmer um besondere Vorsicht. \u201eRechnen Sie jederzeit mit Hindernissen auf der Stra\u00dfe\u201c, so die Feuerwehr.<\/p>\n<p class=\"text_ohne_einzug richtext text-em-55 !leading-serif mx-6 desktop:mx-0\">Auch die Feuerwehr Erkrath ist bereits seit 3 Uhr am Sonntag wegen der Folgen des Sturms im Einsatz gewesen. So musste sie mehrere Pkw von umgest\u00fcrzten B\u00e4umen befreien sowie Stra\u00dfen und Gehwege freir\u00e4umen. \u201eBei einem weiteren Einsatz kippte ein Baum auf ein Mehrfamilienhaus am Rathelbecker Weg\u201c, teilt die Feuerwehr mit.<\/p>\n<p class=\"richtext text-em-55 !leading-serif mx-6 desktop:mx-0\">Besonders betroffen vom Sturm ist zudem Alt-Erkrath, insbesondere im Bereich des Geh\u00f6ftes Liethen und der dorthin f\u00fchrenden Metzkausener Stra\u00dfe. \u201eDort waren mehrere gro\u00dfe B\u00e4ume umgest\u00fcrzt und blockierten die Zuwegung. Am Wohngeb\u00e4ude hatte sich ein Fenster mitsamt Rahmen durch den Wind gel\u00f6st und drohte herabzust\u00fcrzen\u201c, berichten die Erkrather Brandbek\u00e4mpfer.<\/p>\n<p class=\"richtext text-em-55 !leading-serif mx-6 desktop:mx-0\">\u201eAufgrund der Vielzahl der Sturmsch\u00e4den, auch in den st\u00e4dtischen Parks, bitten wir die Bev\u00f6lkerung aktuell darum, die W\u00e4lder, Friedh\u00f6fe und Parkanlagen nicht zu betreten. Es besteht weiterhin die Gefahr abgebrochener \u00c4ste und umst\u00fcrzender B\u00e4ume\u201c, betont die Feuerwehr, die auch im Laufe des Tages noch an einigen Einsatzstellen zu tun hatte.<\/p>\n<p class=\"text_ohne_einzug richtext text-em-55 !leading-serif mx-6 desktop:mx-0\">Einen Dauereinsatz erlebten auch die Kr\u00e4fte der Freiwilligen Feuerwehr W\u00fclfrath Sonntagnacht. Der Sturm habe \u201eeine Spur der Verw\u00fcstung\u201c hinterlassen, so Florian Gerstacker, stellvertretender Feuerwehrchef. Die Einsatzkr\u00e4fte mussten zu rund einem Dutzend umgest\u00fcrzter B\u00e4ume ausr\u00fccken. Zum Einsatz kamen dabei Kettens\u00e4gen, um die Stra\u00dfen wieder freizubekommen. \u201eBesonders schwer traf es den Ahornweg. Dort begrub ein massiver Baum zwei geparkte Pkw unter sich. Gl\u00fccklicherweise gab es bei allen Eins\u00e4tzen keine Verletzten\u201c, so Gerstacker. Unterst\u00fctzung erhielt die Feuerwehr durch den Radlader des st\u00e4dtischen Bauhofes, um schwere Baumteile zu bewegen.<\/p>\n<p class=\"richtext text-em-55 !leading-serif mx-6 desktop:mx-0\">Auch in W\u00fclfrath hatten die hohen Temperaturen am Samstag bereits dazu gef\u00fchrt, dass zwei Brandmeldeanlagen ausgel\u00f6st wurden.<\/p>\n","protected":false},"excerpt":{"rendered":"Mit der Hitze zog auf einmal der Sturm auf: Der Sonntag, 28. Juni, hat f\u00fcr die Feuerwehren in&hellip;\n","protected":false},"author":2,"featured_media":1128456,"comment_status":"","ping_status":"","sticky":false,"template":"","format":"standard","meta":{"footnotes":"","_share_on_mastodon":"0"},"categories":[1840],"tags":[11036,9180,49698,237777,59751,3364,29,588,26160,26158,9032,74288,987,985,79330,78706,30,10020,15946,1209,18172,9608,237778,59821,36668,27167,4418],"class_list":["post-1128455","post","type-post","status-publish","format-standard","has-post-thumbnail","category-wuppertal","tag-baum","tag-baeume","tag-baeumen","tag-baumteile","tag-dauereinsatz","tag-de","tag-deutschland","tag-einsatz","tag-einsaetze","tag-einsaetzen","tag-einsatzkraefte","tag-einsatzstellen","tag-feuer","tag-feuerwehr","tag-feuerwehrchef","tag-feuerwehren","tag-germany","tag-kraefte","tag-mettmann","tag-nordrhein-westfalen","tag-staedten","tag-sturm","tag-sturmnacht","tag-sturmschaeden","tag-wehr","tag-wuelfrath","tag-wuppertal"],"share_on_mastodon":{"url":"https:\/\/pubeurope.com\/@de\/116828720793209665","error":""},"_links":{"self":[{"href":"https:\/\/www.europesays.com\/de\/wp-json\/wp\/v2\/posts\/1128455","targetHints":{"allow":["GET"]}}],"collection":[{"href":"https:\/\/www.europesays.com\/de\/wp-json\/wp\/v2\/posts"}],"about":[{"href":"https:\/\/www.europesays.com\/de\/wp-json\/wp\/v2\/types\/post"}],"author":[{"embeddable":true,"href":"https:\/\/www.europesays.com\/de\/wp-json\/wp\/v2\/users\/2"}],"replies":[{"embeddable":true,"href":"https:\/\/www.europesays.com\/de\/wp-json\/wp\/v2\/comments?post=1128455"}],"version-history":[{"count":0,"href":"https:\/\/www.europesays.com\/de\/wp-json\/wp\/v2\/posts\/1128455\/revisions"}],"wp:featuredmedia":[{"embeddable":true,"href":"https:\/\/www.europesays.com\/de\/wp-json\/wp\/v2\/media\/1128456"}],"wp:attachment":[{"href":"https:\/\/www.europesays.com\/de\/wp-json\/wp\/v2\/media?parent=1128455"}],"wp:term":[{"taxonomy":"category","embeddable":true,"href":"https:\/\/www.europesays.com\/de\/wp-json\/wp\/v2\/categories?post=1128455"},{"taxonomy":"post_tag","embeddable":true,"href":"https:\/\/www.europesays.com\/de\/wp-json\/wp\/v2\/tags?post=1128455"}],"curies":[{"name":"wp","href":"https:\/\/api.w.org\/{rel}","templated":true}]}}