{"id":112847,"date":"2025-05-15T15:35:09","date_gmt":"2025-05-15T15:35:09","guid":{"rendered":"https:\/\/www.europesays.com\/de\/112847\/"},"modified":"2025-05-15T15:35:09","modified_gmt":"2025-05-15T15:35:09","slug":"braunschweig-model-gisele-oppermann-ist-nach-brasilien-ausgewandert","status":"publish","type":"post","link":"https:\/\/www.europesays.com\/de\/112847\/","title":{"rendered":"Braunschweig | Model Gisele Oppermann ist nach Brasilien ausgewandert"},"content":{"rendered":"<p class=\"bodytext\">Sie suchte in mehreren TV-Formaten ihr Gl\u00fcck. Als Wohnort hat Gisele Oppermann nun die nieders\u00e4chsische Provinz gegen einen brasilianischen K\u00fcstenort getauscht.<\/p>\n<p class=\"bodytext\">Leute<\/p>\n<p class=\"bodytext\">Braunschweig (dpa) &#8211; Model und Reality-Star Gisele Oppermann hat Deutschland verlassen und ist nach Brasilien ausgewandert. Diesen Schritt best\u00e4tigte die 37-j\u00e4hrige Braunschweigerin der Deutschen Presse-Agentur. Zuvor hatte die \u00abBild\u00bb \u00fcber die R\u00fcckkehr der Halb-Brasilianerin in ihre Heimat berichtet.\u00a0<\/p>\n<p>Die Ex-Kandidatin von \u00abGermany`s Next Topmodel\u00bb und Bewohnerin des RTL-Dschungelcamps verlie\u00df dem Bericht zufolge gemeinsam mit ihrer Tochter Niedersachsen und lebt seit einigen Wochen im kleinen K\u00fcstenort Jericoacoara im Nordosten des s\u00fcdamerikanischen Landes.\u00a0<\/p>\n<p>\u00abIch k\u00f6nnte mir gut vorstellen, hier ein kleines Restaurant zu er\u00f6ffnen\u00bb, sagte sie der \u00abBild\u00bb. Das bedeute aber nicht, dass sie nicht mehr an TV-Formaten teilnehme.<\/p>\n<p class=\"bodytext\">\u00a9 dpa-infocom, dpa:250515-930-548740\/1<\/p>\n","protected":false},"excerpt":{"rendered":"Sie suchte in mehreren TV-Formaten ihr Gl\u00fcck. Als Wohnort hat Gisele Oppermann nun die nieders\u00e4chsische Provinz gegen einen&hellip;\n","protected":false},"author":2,"featured_media":112848,"comment_status":"","ping_status":"","sticky":false,"template":"","format":"standard","meta":{"footnotes":""},"categories":[1850],"tags":[5697,6429,3364,29,548,663,3934,30,13,2549,14,15,1411,12],"class_list":{"0":"post-112847","1":"post","2":"type-post","3":"status-publish","4":"format-standard","5":"has-post-thumbnail","7":"category-braunschweig","8":"tag-brasilien","9":"tag-braunschweig","10":"tag-de","11":"tag-deutschland","12":"tag-eu","13":"tag-europa","14":"tag-europe","15":"tag-germany","16":"tag-headlines","17":"tag-leute","18":"tag-nachrichten","19":"tag-news","20":"tag-niedersachsen","21":"tag-schlagzeilen"},"share_on_mastodon":{"url":"","error":""},"_links":{"self":[{"href":"https:\/\/www.europesays.com\/de\/wp-json\/wp\/v2\/posts\/112847","targetHints":{"allow":["GET"]}}],"collection":[{"href":"https:\/\/www.europesays.com\/de\/wp-json\/wp\/v2\/posts"}],"about":[{"href":"https:\/\/www.europesays.com\/de\/wp-json\/wp\/v2\/types\/post"}],"author":[{"embeddable":true,"href":"https:\/\/www.europesays.com\/de\/wp-json\/wp\/v2\/users\/2"}],"replies":[{"embeddable":true,"href":"https:\/\/www.europesays.com\/de\/wp-json\/wp\/v2\/comments?post=112847"}],"version-history":[{"count":0,"href":"https:\/\/www.europesays.com\/de\/wp-json\/wp\/v2\/posts\/112847\/revisions"}],"wp:featuredmedia":[{"embeddable":true,"href":"https:\/\/www.europesays.com\/de\/wp-json\/wp\/v2\/media\/112848"}],"wp:attachment":[{"href":"https:\/\/www.europesays.com\/de\/wp-json\/wp\/v2\/media?parent=112847"}],"wp:term":[{"taxonomy":"category","embeddable":true,"href":"https:\/\/www.europesays.com\/de\/wp-json\/wp\/v2\/categories?post=112847"},{"taxonomy":"post_tag","embeddable":true,"href":"https:\/\/www.europesays.com\/de\/wp-json\/wp\/v2\/tags?post=112847"}],"curies":[{"name":"wp","href":"https:\/\/api.w.org\/{rel}","templated":true}]}}