{"id":1128780,"date":"2026-06-28T20:02:16","date_gmt":"2026-06-28T20:02:16","guid":{"rendered":"https:\/\/www.europesays.com\/de\/1128780\/"},"modified":"2026-06-28T20:02:16","modified_gmt":"2026-06-28T20:02:16","slug":"hitze-sorgt-fuer-tram-stillstand-in-nuernberg-und-wuerzburg","status":"publish","type":"post","link":"https:\/\/www.europesays.com\/de\/1128780\/","title":{"rendered":"Hitze sorgt f\u00fcr Tram-Stillstand in N\u00fcrnberg und W\u00fcrzburg"},"content":{"rendered":"<p>Wegen Hitzesch\u00e4den fahren in N\u00fcrnberg vor\u00fcbergehend keine Stra\u00dfenbahnen. Auch in W\u00fcrzburg ist der Stra\u00dfenbahnverkehr eingeschr\u00e4nkt. <\/p>\n<p>Weiche Gleise: Stra\u00dfenbahnen fallen aus<\/p>\n<p>Zwischen dem W\u00fcrzburger Hauptbahnhof und Gromb\u00fchl sowie der Zellerau fahren keine Bahnen mehr. Wie die W\u00fcrzburger Versorgungs- und Verkehrs-GmbH (WVV) am Sonntagnachmittag mitteilte, sei auf den Strecken kein sicheres Fahren mehr m\u00f6glich. Au\u00dferdem sollen weitere Sch\u00e4den vermieden werden. Stattdessen fahren Ersatzbusse.\u00a0<\/p>\n<p>Durch die starke Hitze wurde das Bitumen, ein im Gleisbau verwendeter Baustoff, so weich, dass es in den Gleiskopf lief. Ein Techniker der WVV verglich den Zustand mit Schmierseife. Das Material m\u00fcsse nun \u00fcber Nacht wieder aush\u00e4rten. Angesichts der prognostizierten sinkenden Temperaturen geht die WVV davon aus, dass der Stra\u00dfenbahnverkehr am Montagmorgen wieder wie geplant laufen kann. Bis dahin verkehren auf den betroffenen Streckenabschnitten Schienenersatzbusse.<\/p>\n<p>N\u00fcrnberg: Fahren die Stra\u00dfenbahnen am Montag wieder? <\/p>\n<p>In N\u00fcrnberg ist der Stra\u00dfenbahnverkehr der Verkehrs-Aktiengesellschaft N\u00fcrnberg (VAG) derzeit komplett eingestellt. Auch hier k\u00f6nnen Fahrg\u00e4ste auf Ersatzbusse umsteigen.<\/p>\n<p>Das Bitumen hat sich auch dort so stark erhitzt, dass es an den Radreifen der Stra\u00dfenbahnen kleben blieb. Durch die Radreifen der Stra\u00dfenbahnen werde das Bitumen immer weiter aufgerissen. Die dabei entstehenden Klumpen w\u00fcrden abgeworfen und die Schienen verschmutzen, erkl\u00e4rte Tim Dahlmann-Resing, Technischer Vorstand der VAG. Zudem bleibe die z\u00e4he Masse an den Radreifen haften.<\/p>\n<p>Die Schienen m\u00fcssen per Hand freigekratzt werden, was aufgrund der Temperaturen derzeit nicht m\u00f6glich ist. Erst wenn es abgek\u00fchlt ist, k\u00f6nnen die rund 40 Kilometer Stra\u00dfenbahnstrecken wieder freigemacht werden. Gut 40 Stra\u00dfenbahnen m\u00fcssen im Depot von der Masse befreit werden. Zum Betriebsbeginn am Montag, so prognostiziert es Dahlmann-Resing, werde noch keine Stra\u00dfenbahn fahren k\u00f6nnen, sondern der Ersatzverkehr weiterlaufen. Im Laufe des Tages sollen dann zun\u00e4chst Probefahrten stattfinden, erst danach k\u00f6nnen die Strecken wieder freigegeben werden.<\/p>\n<p>Gleise auf Bahnstrecke verformt\u00a0\u2013 Sperrung im Kreis Cham<\/p>\n<p>Auch im Landkreis Cham kommt es hitzebedingt zu Ausf\u00e4llen. In diesem Fall bei der Oberpfalzbahn. In der Hitze h\u00e4tten sich die Gleise verformt, teilte die Betreiberin &#8222;L\u00e4nderbahn&#8220; am Sonntag mit. Die Strecke zwischen Cham und Bad K\u00f6tzting wurde in beide Fahrtrichtungen gesperrt. F\u00fcr den Sch\u00fclerverkehr am Montagmorgen habe man zwei Ersatzbusse organisiert. Ansonsten sei am Sonntag und Montag kein Ersatzverkehr mit Bussen m\u00f6glich. S\u00e4mtliche Kapazit\u00e4ten der Busunternehmen seien wegen der Baustelle auf der Strecke zwischen Weiden und Marktredwitz im Einsatz, hie\u00df es. Zwischen Bad K\u00f6tzting und Lam verkehren die Z\u00fcge. <\/p>\n<p>Hitze ist ein h\u00e4ufiger Ausl\u00f6ser f\u00fcr Gleisverwerfungen. Moderne Gleise sind l\u00fcckenlos verschwei\u00dft. Dadurch k\u00f6nnen sich die Schienen bei W\u00e4rme nicht frei ausdehnen. Bei zu hoher Temperatur kann das Gleis ausknicken.<\/p>\n","protected":false},"excerpt":{"rendered":"Wegen Hitzesch\u00e4den fahren in N\u00fcrnberg vor\u00fcbergehend keine Stra\u00dfenbahnen. Auch in W\u00fcrzburg ist der Stra\u00dfenbahnverkehr eingeschr\u00e4nkt. Weiche Gleise: Stra\u00dfenbahnen&hellip;\n","protected":false},"author":2,"featured_media":1128781,"comment_status":"","ping_status":"","sticky":false,"template":"","format":"standard","meta":{"footnotes":"","_share_on_mastodon":"0"},"categories":[1837],"tags":[772,3364,29,30,11607,4156,3783,4900,16160,3757,1973,15205],"class_list":["post-1128780","post","type-post","status-publish","format-standard","has-post-thumbnail","category-nuernberg","tag-bayern","tag-de","tag-deutschland","tag-germany","tag-hitze","tag-mittelfranken","tag-nuernberg","tag-strassenbahn","tag-tram","tag-unterfranken","tag-wetter","tag-wuerzburg"],"share_on_mastodon":{"url":"https:\/\/pubeurope.com\/@de\/116829523012505261","error":""},"_links":{"self":[{"href":"https:\/\/www.europesays.com\/de\/wp-json\/wp\/v2\/posts\/1128780","targetHints":{"allow":["GET"]}}],"collection":[{"href":"https:\/\/www.europesays.com\/de\/wp-json\/wp\/v2\/posts"}],"about":[{"href":"https:\/\/www.europesays.com\/de\/wp-json\/wp\/v2\/types\/post"}],"author":[{"embeddable":true,"href":"https:\/\/www.europesays.com\/de\/wp-json\/wp\/v2\/users\/2"}],"replies":[{"embeddable":true,"href":"https:\/\/www.europesays.com\/de\/wp-json\/wp\/v2\/comments?post=1128780"}],"version-history":[{"count":0,"href":"https:\/\/www.europesays.com\/de\/wp-json\/wp\/v2\/posts\/1128780\/revisions"}],"wp:featuredmedia":[{"embeddable":true,"href":"https:\/\/www.europesays.com\/de\/wp-json\/wp\/v2\/media\/1128781"}],"wp:attachment":[{"href":"https:\/\/www.europesays.com\/de\/wp-json\/wp\/v2\/media?parent=1128780"}],"wp:term":[{"taxonomy":"category","embeddable":true,"href":"https:\/\/www.europesays.com\/de\/wp-json\/wp\/v2\/categories?post=1128780"},{"taxonomy":"post_tag","embeddable":true,"href":"https:\/\/www.europesays.com\/de\/wp-json\/wp\/v2\/tags?post=1128780"}],"curies":[{"name":"wp","href":"https:\/\/api.w.org\/{rel}","templated":true}]}}