{"id":1128808,"date":"2026-06-28T20:24:20","date_gmt":"2026-06-28T20:24:20","guid":{"rendered":"https:\/\/www.europesays.com\/de\/1128808\/"},"modified":"2026-06-28T20:24:20","modified_gmt":"2026-06-28T20:24:20","slug":"eugensplatzfest-in-stuttgart-fest-premiere-am-hitzewochenende-positive-bilanz-trotz-weniger-besucher","status":"publish","type":"post","link":"https:\/\/www.europesays.com\/de\/1128808\/","title":{"rendered":"Eugensplatzfest in Stuttgart: Fest-Premiere am Hitzewochenende &#8211; positive Bilanz trotz weniger Besucher"},"content":{"rendered":"<p>\t\t\t\t\t\t\t\t\t\t\t\t\t\t\t\t\t\t\t\t\t\t\t\t\t\t\t\t      \t\t            \t\t             \t\t\t\t   \t\t\t\t\t   <img decoding=\"async\" id=\"article-image\" fetchpriority=\"high\" alt=\"Eugensplatzfest in Stuttgart: Fest-Premiere am Hitzewochenende - positive Bilanz trotz weniger Besucher\" title=\"Eugensplatzfest in Stuttgart: Fest-Premiere am Hitzewochenende - positive Bilanz trotz weniger Besucher\" src=\"https:\/\/www.europesays.com\/de\/wp-content\/uploads\/2026\/06\/media.media.289cc9c4-8f40-4f1a-b96c-e798a1c60a55.16x9_700.jpg\" data-linkto=\"https:\/\/www.stuttgarter-nachrichten.de\/javascript:void(0);\"\/>\t\t\t\t\t\t\t\t\t\t\t\t\t\t\t\t\t\t\t\t\t\t\t\tEugensplatzfest Stuttgart\u00a0Foto: Yelin T\u00fcrk\t\t\t<\/p>\n<p>Eine Hitzewelle sorgte daf\u00fcr, dass weniger Besucher als erwartet zum ersten Eugensplatzfest kamen. Die Veranstalterinnen und Veranstalter sind trotzdem zufrieden.<\/p>\n<p> Ein leckeres Eis, ein kaltes Getr\u00e4nk und die Sonne auf der Haut sp\u00fcren &#8211; Sommerfeste sind eine sch\u00f6ne Sache. Am Samstag gab es all das und noch mehr am ikonischen <a href=\"https:\/\/www.stuttgarter-nachrichten.de\/thema\/Eugensplatz\" title=\"Eugensplatz\" class=\"art_thema\" rel=\"nofollow noopener\" target=\"_blank\">Eugensplatz<\/a>. Zum ersten Mal fand dort das Eugensplatzfest statt, organisiert wurde das ganze von dem Casa Sch\u00fctzenplatz-Verein. \u201eWir wollen der Nachbarschaft, aber auch allen anderen Stuttgarterinnen und Stuttgartern eine weitere Plattform bieten und einen Ort der Begegnung schaffen\u201c, <a href=\"https:\/\/www.stuttgarter-zeitung.de\/inhalt.absagen-von-stuttgarter-festen-neues-sommerfest-am-eugensplatz-wirkt-negativtrend-entgegen-das-ist-geplant.e53cdfc3-264f-46fa-b9ed-4f167587c9f3.html\" target=\"_blank\" rel=\"nofollow noopener\">erkl\u00e4rte Vereinsmitglied und Mitorganisator Patrick Puschinski vor dem Fest<\/a>.<\/p>\n<p>Und das ist ihm und seinem Verein auch gelungen. Neben dem Galateabrunnen stehen an diesem Samstag mehrere Essens- und Getr\u00e4nkest\u00e4nde. Ein Flohmarkt hat laut dem Verein besonders zu Beginn, nach 11 Uhr, einige Leute angelockt. Am sp\u00e4ten Nachmittag spielt ein DJ Musik, w\u00e4hrend um ihn herum gem\u00fctlich gegessen, getrunken und geplaudert wird. <\/p>\n<p>Tamara Lenker und ihr Mann Dieter sind zwei von ihnen. \u201eWir haben uns eben noch zwei Kugeln Eis geholt und jetzt sitzen wir hier gem\u00fctlich. Die Atmosph\u00e4re hier eignet sich wirklich perfekt f\u00fcr sowas.\u201c Beide leben in der N\u00e4he und w\u00fcrden sich freuen, wenn das Fest auch in den kommenden Jahren stattfinden w\u00fcrde. \u201eVielleicht mit etwas milderem Wetter, so ist es aber auch ganz sch\u00f6n.\u201c Trotzdem sind nicht ganz so viele Menschen gekommen, wie erwartet, sagt Puschinski. \u201eDas kann ich bei der Hitze aber auch verstehen\u201c, gibt er zu. Besonders am Mittag sei wenig los gewesen, gegen Nachmittag fing der Platz an sich zu f\u00fcllen. In einer Woche wie der letzten, in der t\u00e4glich mehrmals Temperaturrekorde gebrochen werden, scheinen viele Menschen lieber Zuhause bleiben zu wollen.<\/p>\n<p>Weniger los als erwartet <\/p>\n<p>Dabei haben die Veranstalterinnen und Veranstalter sich M\u00fche gegeben. Sitzpl\u00e4tze stehen im Schatten und kleine Wasserschl\u00e4uche spr\u00fchen kaltes Wasser. \u201eVielleich h\u00e4tten wir das einfach besser kommunizieren m\u00fcssen\u201c, sagt Puschinski. \u201eWenn die Leute w\u00fcssten, dass ab und zu auch mal Wind weht, und es hier so schattig ist, w\u00e4ren sie wahrscheinlich auch fr\u00fcher gekommen.\u201c Zufrieden sind er und sein Verein dennoch. Und auch die Besucherinnen und Besucher sind gl\u00fccklich. \u201eEs sind auch einige fremde Menschen auf uns zugekommen und haben uns gesagt, wie toll sie die Idee und die Umsetzung finden.\u201c<\/p>\n<p>  <img decoding=\"async\" loading=\"lazy\" src=\"https:\/\/www.europesays.com\/de\/wp-content\/uploads\/2026\/06\/media.media.eaab2610-ce41-402f-b4bc-e7260b253d4d.original1024.media.jpeg\"\/>     Bei der Hitze haben sich einige Besucherinnen und Besucher Abk\u00fchlung beim Galateabrunnen gesucht.    Foto: Yelin T\u00fcrk    <\/p>\n<p>Das Fest wollten sie auch trotz Hitze nicht absagen. \u201eGerade auch weil in letzter Zeit so vieles abgesagt wurde\u201c, erkl\u00e4rt Puschinski. Ob es n\u00e4chstes Jahr noch ein zweites Eugensplatzfest geben wird, sei noch nicht sicher. Das liege vor allem daran, dass die Organisation des Festes in diesem Jahr vor allem von ihm \u00fcbernommen wurde. \u201eIch habe noch mit keinem dar\u00fcber gesprochen\u201c, sagt er.<\/p>\n","protected":false},"excerpt":{"rendered":"Eugensplatzfest Stuttgart\u00a0Foto: Yelin T\u00fcrk Eine Hitzewelle sorgte daf\u00fcr, dass weniger Besucher als erwartet zum ersten Eugensplatzfest kamen. Die&hellip;\n","protected":false},"author":2,"featured_media":1128809,"comment_status":"","ping_status":"","sticky":false,"template":"","format":"standard","meta":{"footnotes":"","_share_on_mastodon":"0"},"categories":[1830],"tags":[1634,3364,29,124394,237829,30,18113,62388,237830,1441],"class_list":["post-1128808","post","type-post","status-publish","format-standard","has-post-thumbnail","category-stuttgart","tag-baden-wuerttemberg","tag-de","tag-deutschland","tag-eugensplatz","tag-eugensplatzfest","tag-germany","tag-hitzewelle","tag-hitzewochenende","tag-patrick-puschinski","tag-stuttgart"],"share_on_mastodon":{"url":"https:\/\/pubeurope.com\/@de\/116829611096423239","error":""},"_links":{"self":[{"href":"https:\/\/www.europesays.com\/de\/wp-json\/wp\/v2\/posts\/1128808","targetHints":{"allow":["GET"]}}],"collection":[{"href":"https:\/\/www.europesays.com\/de\/wp-json\/wp\/v2\/posts"}],"about":[{"href":"https:\/\/www.europesays.com\/de\/wp-json\/wp\/v2\/types\/post"}],"author":[{"embeddable":true,"href":"https:\/\/www.europesays.com\/de\/wp-json\/wp\/v2\/users\/2"}],"replies":[{"embeddable":true,"href":"https:\/\/www.europesays.com\/de\/wp-json\/wp\/v2\/comments?post=1128808"}],"version-history":[{"count":0,"href":"https:\/\/www.europesays.com\/de\/wp-json\/wp\/v2\/posts\/1128808\/revisions"}],"wp:featuredmedia":[{"embeddable":true,"href":"https:\/\/www.europesays.com\/de\/wp-json\/wp\/v2\/media\/1128809"}],"wp:attachment":[{"href":"https:\/\/www.europesays.com\/de\/wp-json\/wp\/v2\/media?parent=1128808"}],"wp:term":[{"taxonomy":"category","embeddable":true,"href":"https:\/\/www.europesays.com\/de\/wp-json\/wp\/v2\/categories?post=1128808"},{"taxonomy":"post_tag","embeddable":true,"href":"https:\/\/www.europesays.com\/de\/wp-json\/wp\/v2\/tags?post=1128808"}],"curies":[{"name":"wp","href":"https:\/\/api.w.org\/{rel}","templated":true}]}}