{"id":1128873,"date":"2026-06-28T21:04:20","date_gmt":"2026-06-28T21:04:20","guid":{"rendered":"https:\/\/www.europesays.com\/de\/1128873\/"},"modified":"2026-06-28T21:04:20","modified_gmt":"2026-06-28T21:04:20","slug":"russell-triumphiert-beim-grossen-preis-von-oesterreich","status":"publish","type":"post","link":"https:\/\/www.europesays.com\/de\/1128873\/","title":{"rendered":"Russell triumphiert beim Gro\u00dfen Preis von \u00d6sterreich"},"content":{"rendered":"<p><b>George Russell hat sich beim Gro\u00dfen Preis von \u00d6sterreich 2026 seinen ersten Sieg seit dem Saisonauftakt in Melbourne gesichert.<\/b><\/p>\n<p><img loading=\"lazy\" decoding=\"async\" onerror=\"this.onerror=null;this.src=\" https:=\"\" src=\"https:\/\/www.europesays.com\/de\/wp-content\/uploads\/2026\/06\/dts_image_16266_osiedapibk_3122_800_600.jpg\" width=\"800\" height=\"600\"\/>George Russell \/ Mercedes (Archiv), via dts Nachrichtenagentur<\/p>\n<p>Der Mercedes-Pilot startete von der Pole-Position und konnte die F\u00fchrung trotz einiger Herausforderungen w\u00e4hrend des Rennens behaupten. Max Verstappen, der von Platz f\u00fcnf ins Rennen ging, k\u00e4mpfte sich nach vorn, konnte Russell jedoch nicht mehr einholen und musste sich mit dem zweiten Platz zufriedengeben. Andrea Kimi Antonelli, der WM-Leader, komplettierte das Podium auf Rang drei.<\/p>\n<p>Das Rennen begann mit einer spannenden Startphase, in der sich die beiden Ferrari-Piloten um die Positionen duellierten. Hamilton konnte sich zun\u00e4chst auf den zweiten Platz schieben, musste jedoch im Laufe des Rennens einige Positionen abgeben und landete schlie\u00dflich auf Platz f\u00fcnf hinter Oscar Piastri. Die Strategie spielte eine entscheidende Rolle, da die meisten Teams auf zwei Boxenstopps setzten. Besonders Antonelli profitierte von einem sp\u00e4ten Stopp, der ihm half, sich vor Verstappen zu positionieren, bevor dieser ihn wieder \u00fcberholte.<\/p>\n<p>Im Mittelfeld gab es ebenfalls einige spannende K\u00e4mpfe. Die Audis, die auf den undankbaren Positionen elf und zw\u00f6lf ins Ziel kamen, blieben ohne Punkte. Lando Norris und Charles Leclerc lieferten sich ein enges Duell, bei dem Norris am Ende die Oberhand behielt und wichtige Punkte f\u00fcr sein Team sammelte. Auch Hadjar und Lawson konnten sich in den Punkter\u00e4ngen platzieren.<\/p>\n<p>Das Rennen wurde von mehreren Zwischenf\u00e4llen gepr\u00e4gt, darunter ein mechanischer Defekt bei Piastri und ein Dreher von Russell, der jedoch ohne gr\u00f6\u00dfere Folgen blieb. Trotz der Herausforderungen konnte Russell seinen Vorsprung in der letzten Runde verteidigen und den Sieg einfahren. Mit diesem Erfolg r\u00fcckt er in der Weltmeisterschaft bis auf 40 Punkte an seinen Teamkollegen heran und ist nun wieder Zweiter vor Hamilton.<\/p>\n","protected":false},"excerpt":{"rendered":"George Russell hat sich beim Gro\u00dfen Preis von \u00d6sterreich 2026 seinen ersten Sieg seit dem Saisonauftakt in Melbourne&hellip;\n","protected":false},"author":2,"featured_media":1128874,"comment_status":"","ping_status":"","sticky":false,"template":"","format":"standard","meta":{"footnotes":"","_share_on_mastodon":"0"},"categories":[1846],"tags":[680,772,3364,29,548,663,3934,6874,1572,30,13,14,15,237835,12],"class_list":["post-1128873","post","type-post","status-publish","format-standard","has-post-thumbnail","category-augsburg","tag-augsburg","tag-bayern","tag-de","tag-deutschland","tag-eu","tag-europa","tag-europe","tag-f1","tag-formel-1","tag-germany","tag-headlines","tag-nachrichten","tag-news","tag-russel","tag-schlagzeilen"],"share_on_mastodon":{"url":"https:\/\/pubeurope.com\/@de\/116829767843944620","error":""},"_links":{"self":[{"href":"https:\/\/www.europesays.com\/de\/wp-json\/wp\/v2\/posts\/1128873","targetHints":{"allow":["GET"]}}],"collection":[{"href":"https:\/\/www.europesays.com\/de\/wp-json\/wp\/v2\/posts"}],"about":[{"href":"https:\/\/www.europesays.com\/de\/wp-json\/wp\/v2\/types\/post"}],"author":[{"embeddable":true,"href":"https:\/\/www.europesays.com\/de\/wp-json\/wp\/v2\/users\/2"}],"replies":[{"embeddable":true,"href":"https:\/\/www.europesays.com\/de\/wp-json\/wp\/v2\/comments?post=1128873"}],"version-history":[{"count":0,"href":"https:\/\/www.europesays.com\/de\/wp-json\/wp\/v2\/posts\/1128873\/revisions"}],"wp:featuredmedia":[{"embeddable":true,"href":"https:\/\/www.europesays.com\/de\/wp-json\/wp\/v2\/media\/1128874"}],"wp:attachment":[{"href":"https:\/\/www.europesays.com\/de\/wp-json\/wp\/v2\/media?parent=1128873"}],"wp:term":[{"taxonomy":"category","embeddable":true,"href":"https:\/\/www.europesays.com\/de\/wp-json\/wp\/v2\/categories?post=1128873"},{"taxonomy":"post_tag","embeddable":true,"href":"https:\/\/www.europesays.com\/de\/wp-json\/wp\/v2\/tags?post=1128873"}],"curies":[{"name":"wp","href":"https:\/\/api.w.org\/{rel}","templated":true}]}}