{"id":1128886,"date":"2026-06-28T21:12:18","date_gmt":"2026-06-28T21:12:18","guid":{"rendered":"https:\/\/www.europesays.com\/de\/1128886\/"},"modified":"2026-06-28T21:12:18","modified_gmt":"2026-06-28T21:12:18","slug":"berlin-berichte-lewandowski-vor-wechsel-in-die-usa","status":"publish","type":"post","link":"https:\/\/www.europesays.com\/de\/1128886\/","title":{"rendered":"Berlin | Berichte: Lewandowski vor Wechsel in die USA"},"content":{"rendered":"<p>Berlin (dpa) &#8211; Der Wechsel von Ex-Bayern-Star Robert Lewandowski (37) in die USA zu Chicago Fire steht laut Medienberichten unmittelbar bevor. Demnach haben sich der polnische Fu\u00dfball-Nationalspieler und der Club aus der Major League Soccer auf einen Zweijahresvertrag geeinigt. Die vorbereiteten Dokumente soll innerhalb der n\u00e4chsten 24 Stunden unterschrieben werden. Der St\u00fcrmer soll zeitnah den Medizincheck absolvieren, hie\u00df es bei Sky und \u00abThe Athletic\u00bb weiter. Lewandowskis Vertrag beim FC Barcelona l\u00e4uft am Monatsende aus.\u00a0<\/p>\n<p>Der mehrmalige Bundesliga-Torsch\u00fctzenk\u00f6nig ist schon l\u00e4nger im Visier von Chicago, f\u00fcr das die Verpflichtung der n\u00e4chste namhafte Coup nach Bastian Schweinsteiger (2017-2019) w\u00e4re. Die WM in den USA, Mexiko und Kanada hatte Lewandowski mit Polen verpasst.<\/p>\n<p>Lewandowski k\u00f6nnte sein erstes Spiel am 16. Juli ausgerechnet gegen die Vancouver Whitecaps und seinen Ex-Bayern-Kollegen Thomas M\u00fcller (36) bestreiten. Am 23. Juli soll es in Miami zum Duell mit Weltstar Lionel Messi (39) kommen.<\/p>\n<p>Kommt es zur Wiedervereinigung mit Goretzka?<\/p>\n<p>In Chicago k\u00f6nnte Lewandowski vielleicht auf einen alten Bekannten treffen. Auch Nationalspieler Leon Goretzka (31), dessen Kontrakt beim FC Bayern M\u00fcnchen ebenfalls am kommenden Dienstag ausl\u00e4uft, soll auf der Liste von Fire stehen. Goretzka spielt mit Deutschland bei der WM am Montag im ersten K.o.-Spiel gegen Paraguay. Interesse an dem Mittelfeldspieler soll es aber auch von einigen europ\u00e4ischen Top-Clubs geben.<\/p>\n<p>Mit der Verpflichtung von Lewandowski w\u00e4re laut \u00abThe Athletic\u00bb aber kein Platz mehr frei f\u00fcr einen sogenannten \u00abDesignated Player\u00bb. Drei davon sind erlaubt, sie d\u00fcrfen mit ihrem Gehalt \u00fcber der erlaubten Grenze liegen. Allerdings f\u00e4nden die Clubs auch daf\u00fcr immer wieder L\u00f6sungsm\u00f6glichkeiten, hie\u00df es.\u00a0<\/p>\n<p>Neben Thomas M\u00fcller (36) spielt in Nordamerika unter anderem auch der ehemalige BVB-Profi Marco Reus (37) bei den LA Galaxy.<\/p>\n","protected":false},"excerpt":{"rendered":"Berlin (dpa) &#8211; Der Wechsel von Ex-Bayern-Star Robert Lewandowski (37) in die USA zu Chicago Fire steht laut&hellip;\n","protected":false},"author":2,"featured_media":1128887,"comment_status":"","ping_status":"","sticky":false,"template":"","format":"standard","meta":{"footnotes":"","_share_on_mastodon":"0"},"categories":[1841],"tags":[1605,299,231520,3364,29,8834,347,30,16075,1209,3917,13014,1288,64],"class_list":["post-1128886","post","type-post","status-publish","format-standard","has-post-thumbnail","category-bielefeld","tag-bielefeld","tag-bundesliga","tag-chicago-fire","tag-de","tag-deutschland","tag-fc-barcelona","tag-fussball","tag-germany","tag-mls","tag-nordrhein-westfalen","tag-polen","tag-robert-lewandowski","tag-transfers","tag-usa"],"share_on_mastodon":{"url":"https:\/\/pubeurope.com\/@de\/116829798346603504","error":""},"_links":{"self":[{"href":"https:\/\/www.europesays.com\/de\/wp-json\/wp\/v2\/posts\/1128886","targetHints":{"allow":["GET"]}}],"collection":[{"href":"https:\/\/www.europesays.com\/de\/wp-json\/wp\/v2\/posts"}],"about":[{"href":"https:\/\/www.europesays.com\/de\/wp-json\/wp\/v2\/types\/post"}],"author":[{"embeddable":true,"href":"https:\/\/www.europesays.com\/de\/wp-json\/wp\/v2\/users\/2"}],"replies":[{"embeddable":true,"href":"https:\/\/www.europesays.com\/de\/wp-json\/wp\/v2\/comments?post=1128886"}],"version-history":[{"count":0,"href":"https:\/\/www.europesays.com\/de\/wp-json\/wp\/v2\/posts\/1128886\/revisions"}],"wp:featuredmedia":[{"embeddable":true,"href":"https:\/\/www.europesays.com\/de\/wp-json\/wp\/v2\/media\/1128887"}],"wp:attachment":[{"href":"https:\/\/www.europesays.com\/de\/wp-json\/wp\/v2\/media?parent=1128886"}],"wp:term":[{"taxonomy":"category","embeddable":true,"href":"https:\/\/www.europesays.com\/de\/wp-json\/wp\/v2\/categories?post=1128886"},{"taxonomy":"post_tag","embeddable":true,"href":"https:\/\/www.europesays.com\/de\/wp-json\/wp\/v2\/tags?post=1128886"}],"curies":[{"name":"wp","href":"https:\/\/api.w.org\/{rel}","templated":true}]}}