{"id":1128937,"date":"2026-06-28T21:42:30","date_gmt":"2026-06-28T21:42:30","guid":{"rendered":"https:\/\/www.europesays.com\/de\/1128937\/"},"modified":"2026-06-28T21:42:30","modified_gmt":"2026-06-28T21:42:30","slug":"konzert-anna-netrebko-in-essen","status":"publish","type":"post","link":"https:\/\/www.europesays.com\/de\/1128937\/","title":{"rendered":"Konzert: Anna Netrebko in Essen"},"content":{"rendered":"<p class=\"text_ohne_einzug richtext text-em-55 !leading-serif mx-6 desktop:mx-0\"> Ihre Stimme ist zwar in den letzten 25\u2005Jahren breiter, gr\u00f6\u00dfer, aber auch w\u00e4rmer und samtiger geworden. Aber wenn sie sich in die hohen Register emporschwingt, klingt sie mit Mitte\u200550 so makellos, gesund und rein wie bei ihrem spektakul\u00e4ren Durchbruch 2002 bei den Salzburger Festspielen. Kein Wunder, dass sie jetzt in der voll besetzten Essener Philharmonie gefeiert wurde. Mit stehenden Ovationen und Jubel von knapp 2000\u2005Besuchern auf allen R\u00e4ngen. Wie eh und je. Anna Netrebko ist wieder da!<\/p>\n","protected":false},"excerpt":{"rendered":"Ihre Stimme ist zwar in den letzten 25\u2005Jahren breiter, gr\u00f6\u00dfer, aber auch w\u00e4rmer und samtiger geworden. Aber wenn&hellip;\n","protected":false},"author":2,"featured_media":1128938,"comment_status":"","ping_status":"","sticky":false,"template":"","format":"standard","meta":{"footnotes":"","_share_on_mastodon":"0"},"categories":[1834],"tags":[162886,51577,108053,3364,29,3688,30,42170,206556,1209,4894,54152,4983,70024,67409,39437],"class_list":["post-1128937","post","type-post","status-publish","format-standard","has-post-thumbnail","category-essen","tag-adressen","tag-anna-netrebko","tag-boykott","tag-de","tag-deutschland","tag-essen","tag-germany","tag-klingt","tag-mezzosopran","tag-nordrhein-westfalen","tag-orchester","tag-ovationen","tag-philharmonie","tag-russisch","tag-sopran","tag-stimme"],"share_on_mastodon":{"url":"https:\/\/pubeurope.com\/@de\/116829916240407868","error":""},"_links":{"self":[{"href":"https:\/\/www.europesays.com\/de\/wp-json\/wp\/v2\/posts\/1128937","targetHints":{"allow":["GET"]}}],"collection":[{"href":"https:\/\/www.europesays.com\/de\/wp-json\/wp\/v2\/posts"}],"about":[{"href":"https:\/\/www.europesays.com\/de\/wp-json\/wp\/v2\/types\/post"}],"author":[{"embeddable":true,"href":"https:\/\/www.europesays.com\/de\/wp-json\/wp\/v2\/users\/2"}],"replies":[{"embeddable":true,"href":"https:\/\/www.europesays.com\/de\/wp-json\/wp\/v2\/comments?post=1128937"}],"version-history":[{"count":0,"href":"https:\/\/www.europesays.com\/de\/wp-json\/wp\/v2\/posts\/1128937\/revisions"}],"wp:featuredmedia":[{"embeddable":true,"href":"https:\/\/www.europesays.com\/de\/wp-json\/wp\/v2\/media\/1128938"}],"wp:attachment":[{"href":"https:\/\/www.europesays.com\/de\/wp-json\/wp\/v2\/media?parent=1128937"}],"wp:term":[{"taxonomy":"category","embeddable":true,"href":"https:\/\/www.europesays.com\/de\/wp-json\/wp\/v2\/categories?post=1128937"},{"taxonomy":"post_tag","embeddable":true,"href":"https:\/\/www.europesays.com\/de\/wp-json\/wp\/v2\/tags?post=1128937"}],"curies":[{"name":"wp","href":"https:\/\/api.w.org\/{rel}","templated":true}]}}