{"id":1129101,"date":"2026-06-28T23:46:17","date_gmt":"2026-06-28T23:46:17","guid":{"rendered":"https:\/\/www.europesays.com\/de\/1129101\/"},"modified":"2026-06-28T23:46:17","modified_gmt":"2026-06-28T23:46:17","slug":"block-prozess-fahrer-der-rueckholaktion-soll-per-video-aus-israel-zugeschaltet-werden","status":"publish","type":"post","link":"https:\/\/www.europesays.com\/de\/1129101\/","title":{"rendered":"Block-Prozess: Fahrer der R\u00fcckholaktion soll per Video aus Israel zugeschaltet werden"},"content":{"rendered":"<p class=\"is-first-paragraph\" data-external=\"Article.FirstParagraph\">Er soll bei der gewaltsamen R\u00fcckholung der Block-Kinder einer der Fahrer gewesen sein: Das Landgericht Hamburg will am Montag (9.30 Uhr) einen weiteren mutma\u00dflichen Entf\u00fchrer befragen. Die Zeugenaussage soll aber nach derzeitigem Stand per Video aus der Kanzlei seines Rechtsanwalts in Israel in das Hamburger Landgericht erfolgen, wie das Gericht mitteilte.<\/p>\n<p>Bereits Ende April hatte ein 35-J\u00e4hriger in der Hansestadt ausgesagt, der nach eigenen Angaben ebenfalls eines der Autos bei der Tat lenkte. Die Kinder waren in der Silvesternacht 2023\/24 beim Beobachten des Feuerwerks am Wohnort des Vaters in D\u00e4nemark in einen der Wagen gezerrt und nach Deutschland gebracht worden. Der heute 52-j\u00e4hrige Vater wollte das verhindern und wurde niedergeschlagen.<\/p>\n<p>Der aktuelle Zeuge und weitere Beschuldigte aus Israel hatten sich mitten im laufenden Prozess gemeldet, die Justiz gew\u00e4hrte f\u00fcnf Personen f\u00fcr ihre Aussage sicheres Geleit. Sie m\u00fcssen zu einem sp\u00e4teren Zeitpunkt ebenfalls mit einer Anklage und einem Prozess rechnen.<\/p>\n<p>Christina Block bestreitet Anklagevorw\u00fcrfe<\/p>\n<p>Die Hamburger Unternehmerin Christina Block ist angeklagt, nach einem langen Sorgerechtsstreit mit ihrem Ex-Mann eine israelische Sicherheitsfirma damit beauftragt zu haben, ihre beiden j\u00fcngsten Kinder (damals 10 und 13 Jahre alt) zu entf\u00fchren. Die Tochter des Gr\u00fcnders der Steakhaus-Kette \u201eBlock House\u201c, Eugen Block, beteuert ihre Unschuld. Ihr Lebensgef\u00e4hrte Gerhard Delling (67) ist wegen Beihilfe angeklagt. Der fr\u00fchere Sportmoderator hat erkl\u00e4rt, er habe nichts Unrechtes getan. Es gibt noch f\u00fcnf weitere Angeklagte.<\/p>\n<p>Ein Israeli sitzt in Untersuchungshaft<\/p>\n<p>Nur ein Angeklagter sitzt derzeit in Untersuchungshaft: Der 36-j\u00e4hrige Israeli wurde bereits Ende September 2024 auf Zypern verhaftet. Er hat einger\u00e4umt, an der Tat beteiligt gewesen zu sein. Jedoch sei er davon ausgegangen, den Jungen und das M\u00e4dchen aus den H\u00e4nden ihres angeblich b\u00f6sen Vaters zu retten.<\/p>\n<p>Christina Block und ihr Ex-Mann Stephan Hensel haben vier gemeinsame Kinder. Die \u00e4lteste Tochter war nach einem Streit im Sommer 2021 mit Zustimmung der Mutter zu ihrem Vater nach D\u00e4nemark gezogen. Wenige Wochen sp\u00e4ter brachte Hensel die beiden j\u00fcngsten Kinder nicht wie vereinbart nach einem Wochenendbesuch zur\u00fcck nach Hamburg.<\/p>\n<p>Er erhob Gewaltvorw\u00fcrfe, die Block als unwahr bezeichnet. Hensel habe die Kinder manipuliert, meint die 53-J\u00e4hrige, die keinen Kontakt zu ihren Kindern in D\u00e4nemark hat. Die zweit\u00e4lteste Tochter blieb bei Block in Hamburg.<\/p>\n","protected":false},"excerpt":{"rendered":"Er soll bei der gewaltsamen R\u00fcckholung der Block-Kinder einer der Fahrer gewesen sein: Das Landgericht Hamburg will am&hellip;\n","protected":false},"author":2,"featured_media":1129102,"comment_status":"","ping_status":"","sticky":false,"template":"","format":"standard","meta":{"footnotes":"","_share_on_mastodon":"0"},"categories":[1826],"tags":[39334,7038,77899,1160,29,10792,30,692,8923,45],"class_list":["post-1129101","post","type-post","status-publish","format-standard","has-post-thumbnail","category-hamburg","tag-block","tag-block-house","tag-christina-tochter","tag-daenemark","tag-deutschland","tag-eugen","tag-germany","tag-hamburg","tag-lauterbach-joern","tag-texttospeech"],"share_on_mastodon":{"url":"https:\/\/pubeurope.com\/@de\/116830403844695807","error":""},"_links":{"self":[{"href":"https:\/\/www.europesays.com\/de\/wp-json\/wp\/v2\/posts\/1129101","targetHints":{"allow":["GET"]}}],"collection":[{"href":"https:\/\/www.europesays.com\/de\/wp-json\/wp\/v2\/posts"}],"about":[{"href":"https:\/\/www.europesays.com\/de\/wp-json\/wp\/v2\/types\/post"}],"author":[{"embeddable":true,"href":"https:\/\/www.europesays.com\/de\/wp-json\/wp\/v2\/users\/2"}],"replies":[{"embeddable":true,"href":"https:\/\/www.europesays.com\/de\/wp-json\/wp\/v2\/comments?post=1129101"}],"version-history":[{"count":0,"href":"https:\/\/www.europesays.com\/de\/wp-json\/wp\/v2\/posts\/1129101\/revisions"}],"wp:featuredmedia":[{"embeddable":true,"href":"https:\/\/www.europesays.com\/de\/wp-json\/wp\/v2\/media\/1129102"}],"wp:attachment":[{"href":"https:\/\/www.europesays.com\/de\/wp-json\/wp\/v2\/media?parent=1129101"}],"wp:term":[{"taxonomy":"category","embeddable":true,"href":"https:\/\/www.europesays.com\/de\/wp-json\/wp\/v2\/categories?post=1129101"},{"taxonomy":"post_tag","embeddable":true,"href":"https:\/\/www.europesays.com\/de\/wp-json\/wp\/v2\/tags?post=1129101"}],"curies":[{"name":"wp","href":"https:\/\/api.w.org\/{rel}","templated":true}]}}