{"id":1129109,"date":"2026-06-28T23:50:24","date_gmt":"2026-06-28T23:50:24","guid":{"rendered":"https:\/\/www.europesays.com\/de\/1129109\/"},"modified":"2026-06-28T23:50:24","modified_gmt":"2026-06-28T23:50:24","slug":"berlin-kaulsdorf-eltern-geben-kleinkind-und-saeugling-bier-zu-trinken-regional","status":"publish","type":"post","link":"https:\/\/www.europesays.com\/de\/1129109\/","title":{"rendered":"Berlin-Kaulsdorf: Eltern geben Kleinkind und S\u00e4ugling Bier zu trinken | Regional"},"content":{"rendered":"<p><a class=\"skip-content skip-content--link\" href=\"#in-content-skip-link-target-v-0-0\">TTS-Player \u00fcberspringen\u21b5<\/a><a id=\"in-content-skip-link-target-v-0-0\" class=\"skip-content--target-link-hidden skip-content skip-content--target-link\" href=\"#in-content-skip-link-target-v-0-0\">Artikel weiterlesen<\/a><\/p>\n<p data-780e759e=\"0-1198\">Berlin \u2013 <b>Da hat die 40-Grad-Hitze wohl auch ihr Hirn verbrannt. F\u00fcnf Erwachsene haben am Sonnabend zwei Kindern am Kaulsdorfer See Bier zu trinken gegeben. Das j\u00fcngste Opfer ist noch ein Baby, acht Monate alt. Gegen die Eltern ermitteln jetzt Kriminalpolizei und Jugendamt.<\/b><\/p>\n<p data-780e759e=\"0-1198\">Wie eine Polizeisprecherin best\u00e4tigte, hatten mehrere Zeuginnen beobachtet, wie die Kleinkinder an Bierflaschen nuckelten \u2013 sie riefen die <a href=\"https:\/\/www.bild.de\/regional\/aktuelles\/polizei\/polizeieinsatz-alle-infos-76681760.bild.html\" class=\"text-link\" rel=\"nofollow noopener\" target=\"_blank\">Polizei<\/a>. Neben dem S\u00e4ugling bekam auch ein dreij\u00e4hriges Kind Alkohol. Sie wurden von Sanit\u00e4tern der <a href=\"https:\/\/www.bild.de\/themen\/organisationen\/feuerwehr\/politik-nachrichten-news-fotos-videos-20421624.bild.html\" class=\"text-link\" rel=\"nofollow noopener\" target=\"_blank\">Feuerwehr<\/a> untersucht und vorsorglich ins Krankenhaus gebracht.<\/p>\n<p data-780e759e=\"0-1198\">Nach BILD-Informationen soll ein Vater gegen\u00fcber den Beamten angegeben haben, einem Kleinkind Corona-Bier gegeben zu haben, bevor er dann mit weiteren Erwachsenen angesto\u00dfen habe. <\/p>\n<p>Mehr zum ThemaGegen f\u00fcnf Erwachsene wird ermittelt <\/p>\n<p data-780e759e=\"0-1198\">Gegen insgesamt f\u00fcnf Erwachsene serbischer Abstammung (18, 19, 20, 23 und 25 Jahre) wird nun ermittelt. Darunter sind auch die Eltern, ihnen wird ein Versto\u00df gegen die F\u00fcrsorge- und Erziehungspflicht vorgeworfen. Mitarbeiter des Jugendamtes waren ebenfalls vor Ort und f\u00fchrten erste Gespr\u00e4che mit den Beschuldigten.<\/p>\n<p data-780e759e=\"0-1198\">Die <a href=\"https:\/\/www.bild.de\/ratgeber\/kind-familie\/kind-und-familie\/home-15721934.bild.html\" class=\"text-link\" rel=\"nofollow noopener\" target=\"_blank\">Kinder<\/a> sollen keinen Schaden genommen haben, die Ermittlungen dauern an.<\/p>\n","protected":false},"excerpt":{"rendered":"TTS-Player \u00fcberspringen\u21b5Artikel weiterlesen Berlin \u2013 Da hat die 40-Grad-Hitze wohl auch ihr Hirn verbrannt. F\u00fcnf Erwachsene haben am&hellip;\n","protected":false},"author":2,"featured_media":1129110,"comment_status":"","ping_status":"","sticky":false,"template":"","format":"standard","meta":{"footnotes":"","_share_on_mastodon":"0"},"categories":[1825],"tags":[6789,53948,296,29,985,30,18113,28432,31612,121,2715],"class_list":["post-1129109","post","type-post","status-publish","format-standard","has-post-thumbnail","category-berlin","tag-alkohol","tag-badesee","tag-berlin","tag-deutschland","tag-feuerwehr","tag-germany","tag-hitzewelle","tag-jugendamt","tag-kaulsdorf","tag-polizei","tag-sommer"],"share_on_mastodon":{"url":"https:\/\/pubeurope.com\/@de\/116830420902483422","error":""},"_links":{"self":[{"href":"https:\/\/www.europesays.com\/de\/wp-json\/wp\/v2\/posts\/1129109","targetHints":{"allow":["GET"]}}],"collection":[{"href":"https:\/\/www.europesays.com\/de\/wp-json\/wp\/v2\/posts"}],"about":[{"href":"https:\/\/www.europesays.com\/de\/wp-json\/wp\/v2\/types\/post"}],"author":[{"embeddable":true,"href":"https:\/\/www.europesays.com\/de\/wp-json\/wp\/v2\/users\/2"}],"replies":[{"embeddable":true,"href":"https:\/\/www.europesays.com\/de\/wp-json\/wp\/v2\/comments?post=1129109"}],"version-history":[{"count":0,"href":"https:\/\/www.europesays.com\/de\/wp-json\/wp\/v2\/posts\/1129109\/revisions"}],"wp:featuredmedia":[{"embeddable":true,"href":"https:\/\/www.europesays.com\/de\/wp-json\/wp\/v2\/media\/1129110"}],"wp:attachment":[{"href":"https:\/\/www.europesays.com\/de\/wp-json\/wp\/v2\/media?parent=1129109"}],"wp:term":[{"taxonomy":"category","embeddable":true,"href":"https:\/\/www.europesays.com\/de\/wp-json\/wp\/v2\/categories?post=1129109"},{"taxonomy":"post_tag","embeddable":true,"href":"https:\/\/www.europesays.com\/de\/wp-json\/wp\/v2\/tags?post=1129109"}],"curies":[{"name":"wp","href":"https:\/\/api.w.org\/{rel}","templated":true}]}}