{"id":1129115,"date":"2026-06-28T23:59:18","date_gmt":"2026-06-28T23:59:18","guid":{"rendered":"https:\/\/www.europesays.com\/de\/1129115\/"},"modified":"2026-06-28T23:59:18","modified_gmt":"2026-06-28T23:59:18","slug":"buelent-ceylans-debuet-an-der-staatsoper-berlin-ein-comedian-zieht-vom-leder-tagesspiegel","status":"publish","type":"post","link":"https:\/\/www.europesays.com\/de\/1129115\/","title":{"rendered":"B\u00fclent Ceylans Deb\u00fct an der Staatsoper Berlin: Ein Comedian zieht vom Leder &#8211; Tagesspiegel"},"content":{"rendered":"<ol>\n<li><a href=\"https:\/\/news.google.com\/rss\/articles\/CBMiwAFBVV95cUxNcWZ6WXR0QXVBUEF0ZXNXbnhZemIzcXhqUXZXNHppcGZpNEJSeDBUeTBBXzFnNFJZY2ZLckJ1LWJqbVhraHlpTlRFTjBnMVVvbUMzSEJiZkJRaFBWYS0xUmw0b1c4Nk5aMzVOWkpGLTluX2Fqem9mc3NZTEdCWkNLRjF1ZzJlRmg2dWxxRGtMazd3SE96dmNqTWZ3N1A0V0x5TFZaM0dEaGVTbG1NcERLdFhkMWFEcU16N1NuOGR6Mkg?oc=5\" target=\"_blank\" rel=\"nofollow noopener\">B\u00fclent Ceylans Deb\u00fct an der Staatsoper Berlin: Ein Comedian zieht vom Leder<\/a>&nbsp;&nbsp;Tagesspiegel<\/li>\n<li><a href=\"https:\/\/news.google.com\/rss\/articles\/CBMilgFBVV95cUxOeGdGX01UVzBkaHJwZWszYkdlYmhRZDItMXVULTd1N0NYNDlLLUhWZk84WmViUmFwalBVcFBrR3EtM3RkQmtXWDNBOUhBWnotdzJHcS1qc2RRQXIwVWtodkdfa25MVHN2aXprYmR2NGpfVXVuQ2pNV2JDY1VPS3RWUTVXakxkazZxTTBPZ0hnUFU2NUdfN1E?oc=5\" target=\"_blank\" rel=\"nofollow noopener\">B\u00fclent Ceylan in Mozarts &#8222;Entf\u00fchrung aus dem Serail&#8220;: Sehr komische Oper<\/a>&nbsp;&nbsp;SZ.de<\/li>\n<li><a href=\"https:\/\/news.google.com\/rss\/articles\/CBMiswFBVV95cUxPTGt2c2c5cXAtWDZFczVnbkJmbWxveEQ3LUdScjAzbjRrWHhHd0NWbG9CNXlSOHVqbHc5UkEtc1lkOHRuc2drN09iQWdQTE40MzN3T3YzcUwwOXlvN0RJQ3ZXYnF0YU9CUmkyTzhjNk1PTmV0aFE4YjRBVDJpc3VIdXNISDN6aEZfYUlYYVNLRUFzckFPTVJLbDB4YjF3N3hrdmxkTnJuaWNLSUtGZUhVQzBKUQ?oc=5\" target=\"_blank\" rel=\"nofollow noopener\">Kritik &#8211; &#8222;Entf\u00fchrung aus dem Serail&#8220; in Berlin: Bitte lachen!<\/a>&nbsp;&nbsp;BR Klassik<\/li>\n<li><a href=\"https:\/\/news.google.com\/rss\/articles\/CBMinwFBVV95cUxOUVd5OERITE5PYk9Oc2pXblR4Tmo3MWt0YlpDanRxNWJtZllGRHFUZndxOWllOXQ0SUZ3WEZXa2VFQzAxRDhPVEVuc2YwUFZzMDJqVXBMWU4tdm5wa0V0Um5xY3J1WEtUeUJDbC1TRzEycFVLNFlhaE5FMFVuMnlsaVc0QzJwa2xBMEFIZUZBanQzVVEtQldKcGFCNnNQclE?oc=5\" target=\"_blank\" rel=\"nofollow noopener\">&#8222;Am Ende wei\u00df man gar nicht mehr, ob Bassa oder B\u00fclent spricht&#8220;<\/a>&nbsp;&nbsp;rbb24.de<\/li>\n<li><a href=\"https:\/\/news.google.com\/rss\/articles\/CBMiugFBVV95cUxQM2kweVpaSy04OXVKRk9wN1o5RDAweUxlTmVNRG0yaDRmN3NXYUJBOG1XLTN0UWlpbzRBV3RYRVQ0M21Yanl3eEFDUm5rZlgzYlc4ajRNZ3lHZTlZRHBMZlVrUEpENU4xbEEyZE1LcGJrSzBMbll3QkVJa0tORFVBeWQwbmZxNmk5bnd4RDd1RTAwenk5ZjVMWTAzdnktY0VfbzFLc3BGNHFmaUN5WHRMN3RXc0xNRUNPWUE?oc=5\" target=\"_blank\" rel=\"nofollow noopener\">Wenn Comedy auf Singspiel trifft: \u201eDie Entf\u00fchrung aus dem Serail\u201c<\/a>&nbsp;&nbsp;Berliner Morgenpost<\/li>\n<\/ol>\n","protected":false},"excerpt":{"rendered":"B\u00fclent Ceylans Deb\u00fct an der Staatsoper Berlin: Ein Comedian zieht vom Leder&nbsp;&nbsp;Tagesspiegel B\u00fclent Ceylan in Mozarts &#8222;Entf\u00fchrung aus&hellip;\n","protected":false},"author":2,"featured_media":1129116,"comment_status":"","ping_status":"","sticky":false,"template":"","format":"standard","meta":{"footnotes":"","_share_on_mastodon":"0"},"categories":[1776],"tags":[1801,29,214,30,525,1802,76964,215],"class_list":["post-1129115","post","type-post","status-publish","format-standard","has-post-thumbnail","category-prominente","tag-celebrities","tag-deutschland","tag-entertainment","tag-germany","tag-mitte","tag-prominente","tag-staatsoper-berlin","tag-unterhaltung"],"share_on_mastodon":{"url":"","error":""},"_links":{"self":[{"href":"https:\/\/www.europesays.com\/de\/wp-json\/wp\/v2\/posts\/1129115","targetHints":{"allow":["GET"]}}],"collection":[{"href":"https:\/\/www.europesays.com\/de\/wp-json\/wp\/v2\/posts"}],"about":[{"href":"https:\/\/www.europesays.com\/de\/wp-json\/wp\/v2\/types\/post"}],"author":[{"embeddable":true,"href":"https:\/\/www.europesays.com\/de\/wp-json\/wp\/v2\/users\/2"}],"replies":[{"embeddable":true,"href":"https:\/\/www.europesays.com\/de\/wp-json\/wp\/v2\/comments?post=1129115"}],"version-history":[{"count":0,"href":"https:\/\/www.europesays.com\/de\/wp-json\/wp\/v2\/posts\/1129115\/revisions"}],"wp:featuredmedia":[{"embeddable":true,"href":"https:\/\/www.europesays.com\/de\/wp-json\/wp\/v2\/media\/1129116"}],"wp:attachment":[{"href":"https:\/\/www.europesays.com\/de\/wp-json\/wp\/v2\/media?parent=1129115"}],"wp:term":[{"taxonomy":"category","embeddable":true,"href":"https:\/\/www.europesays.com\/de\/wp-json\/wp\/v2\/categories?post=1129115"},{"taxonomy":"post_tag","embeddable":true,"href":"https:\/\/www.europesays.com\/de\/wp-json\/wp\/v2\/tags?post=1129115"}],"curies":[{"name":"wp","href":"https:\/\/api.w.org\/{rel}","templated":true}]}}