{"id":1129145,"date":"2026-06-29T00:17:25","date_gmt":"2026-06-29T00:17:25","guid":{"rendered":"https:\/\/www.europesays.com\/de\/1129145\/"},"modified":"2026-06-29T00:17:25","modified_gmt":"2026-06-29T00:17:25","slug":"klage-wegen-leistungsgruppen-kein-erfolg-fuer-traegergesellschaft-in-aachen","status":"publish","type":"post","link":"https:\/\/www.europesays.com\/de\/1129145\/","title":{"rendered":"Klage wegen Leistungsgruppen &#8211; Kein Erfolg f\u00fcr Tr\u00e4gergesellschaft in Aachen"},"content":{"rendered":"<p>Die 7. Kammer des Verwaltungsgerichts Aachen hat landesweit das erste Urteil in einem Verfahren betreffend den<a href=\"https:\/\/www.bibliomedmanager.de\/news\/krankenhausplanung-fuer-nrw-tritt-vollstaendig-in-kraft\" target=\"_self\" rel=\"nofollow noopener\"> Krankenhausplan NRW 2020<\/a> gesprochen: Kl\u00e4gerin ist eine Tr\u00e4gergesellschaft eines Krankenhauses in der St\u00e4dteregion Aachen. Sie begehrte im Wege der Klage die Zuweisung von weiteren Leistungsgruppen nach dem Krankenhausplan NRW. Mit ihrer Klage hatte sie weitgehend keinen Erfolg.<\/p>\n<p>Die Begr\u00fcndung des Gerichts: &#8222;In Bezug auf die Leistungsgruppen 12.1 (Bauchaortenaneurysma) und 14.2 (Endoprothetik Knie) ist es nicht zu beanstanden, dass das Land NRW die in der Vergangenheit behandelten F\u00e4lle der Zuweisung der Leistungsgruppen zugrunde gelegt hat. Studien sprechen daf\u00fcr, dass die Behandlungsqualit\u00e4t mit zunehmender Anzahl der Eingriffe steigt. Selbst die Mitbewerber mit den wenigsten behandelten F\u00e4llen haben immer noch rund doppelt so viele erbracht wie die Kl\u00e4gerin.&#8220;<\/p>\n<p>Die Leistungsgruppe 25.1 (Neurochirurgie) sei der Kl\u00e4gerin ebenfalls zu Recht nicht zugewiesen worden. Das Land NRW habe bei der Auswahlentscheidung keinen Fehler gemacht.\u00a0<\/p>\n<p>Die Leistungsgruppe 16.5 (Tiefe Rektumeingriffe) d\u00fcrfe die Kl\u00e4gerin hingegen vorl\u00e4ufig weiterhin durchf\u00fchren, da diese derzeit erneut beplant und eine neue Auswahlentscheidung getroffen werde.\u00a0<\/p>\n<p>Das Urteil ist noch nicht rechtskr\u00e4ftig. Die Kl\u00e4gerin kann Berufung einlegen.<\/p>\n<p>Derzeit sind vier weitere Klageverfahren betreffend den Krankenhausplan 2020 beim Verwaltungsgericht Aachen anh\u00e4ngig.\u00a0<\/p>\n<p>res<\/p>\n","protected":false},"excerpt":{"rendered":"Die 7. Kammer des Verwaltungsgerichts Aachen hat landesweit das erste Urteil in einem Verfahren betreffend den Krankenhausplan NRW&hellip;\n","protected":false},"author":2,"featured_media":1129146,"comment_status":"","ping_status":"","sticky":false,"template":"","format":"standard","meta":{"footnotes":"","_share_on_mastodon":"0"},"categories":[1853],"tags":[8769,1424,68538,3364,29,68540,68539,27507,548,663,3934,2690,30,4612,290,27502,13,1789,20069,4344,3263,10701,166,237871,237872,837,68541,27505,14,15,1209,176,12,1243],"class_list":["post-1129145","post","type-post","status-publish","format-standard","has-post-thumbnail","category-aachen","tag-verwaltungsgericht","tag-aachen","tag-bibliomed","tag-de","tag-deutschland","tag-drg","tag-drg-forum","tag-e-health","tag-eu","tag-europa","tag-europe","tag-gericht","tag-germany","tag-gesundheitspolitik","tag-gesundheitswesen","tag-gesundheitswirtschaft","tag-headlines","tag-klage","tag-klinik","tag-kliniken","tag-krankenhaus","tag-krankenhaeuser","tag-krankenkassen","tag-landeskrankenhausplanung","tag-leistungsgruppen","tag-medizin","tag-medizincontrolling","tag-medizintechnik","tag-nachrichten","tag-news","tag-nordrhein-westfalen","tag-nrw","tag-schlagzeilen","tag-urteil"],"share_on_mastodon":{"url":"","error":"Validation failed: Text character limit of 500 exceeded"},"_links":{"self":[{"href":"https:\/\/www.europesays.com\/de\/wp-json\/wp\/v2\/posts\/1129145","targetHints":{"allow":["GET"]}}],"collection":[{"href":"https:\/\/www.europesays.com\/de\/wp-json\/wp\/v2\/posts"}],"about":[{"href":"https:\/\/www.europesays.com\/de\/wp-json\/wp\/v2\/types\/post"}],"author":[{"embeddable":true,"href":"https:\/\/www.europesays.com\/de\/wp-json\/wp\/v2\/users\/2"}],"replies":[{"embeddable":true,"href":"https:\/\/www.europesays.com\/de\/wp-json\/wp\/v2\/comments?post=1129145"}],"version-history":[{"count":0,"href":"https:\/\/www.europesays.com\/de\/wp-json\/wp\/v2\/posts\/1129145\/revisions"}],"wp:featuredmedia":[{"embeddable":true,"href":"https:\/\/www.europesays.com\/de\/wp-json\/wp\/v2\/media\/1129146"}],"wp:attachment":[{"href":"https:\/\/www.europesays.com\/de\/wp-json\/wp\/v2\/media?parent=1129145"}],"wp:term":[{"taxonomy":"category","embeddable":true,"href":"https:\/\/www.europesays.com\/de\/wp-json\/wp\/v2\/categories?post=1129145"},{"taxonomy":"post_tag","embeddable":true,"href":"https:\/\/www.europesays.com\/de\/wp-json\/wp\/v2\/tags?post=1129145"}],"curies":[{"name":"wp","href":"https:\/\/api.w.org\/{rel}","templated":true}]}}