{"id":1129173,"date":"2026-06-29T00:43:38","date_gmt":"2026-06-29T00:43:38","guid":{"rendered":"https:\/\/www.europesays.com\/de\/1129173\/"},"modified":"2026-06-29T00:43:38","modified_gmt":"2026-06-29T00:43:38","slug":"wuppertal-ist-vom-bahn-chaos-gefrustet-grund-fuer-defektes-stellwerk-ist-nicht-zu-finden","status":"publish","type":"post","link":"https:\/\/www.europesays.com\/de\/1129173\/","title":{"rendered":"Wuppertal ist vom Bahn-Chaos gefrustet: Grund f\u00fcr defektes Stellwerk ist nicht zu finden"},"content":{"rendered":"<p class=\"text_ohne_einzug richtext text-em-55 !leading-serif mx-6 desktop:mx-0\">Generalsanierung trifft auf defektes Stellwerk in Vohwinkel \u2013 Bahnpendler werden aktuell auf eine harte Probe gestellt. Viele beschweren sich \u00fcber fehlende Informationen, lange Wartezeiten und ausbleibenden Schienenersatzverkehr. Bereits seit Mittwoch, 17. Juni, ist das Stellwerk in Vohwinkel defekt. Die Deutsche Bahn sucht seither nach der Ursache: \u201eUnsere Technikerinnen und Techniker arbeiten unter gro\u00dfen Bem\u00fchungen daran, die St\u00f6rung zu beheben, konnten die Ursache aber noch nicht eindeutig identifizieren\u201c, erkl\u00e4rt ein Sprecher der DB. Mittlerweile sei auch der Hersteller mit hinzugezogen worden. Momentan sei keine belastbare Prognose m\u00f6glich, ab wann die Z\u00fcge wieder regul\u00e4r fahren.<\/p>\n","protected":false},"excerpt":{"rendered":"Generalsanierung trifft auf defektes Stellwerk in Vohwinkel \u2013 Bahnpendler werden aktuell auf eine harte Probe gestellt. Viele beschweren&hellip;\n","protected":false},"author":2,"featured_media":1129174,"comment_status":"","ping_status":"","sticky":false,"template":"","format":"standard","meta":{"footnotes":"","_share_on_mastodon":"0"},"categories":[1840],"tags":[1739,2037,9695,3271,51876,2227,3364,29,235205,12262,11536,237875,30,259,1209,4125,4108,9905,16127,209460,3809,15133,19466,4418,17911,237876],"class_list":["post-1129173","post","type-post","status-publish","format-standard","has-post-thumbnail","category-wuppertal","tag-bahn","tag-bahnhof","tag-bahnhoefe","tag-bahnhoefen","tag-bahnpendler","tag-bahnverkehr","tag-de","tag-deutschland","tag-eisenbahnverkehrsunternehmen","tag-faehren","tag-generalsanierung","tag-generalsanierungsende","tag-germany","tag-informationen","tag-nordrhein-westfalen","tag-pendler","tag-sanierung","tag-sprecher","tag-stellwerk","tag-stellwerksdefekt","tag-stoerung","tag-ursache","tag-vohwinkel","tag-wuppertal","tag-zuege","tag-zurueckfahren"],"share_on_mastodon":{"url":"https:\/\/pubeurope.com\/@de\/116830627742339392","error":""},"_links":{"self":[{"href":"https:\/\/www.europesays.com\/de\/wp-json\/wp\/v2\/posts\/1129173","targetHints":{"allow":["GET"]}}],"collection":[{"href":"https:\/\/www.europesays.com\/de\/wp-json\/wp\/v2\/posts"}],"about":[{"href":"https:\/\/www.europesays.com\/de\/wp-json\/wp\/v2\/types\/post"}],"author":[{"embeddable":true,"href":"https:\/\/www.europesays.com\/de\/wp-json\/wp\/v2\/users\/2"}],"replies":[{"embeddable":true,"href":"https:\/\/www.europesays.com\/de\/wp-json\/wp\/v2\/comments?post=1129173"}],"version-history":[{"count":0,"href":"https:\/\/www.europesays.com\/de\/wp-json\/wp\/v2\/posts\/1129173\/revisions"}],"wp:featuredmedia":[{"embeddable":true,"href":"https:\/\/www.europesays.com\/de\/wp-json\/wp\/v2\/media\/1129174"}],"wp:attachment":[{"href":"https:\/\/www.europesays.com\/de\/wp-json\/wp\/v2\/media?parent=1129173"}],"wp:term":[{"taxonomy":"category","embeddable":true,"href":"https:\/\/www.europesays.com\/de\/wp-json\/wp\/v2\/categories?post=1129173"},{"taxonomy":"post_tag","embeddable":true,"href":"https:\/\/www.europesays.com\/de\/wp-json\/wp\/v2\/tags?post=1129173"}],"curies":[{"name":"wp","href":"https:\/\/api.w.org\/{rel}","templated":true}]}}