{"id":1129229,"date":"2026-06-29T01:19:23","date_gmt":"2026-06-29T01:19:23","guid":{"rendered":"https:\/\/www.europesays.com\/de\/1129229\/"},"modified":"2026-06-29T01:19:23","modified_gmt":"2026-06-29T01:19:23","slug":"hitze-bringt-helfer-ans-limit-feuerwehr-ditzingen-am-samstag-im-dauereinsatz","status":"publish","type":"post","link":"https:\/\/www.europesays.com\/de\/1129229\/","title":{"rendered":"Hitze bringt Helfer ans Limit: Feuerwehr Ditzingen am Samstag im Dauereinsatz"},"content":{"rendered":"<p> In den fr\u00fchen Morgenstunden des Samstags musste die Ditzinger <a href=\"https:\/\/www.stuttgarter-zeitung.de\/thema\/Feuerwehr\" title=\"Feuerwehr\" class=\"art_thema\" rel=\"nofollow noopener\" target=\"_blank\">Feuerwehr<\/a> <a href=\"https:\/\/www.stuttgarter-zeitung.de\/artikel\/ungewoehnliche-pressemitteilung-feuerwehr-ditzingen-gedicht-fuer-verirrte-fledermaus-79246198\" target=\"_blank\" rel=\"nofollow noopener\">eine Fledermaus aus einem Wohnraum hinausgeleiten<\/a>. Doch auch nach diesem eher skurrilen Vorfall war f\u00fcr die Brandsch\u00fctzer noch lange nicht Schluss. Sie mussten am Samstagnachmittag bei Temperaturen bis knapp unter 40 Grad in k\u00fcrzester Zeit zu drei hitzebedingten Eins\u00e4tzen ausr\u00fccken. Dabei hatten jeweils aufgrund der <a href=\"https:\/\/www.stuttgarter-zeitung.de\/thema\/Hitze\" title=\"Hitze\" class=\"art_thema\" rel=\"nofollow noopener\" target=\"_blank\">Hitze<\/a> verschiedene technische Ger\u00e4te versagt, Br\u00e4nde waren nicht ausgebrochen. \u201eF\u00fcr die eingesetzten Einsatzkr\u00e4fte kam es zu einer mehrst\u00fcndigen Maximalbelastung, die gl\u00fccklicherweise ohne gesundheitliche Folgen blieb\u201c, fasst Feuerwehr-Pressesprecher Andreas H\u00e4cker zusammen.<\/p>\n<p>\u00dcberhitzter Brandmelder, defekter Solarthermie-Kollektor <\/p>\n<p>Gegen 14.47 Uhr l\u00f6ste die Brandmeldeanlage eines Geb\u00e4udekomplexes im Heimerdinger Industriegebiet einen Alarm f\u00fcr die Feuerwehr aus. Verursacht hatte dies ein Melder im gl\u00e4sernen Dachfirst des Geb\u00e4udes. Zwar gab es kein Schadensfeuer. \u201eDurch die hei\u00dfe Luft und die direkte Sonneneinstrahlung hatte sich der Rauch-W\u00e4rmemelder jedoch auf knapp 70 Grad erhitzt\u201c, so H\u00e4cker. Um die Temperatur zu senken, setzte die Feuerwehr einen Druckl\u00fcfter ein und schaffte mit einer Plane einen provisorischen Schutz vor weiterer Sonneneinstrahlung.<\/p>\n<p>Auf der R\u00fcckfahrt des Einsatzes in Heimerdingen meldete die Integrierte Leitstelle um 16.17 Uhr Qualm im Dachbereich eines Mehrfamilienhauses in <a href=\"https:\/\/www.stuttgarter-zeitung.de\/thema\/Gerlingen\" title=\"Gerlingen\" class=\"art_thema\" rel=\"nofollow noopener\" target=\"_blank\">Gerlingen<\/a>. Kommandowagen und Hilfeleistungsl\u00f6schfahrzeug machten sich daraufhin zur Unterst\u00fctzung in die dortige Jakobstra\u00dfe auf. \u201eBei der Erkundung \u00fcber die Drehleiter konnte ausstr\u00f6mender Dampf aus der Leitung eines Solarthermie-Kollektors als Ursache festgestellt werden\u201c, so H\u00e4cker. Ein Schadensfeuer sei rasch ausgeschlossen gewesen. F\u00fcr weitere Ma\u00dfnahmen habe man die Hausbewohner an eine Fachfirma verwiesen.<\/p>\n<p>Hitze: Im Burger-Restaurant spielt der Brandmelder verr\u00fcckt <\/p>\n<p>Unmittelbar nach dem <a href=\"https:\/\/www.stuttgarter-zeitung.de\/thema\/Einsatz\" title=\"Einsatz\" class=\"art_thema\" rel=\"nofollow noopener\" target=\"_blank\">Einsatz<\/a> in Gerlingen alarmierte die Leitstelle zur Brandnachschau in einem Burger-Restaurant in der Hirschlander Stra\u00dfe. Ein piepsender Rauchwarnmelder hatte dort die Betreiber des Restaurants aufgeschreckt &#8211; ausgel\u00f6st wurde er offensichtlich vom v\u00f6llig \u00fcberhitzten K\u00fchlaggregat eines K\u00fchlschranks. \u201eDas Ger\u00e4t wurde vom Stromnetz genommen, nach Kontrolle mit der W\u00e4rmebildkamera waren keine weiteren Einsatzma\u00dfnahmen erforderlich\u201c, berichtet Andreas H\u00e4cker.<\/p>\n<p>Ein Gro\u00dfteil der Feuerwehrangeh\u00f6rigen sei bei der extremen Hitze damit \u00fcber zweieinhalb Stunden durchgehend im Einsatz gewesen. \u201eAu\u00dfer betr\u00e4chtlichen Fl\u00fcssigkeitsverlusten und erh\u00f6hten K\u00f6rpertemperaturen blieben alle eingesetzten Kr\u00e4fte zum Gl\u00fcck unversehrt\u201c, fasst H\u00e4cker zusammen.<\/p>\n","protected":false},"excerpt":{"rendered":"In den fr\u00fchen Morgenstunden des Samstags musste die Ditzinger Feuerwehr eine Fledermaus aus einem Wohnraum hinausgeleiten. Doch auch&hellip;\n","protected":false},"author":2,"featured_media":1129230,"comment_status":"","ping_status":"","sticky":false,"template":"","format":"standard","meta":{"footnotes":"","_share_on_mastodon":"0"},"categories":[1830],"tags":[19482,237892,1634,3364,29,8552,588,985,5780,30,11607,5779,14,1441],"class_list":["post-1129229","post","type-post","status-publish","format-standard","has-post-thumbnail","category-stuttgart","tag-fledermaus","tag-andreas-haecker","tag-baden-wuerttemberg","tag-de","tag-deutschland","tag-ditzingen","tag-einsatz","tag-feuerwehr","tag-gerlingen","tag-germany","tag-hitze","tag-leonberg","tag-nachrichten","tag-stuttgart"],"share_on_mastodon":{"url":"https:\/\/pubeurope.com\/@de\/116830769588447295","error":""},"_links":{"self":[{"href":"https:\/\/www.europesays.com\/de\/wp-json\/wp\/v2\/posts\/1129229","targetHints":{"allow":["GET"]}}],"collection":[{"href":"https:\/\/www.europesays.com\/de\/wp-json\/wp\/v2\/posts"}],"about":[{"href":"https:\/\/www.europesays.com\/de\/wp-json\/wp\/v2\/types\/post"}],"author":[{"embeddable":true,"href":"https:\/\/www.europesays.com\/de\/wp-json\/wp\/v2\/users\/2"}],"replies":[{"embeddable":true,"href":"https:\/\/www.europesays.com\/de\/wp-json\/wp\/v2\/comments?post=1129229"}],"version-history":[{"count":0,"href":"https:\/\/www.europesays.com\/de\/wp-json\/wp\/v2\/posts\/1129229\/revisions"}],"wp:featuredmedia":[{"embeddable":true,"href":"https:\/\/www.europesays.com\/de\/wp-json\/wp\/v2\/media\/1129230"}],"wp:attachment":[{"href":"https:\/\/www.europesays.com\/de\/wp-json\/wp\/v2\/media?parent=1129229"}],"wp:term":[{"taxonomy":"category","embeddable":true,"href":"https:\/\/www.europesays.com\/de\/wp-json\/wp\/v2\/categories?post=1129229"},{"taxonomy":"post_tag","embeddable":true,"href":"https:\/\/www.europesays.com\/de\/wp-json\/wp\/v2\/tags?post=1129229"}],"curies":[{"name":"wp","href":"https:\/\/api.w.org\/{rel}","templated":true}]}}