{"id":1129431,"date":"2026-06-29T03:26:15","date_gmt":"2026-06-29T03:26:15","guid":{"rendered":"https:\/\/www.europesays.com\/de\/1129431\/"},"modified":"2026-06-29T03:26:15","modified_gmt":"2026-06-29T03:26:15","slug":"moenchengladbach-buergerinitiative-geneicken-feiert-maarfest-auf-dem-maarplatz","status":"publish","type":"post","link":"https:\/\/www.europesays.com\/de\/1129431\/","title":{"rendered":"M\u00f6nchengladbach: B\u00fcrgerinitiative Geneicken feiert Maarfest auf dem Maarplatz"},"content":{"rendered":"<p class=\"text_ohne_einzug richtext text-em-55 !leading-serif mx-6 desktop:mx-0\"> Mit den alten B\u00e4umen auf und um den Maarplatz kommt bei den Festen in dem Viertel leicht die Atmosph\u00e4re einer privaten Gartenparty auf. Besonders in diesen Hitzetagen sind die B\u00e4ume ein weiterer Pluspunkt f\u00fcr die Besucher und die Gastgeber, das Maarfest zu genie\u00dfen. Musik, Tanz, Mitmachaktionen und kulinarische Angebote waren die ideale Mischung f\u00fcr einen sehr lebendigen Sommertag.<\/p>\n<p class=\"richtext text-em-55 !leading-serif mx-6 desktop:mx-0\">F\u00fcr die passende Unterhaltung standen gleich mehrere Gruppen auf der kleinen B\u00fchne. Zwei Tanzgruppen sowie drei Musikgruppen begleiteten das Festprogramm. So konnten sich die Besucher auf griechische T\u00e4nze freuen. Ein Chor sorgte mit italienischen Liedern f\u00fcr Urlaubsstimmung und auch Flamenco stand auf dem Programm und begeisterte mit Leidenschaft und Ausdruck. Ein junges Quartett brachte Jazzkl\u00e4nge auf den Maarplatz.<\/p>\n<p>Musik, Tanz und altes Handwerk bietet das Fest auf dem Maarplatz      <\/p>\n<p class=\"richtext text-em-55 !leading-serif mx-6 desktop:mx-0\">Neben dem B\u00fchnenprogramm gab es zahlreiche Angebote zum Mitmachen. Unter dem Motto \u201eBewegung erleben\u201c konnten verschiedene Fahrradtypen ausprobiert werden. Ob Lastenrad, Tandem oder Faltrad: Viele nutzten die Gelegenheit, die unterschiedlichen Modelle kennenzulernen. Gerade f\u00fcr Technik- und Fahrradbegeisterte war dies ein echtes Highlight.<\/p>\n<p class=\"richtext text-em-55 !leading-serif mx-6 desktop:mx-0\">Auch f\u00fcr Kinder wurde einiges geboten. Eine H\u00fcpfburg und eine Torwand luden zum Toben ein und waren den ganzen Tag \u00fcber gut besucht, trotz der anhaltenden Hitze. Ein weiterer Anziehungspunkt war die Handwerkerecke. Hier wurde traditionelles Handwerk anschaulich pr\u00e4sentiert.<\/p>\n<p class=\"richtext text-em-55 !leading-serif mx-6 desktop:mx-0\">Ein Schmied zeigte eindrucksvoll seine Arbeit. Ein Holzspielzeugmacher und Drechsler demonstrierte, wie aus Holz kreative und liebevolle St\u00fccke entstehen. Ein Korbmacher erg\u00e4nzte das Angebot und stellte die Kunst des Korbflechtens vor. Viele Besucher nutzten die Gelegenheit, den Handwerkern \u00fcber die Schulter zu schauen.<\/p>\n<p>Die B\u00fcrgerinitiative Geneicken hat mit dem Maarfest eine Tradition begr\u00fcndet      <\/p>\n<p class=\"richtext text-em-55 !leading-serif mx-6 desktop:mx-0\">Kulinarisch reichte das Angebot von der klassischen Bratwurst bis zur internationalen K\u00fcche. Besonders der w\u00fcrzige Duft und die Aromen der indischen K\u00fcche, die leicht \u00fcber den Platz wehten, war ein echtes Highlight. Viele G\u00e4ste zeigten sich begeistert von den exotischen Speisen.<\/p>\n<p class=\"richtext text-em-55 !leading-serif mx-6 desktop:mx-0\">Den Dreiklang aus Musik, Handwerk und Kulinarik erg\u00e4nzte der Kreativmarkt. Ein Stand mit selbstgeschnitzten Produkten zog viele Interessierte an. Die handgefertigten St\u00fccke beeindruckten durch ihre Detailarbeit. Bei den Gespr\u00e4chen der vielen Besucher und Aussteller zeigte sich, dass die B\u00fcrgerinitiative Geneicken aus dem Maarfest l\u00e4ngst eine bei der Nachbarschaft beliebte Tradition gemacht hat.<\/p>\n","protected":false},"excerpt":{"rendered":"Mit den alten B\u00e4umen auf und um den Maarplatz kommt bei den Festen in dem Viertel leicht die&hellip;\n","protected":false},"author":2,"featured_media":1129432,"comment_status":"","ping_status":"","sticky":false,"template":"","format":"standard","meta":{"footnotes":"","_share_on_mastodon":"0"},"categories":[1849],"tags":[6151,96,63552,3364,29,548,663,3934,235028,32022,30,13,203203,237908,237909,50160,4455,14,15,1209,7789,12,4748,13363,24145],"class_list":["post-1129431","post","type-post","status-publish","format-standard","has-post-thumbnail","category-moenchengladbach","tag-besucher","tag-buehne","tag-buehnenprogramm","tag-de","tag-deutschland","tag-eu","tag-europa","tag-europe","tag-festprogramm","tag-geneicken","tag-germany","tag-headlines","tag-lebendig","tag-maarfest","tag-maarplatz","tag-mitmachaktionen","tag-moenchengladbach","tag-nachrichten","tag-news","tag-nordrhein-westfalen","tag-programm","tag-schlagzeilen","tag-temperaturen","tag-trotz","tag-zeigte"],"share_on_mastodon":{"url":"https:\/\/pubeurope.com\/@de\/116831268893838950","error":""},"_links":{"self":[{"href":"https:\/\/www.europesays.com\/de\/wp-json\/wp\/v2\/posts\/1129431","targetHints":{"allow":["GET"]}}],"collection":[{"href":"https:\/\/www.europesays.com\/de\/wp-json\/wp\/v2\/posts"}],"about":[{"href":"https:\/\/www.europesays.com\/de\/wp-json\/wp\/v2\/types\/post"}],"author":[{"embeddable":true,"href":"https:\/\/www.europesays.com\/de\/wp-json\/wp\/v2\/users\/2"}],"replies":[{"embeddable":true,"href":"https:\/\/www.europesays.com\/de\/wp-json\/wp\/v2\/comments?post=1129431"}],"version-history":[{"count":0,"href":"https:\/\/www.europesays.com\/de\/wp-json\/wp\/v2\/posts\/1129431\/revisions"}],"wp:featuredmedia":[{"embeddable":true,"href":"https:\/\/www.europesays.com\/de\/wp-json\/wp\/v2\/media\/1129432"}],"wp:attachment":[{"href":"https:\/\/www.europesays.com\/de\/wp-json\/wp\/v2\/media?parent=1129431"}],"wp:term":[{"taxonomy":"category","embeddable":true,"href":"https:\/\/www.europesays.com\/de\/wp-json\/wp\/v2\/categories?post=1129431"},{"taxonomy":"post_tag","embeddable":true,"href":"https:\/\/www.europesays.com\/de\/wp-json\/wp\/v2\/tags?post=1129431"}],"curies":[{"name":"wp","href":"https:\/\/api.w.org\/{rel}","templated":true}]}}