{"id":112961,"date":"2025-05-15T16:38:16","date_gmt":"2025-05-15T16:38:16","guid":{"rendered":"https:\/\/www.europesays.com\/de\/112961\/"},"modified":"2025-05-15T16:38:16","modified_gmt":"2025-05-15T16:38:16","slug":"wut-ueber-aus-fuer-kiezblocks-skandaloese-entscheidung","status":"publish","type":"post","link":"https:\/\/www.europesays.com\/de\/112961\/","title":{"rendered":"Wut \u00fcber Aus f\u00fcr Kiezblocks \u2013 &#8222;Skandal\u00f6se Entscheidung&#8220;"},"content":{"rendered":"<p>Auch Koalitionspartner SPD sauer <\/p>\n<p>&#8222;Skandal\u00f6se Entscheidung&#8220;: Wut \u00fcber Aus f\u00fcr Kiezblocks in Berlin<\/p>\n<p>15.05.2025 &#8211; 18:19 UhrLesedauer: 2 Min.<\/p>\n<p><a href=\"#focus-0\" class=\"transition-colors duration-200 focus-within:text-magenta block text-current relative\" data-sctrack=\"FocusGalleryImage.Reference\"><img fetchpriority=\"high\" data-testid=\"Opener.Image\" style=\"--lqipURL:url('https:\/\/images.t-online.de\/2025\/05\/oyz5zbQzS928\/0x63:3794x2134\/fit-in\/150x0\/filters:blur(25)\/berlins-verkehrssenatorin-ute-bonde-cdu-archivbild.jpg')\"   loading=\"eager\" src=\"https:\/\/www.europesays.com\/de\/wp-content\/uploads\/2025\/05\/berlins-verkehrssenatorin-ute-bonde-cdu-archivbild.jpg\" alt=\"imago images 0799880623\" title=\"imago images 0799880623\" width=\"3794\" height=\"2134\" class=\"bg-[url:var(--lqipURL)] bg-cover bg-center flex w-full max-w-full h-full\" decoding=\"async\"\/><img style=\"--width:32;--height:32\" loading=\"lazy\" src=\"https:\/\/www.europesays.com\/de\/wp-content\/uploads\/2025\/03\/zoom-in.f7dae02f.svg.svg+xml\" alt=\"Vergr\u00f6\u00dfern des Bildes\" title=\"Vergr\u00f6\u00dfern des Bildes\" class=\"&#10;        block&#10;        h-[calc(var(--height)_\/_16_*_1rem)]&#10;        w-[calc(var(--width)_\/_16_*_1rem)]&#10;        max-w-none&#10;        absolute bottom-8 right-8 rounded-4 bg-snow p-8\" decoding=\"async\"\/><\/a><\/p>\n<p>Berlins Verkehrssenatorin Ute Bonde (CDU, Archivbild): Der SPD-Politiker Tino Schopf wirft ihr eine &#8222;Konfrontationsstrategie&#8220; vor. (Quelle: IMAGO\/dts Nachrichtenagentur)<\/p>\n<p class=\"font-bold text-18 leading-17\">Die Berliner Verkehrsverwaltung stoppt die Finanzierung verkehrsberuhigter Kiezblocks. Gr\u00fcne, Linke und auch SPD-Politiker toben, Zustimmung kommt dagegen von der AfD.<\/p>\n<p class=\"text-18 leading-17\">Aufruhr in der Berliner Landespolitik: Mit der Ank\u00fcndigung, bis auf Weiteres keine Kiezblock-Projekte zur Verkehrsberuhigung zu finanzieren, zieht die Verkehrsverwaltung von CDU-Senatorin Ute Bonde sogar die Wut des Koalitionspartners <a class=\"transition-colors duration-200 cursor-pointer text-inherit no-underline text-salemsfur md:hover:text-magenta md:hover:border-magenta md:focus:text-magenta border-current border-b border-solid break-words\" href=\"https:\/\/www.t-online.de\/themen\/spd\/\" data-sctrack=\"BodyAnchor\" target=\"_blank\" rel=\"noopener\">SPD<\/a> auf sich.<\/p>\n<p class=\"text-18 leading-17\">SPD-Politiker Tino Schopf sagte, dass die Koalition sich auf die Fahnen geschrieben habe, Verkehrsteilnehmende nicht gegeneinander auszuspielen. &#8222;Nun scheint es, als w\u00fcrde eine Politik der autozentrierten Stadt der 1960er-Jahre dem Bedarf nach Verkehrssicherheit entgegengestellt.&#8220; Er trage diese &#8222;Konfrontationsstrategie der Senatorin&#8220; nicht mit, so Schopf.<\/p>\n<p class=\"text-18 leading-17\">Die Verkehrsverwaltung hatte am Donnerstag den Bezirk Mitte informiert, dass das dort durchgef\u00fchrte Modellprojekt &#8222;Kiezblocks in Mitte&#8220; sofort zu beenden sei. Es werde nicht mehr vom Senat finanziert. Auch &#8222;zuk\u00fcnftige Projekte dieser Art im gesamten Stadtgebiet&#8220; sollen demnach nicht mehr finanziert werden. Bei Kiezblocks handelt es sich um Gebiete, in denen der Durchgangsverkehr f\u00fcr Autos verhindert wird, etwa durch Sperrschilder, Poller, Tempolimits, Einbahn- oder Fahrradstra\u00dfen. <a class=\"transition-colors duration-200 cursor-pointer text-inherit no-underline text-salemsfur md:hover:text-magenta md:hover:border-magenta md:focus:text-magenta border-current border-b border-solid break-words\" href=\"https:\/\/www.t-online.de\/region\/berlin\/id_100724190\/berlin-senat-stoppt-kiezblocks-in-mitte-finanzierung-eingestellt.html\" data-sctrack=\"BodyAnchor\" target=\"_blank\" rel=\"noopener\">Mehr dazu lesen Sie hier<\/a>.<\/p>\n<p class=\"text-18 leading-17\">Die Gr\u00fcnen-Verkehrspolitikerinnen Oda Hassepa\u00df und Antje Kapek sehen in dem Aus f\u00fcr die Kiezblocks einen &#8222;massiven R\u00fcckschlag f\u00fcr die Verkehrswende&#8220;. Mit dieser &#8222;skandal\u00f6sen Entscheidung&#8220; ignoriere Bonde &#8222;die berechtigten Anliegen vieler Berlinerinnen und Berliner nach sauberer Luft, weniger L\u00e4rm und sicheren Stra\u00dfen.&#8220; Auf der Plattform X schrieb Hassepa\u00df: &#8222;Das ist Politik gegen die Menschen.&#8220;<\/p>\n<p class=\"text-18 leading-17\">Niklas Schenker von der Linkspartei teilte mit, dass der Senat &#8222;wie die Axt im Walde&#8220; alle Projekte k\u00fcrze oder stoppe, die f\u00fcr mehr Aufenthaltsqualit\u00e4t in den Kiezen sorgen oder den Autoverkehr auch nur geringf\u00fcgig einschr\u00e4nken w\u00fcrden.<\/p>\n<p class=\"text-18 leading-17\">Zustimmung bekommt Bondes Haus dagegen von Rechtsau\u00dfen. Der AfD-Verkehrspolitiker Rolf Wiedenhaupt sprach von einem l\u00e4ngst \u00fcberf\u00e4lligen Schritt. Zahlreiche Gr\u00fcnde spr\u00e4chen gegen die Kiezblocks, etwa mangelnde B\u00fcrgerbeteiligung oder die Behinderung von Polizei, Rettungsdiensten und Gewerbeverkehr.<\/p>\n<p class=\"text-18 leading-17\">Aus der <a class=\"transition-colors duration-200 cursor-pointer text-inherit no-underline text-salemsfur md:hover:text-magenta md:hover:border-magenta md:focus:text-magenta border-current border-b border-solid break-words\" href=\"https:\/\/www.t-online.de\/themen\/cdu\/\" data-sctrack=\"BodyAnchor\" target=\"_blank\" rel=\"noopener\">CDU<\/a> bejubelt man den Schritt. &#8222;Geschafft!&#8220;, schrieb der Abgeordnete Timur Husein auf X. &#8222;CDU-gef\u00fchrte Verkehrsverwaltung stoppt stadtweit Einrichtung von Kiezblocks zur Verkehrsberuhigung!&#8220; Die CDU-Bundestagsabgeordnete Ottilie Klein schrieb: &#8222;Es hat sich ausgepollert!&#8220; und bezeichnete die Kiezblocks als &#8222;undurchdachte Verkehrsexperimente der Gr\u00fcnen&#8220;.<\/p>\n","protected":false},"excerpt":{"rendered":"Auch Koalitionspartner SPD sauer &#8222;Skandal\u00f6se Entscheidung&#8220;: Wut \u00fcber Aus f\u00fcr Kiezblocks in Berlin 15.05.2025 &#8211; 18:19 UhrLesedauer: 2&hellip;\n","protected":false},"author":2,"featured_media":112962,"comment_status":"","ping_status":"","sticky":false,"template":"","format":"standard","meta":{"footnotes":""},"categories":[1825],"tags":[186,296,31,29,30,43960,43963,184,43962,43961,9405],"class_list":{"0":"post-112961","1":"post","2":"type-post","3":"status-publish","4":"format-standard","5":"has-post-thumbnail","7":"category-berlin","8":"tag-afd","9":"tag-berlin","10":"tag-cdu","11":"tag-deutschland","12":"tag-germany","13":"tag-kiezblock","14":"tag-konfrontationsstrategie","15":"tag-spd","16":"tag-tino-schopf","17":"tag-ute-bonde","18":"tag-verkehrsverwaltung"},"share_on_mastodon":{"url":"https:\/\/pubeurope.com\/@de\/114512835854241213","error":""},"_links":{"self":[{"href":"https:\/\/www.europesays.com\/de\/wp-json\/wp\/v2\/posts\/112961","targetHints":{"allow":["GET"]}}],"collection":[{"href":"https:\/\/www.europesays.com\/de\/wp-json\/wp\/v2\/posts"}],"about":[{"href":"https:\/\/www.europesays.com\/de\/wp-json\/wp\/v2\/types\/post"}],"author":[{"embeddable":true,"href":"https:\/\/www.europesays.com\/de\/wp-json\/wp\/v2\/users\/2"}],"replies":[{"embeddable":true,"href":"https:\/\/www.europesays.com\/de\/wp-json\/wp\/v2\/comments?post=112961"}],"version-history":[{"count":0,"href":"https:\/\/www.europesays.com\/de\/wp-json\/wp\/v2\/posts\/112961\/revisions"}],"wp:featuredmedia":[{"embeddable":true,"href":"https:\/\/www.europesays.com\/de\/wp-json\/wp\/v2\/media\/112962"}],"wp:attachment":[{"href":"https:\/\/www.europesays.com\/de\/wp-json\/wp\/v2\/media?parent=112961"}],"wp:term":[{"taxonomy":"category","embeddable":true,"href":"https:\/\/www.europesays.com\/de\/wp-json\/wp\/v2\/categories?post=112961"},{"taxonomy":"post_tag","embeddable":true,"href":"https:\/\/www.europesays.com\/de\/wp-json\/wp\/v2\/tags?post=112961"}],"curies":[{"name":"wp","href":"https:\/\/api.w.org\/{rel}","templated":true}]}}