{"id":1129671,"date":"2026-06-29T05:59:20","date_gmt":"2026-06-29T05:59:20","guid":{"rendered":"https:\/\/www.europesays.com\/de\/1129671\/"},"modified":"2026-06-29T05:59:20","modified_gmt":"2026-06-29T05:59:20","slug":"abkuehlung-nach-hitzerekorden-wetter-im-norden-wechselhaft","status":"publish","type":"post","link":"https:\/\/www.europesays.com\/de\/1129671\/","title":{"rendered":"Abk\u00fchlung nach Hitzerekorden: Wetter im Norden wechselhaft"},"content":{"rendered":"<p _ngcontent-sc113=\"\"> 29. Juni 2026 \u2013 Mara Schwarzenberger <\/p>\n<p _ngcontent-sc113=\"\">Nach Rekordhitze bringt der Wochenstart kr\u00e4ftige Schauer und Gewitter \u2013 besonders in Mecklenburg-Vorpommern drohen sogar unwetterartige Regenf\u00e4lle. Was erwartet den Norden noch?<\/p>\n<ul _ngcontent-sc85=\"\">\n<li _ngcontent-sc85=\"\">Nach der extremen Hitze sorgt eine Wetterumstellung in Hamburg und Schleswig-Holstein f\u00fcr deutlich angenehmere Temperaturen zwischen 23 und 27 Grad.<\/li>\n<li _ngcontent-sc85=\"\"> Der Dienstag bringt \u00fcberwiegend freundliches Sommerwetter mit viel Sonne und meist trockenen Bedingungen. <\/li>\n<li _ngcontent-sc85=\"\"> Zur Wochenmitte steigt die Wahrscheinlichkeit f\u00fcr Schauer und einzelne Gewitter, insbesondere im S\u00fcdosten der Region. <\/li>\n<\/ul>\n<p _ngcontent-sc85=\"\" align=\"false\">Nach einem Wochenende mit au\u00dfergew\u00f6hnlicher Hitze und regionalen Temperaturrekorden k\u00f6nnen die Menschen im Norden zum Wochenbeginn etwas aufatmen. Die extreme Hitze l\u00e4sst nach, allerdings bleibt das Wetter zun\u00e4chst wechselhaft, wie der Deutsche Wetterdienst (DWD) mitteilte.<\/p>\n<p>Zeitweise Schauer und Gewitter<\/p>\n<p _ngcontent-sc85=\"\" align=\"false\">In Hamburg und Schleswig-Holstein ziehen im Tagesverlauf zun\u00e4chst viele Wolken \u00fcber den Himmel. Besonders im S\u00fcdosten kann es zeitweise Schauer und Gewitter geben. Sp\u00e4ter beruhigt sich das Wetter jedoch, zum Abend lockert es zunehmend auf. Die H\u00f6chstwerte liegen nur noch zwischen 23 und 27 Grad und damit deutlich unter den Spitzenwerten des Wochenendes. Dazu weht ein m\u00e4\u00dfiger, an den K\u00fcsten teils frischer Nordwestwind.<\/p>\n<p>Dienstag angenehm sommerlich, Mittwoch wechselhafter<\/p>\n<p _ngcontent-sc85=\"\" align=\"false\">In der Nacht zum Dienstag (30. Juni) beruhigt sich das Wetter in Norddeutschland. In Hamburg und Schleswig-Holstein kann \u00f6rtlich Fr\u00fchnebel auftreten. Die Temperaturen gehen auf 9 bis 16 Grad im Nordwesten sowie 13 bis 19 Grad im Nordosten zur\u00fcck.<\/p>\n<p _ngcontent-sc85=\"\" align=\"false\">Der Dienstag (30. Juni) bringt vielerorts freundlicheres Sommerwetter. In Hamburg und Schleswig-Holstein wechseln sich Sonne und Quellwolken ab, meist bleibt es trocken. Die Temperaturen steigen auf 21 bis 27 Grad. <\/p>\n<p _ngcontent-sc85=\"\" align=\"false\">Zur Wochenmitte nimmt die Schauer- und Gewitterneigung wieder zu. In Hamburg und Schleswig-Holstein sind Regen und vereinzelt Gewitter m\u00f6glich, vor allem im S\u00fcdosten.<\/p>\n<p>Das beste Wetter f\u00fcr den Norden <\/p>\n<p _ngcontent-sc85=\"\" align=\"false\">Wie das Wetter genau in der Nacht und am Morgen wird, h\u00f6rt ihr nat\u00fcrlich immer ganz aktuell um Halb und Voll im Radio Hamburg Wetterservice. H\u00f6rt doch unbedingt mal rein, um genau zu wissen, wie das Wetter bei euch vor der T\u00fcr wird. Geht am einfachsten mit dem Webplayer hier auf der Seite oder aber <a _ngcontent-sc132=\"\" target=\"_blank\" href=\"https:\/\/www.radiohamburg.de\/programm\/frequenzen\/Streamen-%C3%BCber-die-App-id388032.html\" rel=\"nofollow noopener\">\u00fcber die Radio Hamburg App.<\/a><\/p>\n<p><img decoding=\"async\" _ngcontent-sc129=\"\" class=\"\" src=\"https:\/\/www.europesays.com\/de\/wp-content\/uploads\/2025\/04\/app.jpg\" alt=\"App, App Store, iOS, Play Store, Google\" title=\"App, App Store, iOS, Play Store, Google\"\/><\/p>\n<p>Foto: Bloomicon \/ Shutterstock.com<\/p>\n<p> F\u00fcr iOS &amp; Android <\/p>\n<p>Holt euch die kostenlose Radio Hamburg App<\/p>\n<p _ngcontent-sc85=\"\" align=\"false\">H\u00f6rt uns an jedem Ort auf der Welt in bester Qualit\u00e4t &amp; st\u00f6rungsfrei \u00fcber unsere kostenlose App. Holt sie euch jetzt f\u00fcr Android oder iOS.<\/p>\n","protected":false},"excerpt":{"rendered":"29. Juni 2026 \u2013 Mara Schwarzenberger Nach Rekordhitze bringt der Wochenstart kr\u00e4ftige Schauer und Gewitter \u2013 besonders in&hellip;\n","protected":false},"author":2,"featured_media":818947,"comment_status":"","ping_status":"","sticky":false,"template":"","format":"standard","meta":{"footnotes":"","_share_on_mastodon":"0"},"categories":[1826],"tags":[33091,950,29,4906,30,19634,692,11607,440,20795,65336,4748,114929,86945,90748,90743,2255,41792],"class_list":["post-1129671","post","type-post","status-publish","format-standard","has-post-thumbnail","category-hamburg","tag-abkuehlung","tag-deutscher-wetterdienst","tag-deutschland","tag-dwd","tag-germany","tag-gewitter","tag-hamburg","tag-hitze","tag-norddeutschland","tag-schauer","tag-sommerwetter","tag-temperaturen","tag-wetter-dienstag","tag-wetter-hamburg","tag-wetter-mittwoch","tag-wetter-schleswig-holstein","tag-wettervorhersage","tag-wetterwechsel"],"share_on_mastodon":{"url":"https:\/\/pubeurope.com\/@de\/116831871664924622","error":""},"_links":{"self":[{"href":"https:\/\/www.europesays.com\/de\/wp-json\/wp\/v2\/posts\/1129671","targetHints":{"allow":["GET"]}}],"collection":[{"href":"https:\/\/www.europesays.com\/de\/wp-json\/wp\/v2\/posts"}],"about":[{"href":"https:\/\/www.europesays.com\/de\/wp-json\/wp\/v2\/types\/post"}],"author":[{"embeddable":true,"href":"https:\/\/www.europesays.com\/de\/wp-json\/wp\/v2\/users\/2"}],"replies":[{"embeddable":true,"href":"https:\/\/www.europesays.com\/de\/wp-json\/wp\/v2\/comments?post=1129671"}],"version-history":[{"count":0,"href":"https:\/\/www.europesays.com\/de\/wp-json\/wp\/v2\/posts\/1129671\/revisions"}],"wp:featuredmedia":[{"embeddable":true,"href":"https:\/\/www.europesays.com\/de\/wp-json\/wp\/v2\/media\/818947"}],"wp:attachment":[{"href":"https:\/\/www.europesays.com\/de\/wp-json\/wp\/v2\/media?parent=1129671"}],"wp:term":[{"taxonomy":"category","embeddable":true,"href":"https:\/\/www.europesays.com\/de\/wp-json\/wp\/v2\/categories?post=1129671"},{"taxonomy":"post_tag","embeddable":true,"href":"https:\/\/www.europesays.com\/de\/wp-json\/wp\/v2\/tags?post=1129671"}],"curies":[{"name":"wp","href":"https:\/\/api.w.org\/{rel}","templated":true}]}}