{"id":1129720,"date":"2026-06-29T06:32:19","date_gmt":"2026-06-29T06:32:19","guid":{"rendered":"https:\/\/www.europesays.com\/de\/1129720\/"},"modified":"2026-06-29T06:32:19","modified_gmt":"2026-06-29T06:32:19","slug":"landkreis-augsburg-badeseen-lech-und-freibaeder-bieten-abkuehlung","status":"publish","type":"post","link":"https:\/\/www.europesays.com\/de\/1129720\/","title":{"rendered":"Landkreis Augsburg: Badeseen, Lech und Freib\u00e4der bieten Abk\u00fchlung"},"content":{"rendered":"<p class=\"mb-6 text-xs-varying md:text-m lg:text-l font-serif group-[.font-sans]:font-sans \">\n    Deutschland wird an diesem <a href=\"https:\/\/www.augsburger-allgemeine.de\/schwabmuenchen\/hitzewelle-rekord-wochenende-wetter-augsburg-heute-warnung-aktuell-gewitter-26-7-114552007\" target=\"_self\" class=\"underline \" rel=\"nofollow noopener\">Wochenende Temperaturrekorde<\/a> verzeichnen. Im Landkreis Augsburg werden laut Vorhersagen bis zu 36 Grad erwartet. Nicht nur f\u00fcr Kinder und Senioren kann die <a href=\"https:\/\/www.augsburger-allgemeine.de\/schlagworte\/aa-wetter\" target=\"_self\" class=\"underline \" rel=\"nofollow noopener\">Hitze<\/a> belastend oder sogar gesundheitsgef\u00e4hrdend sein &#8211; da sind schattige und k\u00fchle Pl\u00e4tze gefragt. Aber wo kann man den hohen Temperaturen am ehesten trotzen?\n  <\/p>\n<p>            Der Baggersee ist k\u00fchl, ruhig und gut f\u00fcr Familien<\/p>\n<p>      <a href=\"https:\/\/www.augsburger-allgemeine.de\/schwabmuenchen\/hitzewelle-rekord-wochenende-wetter-augsburg-heute-warnung-aktuell-gewitter-26-7-114552007\" class=\"hidden  &#010;                md:block md:mr-5 md:min-w-[140px]  aspect-photo md:aspect-tv lg:aspect-tv w-fullXXX relative self-start inline overflow-hidden\" rel=\"nofollow noopener\" target=\"_blank\"><\/p>\n<p>    <img decoding=\"async\" src=\"\" alt=\"Die Temperaturen k\u00f6nnten am Wochenende im Landkreis Augsburg sogar einen Hitze-Rekord knacken. Und danach folgt die Wende mit Abk\u00fchlung.\" title=\"Die Temperaturen k\u00f6nnten am Wochenende im Landkreis Augsburg sogar einen Hitze-Rekord knacken. Und danach folgt die Wende mit Abk\u00fchlung.\" loading=\"lazy\" class=\"h-full w-full object-cover\"\/><br \/>\n   <\/a><\/p>\n<p class=\"mb-6 text-xs-varying md:text-m lg:text-l font-serif group-[.font-sans]:font-sans \">\n    Vor allem die Seen nutzen viele B\u00fcrgerinnen und B\u00fcrger, um sich abzuk\u00fchlen. \u201eIch bin am liebsten am Baggersee in <a href=\"https:\/\/augsburger-allgemeine.de\/augsburg-land\/ort\/Gablingen\" target=\"_self\" class=\"underline \" rel=\"nofollow noopener\">Gablingen<\/a>\u201c, sagt Christian Gr\u00f6ninger aus <a href=\"https:\/\/www.augsburger-allgemeine.de\/orte\/aa-stettenhofen\" target=\"_self\" class=\"underline \" rel=\"nofollow noopener\">Stettenhofen<\/a>. \u201eDa ist es sch\u00f6n ruhig. Auch f\u00fcr Kinder ist das super mit dem flachen Wasser.\u201c\n  <\/p>\n<p>    <img decoding=\"async\" src=\"https:\/\/www.europesays.com\/de\/wp-content\/uploads\/2026\/06\/20260625175310.jpg\" alt=\"Christian Gr\u00f6ninger favorisiert den Baggersee in Gablingen.\" title=\"Christian Gr\u00f6ninger favorisiert den Baggersee in Gablingen.\" loading=\"lazy\" class=\"h-full w-full object-cover\"\/><\/p>\n<p>      Icon vergr\u00f6\u00dfern<\/p>\n<p>    Christian Gr\u00f6ninger favorisiert den Baggersee in Gablingen.<br \/>\n    Foto: Niklas Br\u00f6ll<\/p>\n<p>        Schlie\u00dfen <\/p>\n<p>      Icon Schlie\u00dfen<\/p>\n<p>        Icon vergr\u00f6\u00dfern<\/p>\n<p>        Icon verkleinern<\/p>\n<p>      Icon Pfeil bewegen<\/p>\n<p>    Christian Gr\u00f6ninger favorisiert den Baggersee in Gablingen.<br \/>\n    Foto: Niklas Br\u00f6ll<\/p>\n<p class=\"mb-6 text-xs-varying md:text-m lg:text-l font-serif group-[.font-sans]:font-sans \">\n    Dominik Bscher besucht ebenfalls \u00f6fter den See, jedoch meistens den in <a href=\"https:\/\/augsburger-allgemeine.de\/augsburg-land\/ort\/Langweid\" target=\"_self\" class=\"underline \" rel=\"nofollow noopener\">Langweid<\/a>. \u201eIch bin immer drau\u00dfen, weil es einfach sch\u00f6n ist. Ich bin meistens beim Langweider See, weil der am n\u00e4chsten ist.\u201c\n  <\/p>\n<p>    <img decoding=\"async\" src=\"https:\/\/images.mgpd.de\/img\/114563080\/crop\/c16_9-w100\/1836925196\/1206750283\/202606251816210-1.jpg\" alt=\"Dominik Bscher ist sehr h\u00e4ufig an der frischen Luft.\" title=\"Dominik Bscher ist sehr h\u00e4ufig an der frischen Luft.\" loading=\"lazy\" class=\"h-full w-full object-cover\"\/><\/p>\n<p>      Icon vergr\u00f6\u00dfern<\/p>\n<p>    Dominik Bscher ist sehr h\u00e4ufig an der frischen Luft.<br \/>\n    Foto: Niklas Br\u00f6ll<\/p>\n<p>        Schlie\u00dfen <\/p>\n<p>      Icon Schlie\u00dfen<\/p>\n<p>        Icon vergr\u00f6\u00dfern<\/p>\n<p>        Icon verkleinern<\/p>\n<p>      Icon Pfeil bewegen<\/p>\n<p>    Dominik Bscher ist sehr h\u00e4ufig an der frischen Luft.<br \/>\n    Foto: Niklas Br\u00f6ll<\/p>\n<p class=\"mb-6 text-xs-varying md:text-m lg:text-l font-serif group-[.font-sans]:font-sans \">\n    <a href=\"https:\/\/www.augsburger-allgemeine.de\/schwabmuenchen\/bobingen-freibad-wieder-offen-war-geschlossen-technischer-defekt-aktueller-stand-1-114552512\" target=\"_self\" class=\"underline \" rel=\"nofollow noopener\">Aber auch die Schwimmb\u00e4der sind sehr beliebt<\/a>, zum Beispiel bei Philipp Richter aus <a href=\"https:\/\/www.augsburger-allgemeine.de\/augsburg\/ort\/goeggingen\" target=\"_self\" class=\"underline \" rel=\"nofollow noopener\">G\u00f6ggingen<\/a>. \u201eDa kann man sich am besten abk\u00fchlen, weil es zu Hause auch warm ist. Ich habe geh\u00f6rt, dass das Freibad in <a href=\"https:\/\/augsburger-allgemeine.de\/augsburg-land\/ort\/Meitingen\" target=\"_self\" class=\"underline \" rel=\"nofollow noopener\">Meitingen<\/a> perfekt sein soll.\u201c Gabi aus <a href=\"https:\/\/www.augsburger-allgemeine.de\/augsburg\/\" target=\"_self\" class=\"underline \" rel=\"nofollow noopener\">Augsburg<\/a> ist \u00f6fter am See. \u201eGestern war ich am Autobahnsee. Das war ganz angenehm. Aber am Wochenende ist er jetzt wahrscheinlich aufgew\u00e4rmt, also kann man da nicht mehr hingehen.\u201c\n  <\/p>\n<p class=\"mb-6 text-xs-varying md:text-m lg:text-l font-serif group-[.font-sans]:font-sans \">\n    Benny Kovar aus Stettenhofen sieht ebenfalls im Wasser eine echte M\u00f6glichkeit, um sich abzuk\u00fchlen. \u201eWir sind manchmal am Lech. Da hat man seine Ruhe und kann mal hineinspringen.\u201c\n  <\/p>\n<p>    <img decoding=\"async\" src=\"https:\/\/www.europesays.com\/de\/wp-content\/uploads\/2026\/06\/20260625175524.jpg\" alt=\"Benny Kovar h\u00e4lt sich am liebsten beim Lech auf.\" title=\"Benny Kovar h\u00e4lt sich am liebsten beim Lech auf.\" loading=\"lazy\" class=\"h-full w-full object-cover\"\/><\/p>\n<p>      Icon vergr\u00f6\u00dfern<\/p>\n<p>    Benny Kovar h\u00e4lt sich am liebsten beim Lech auf.<br \/>\n    Foto: Niklas Br\u00f6ll<\/p>\n<p>        Schlie\u00dfen <\/p>\n<p>      Icon Schlie\u00dfen<\/p>\n<p>        Icon vergr\u00f6\u00dfern<\/p>\n<p>        Icon verkleinern<\/p>\n<p>      Icon Pfeil bewegen<\/p>\n<p>    Benny Kovar h\u00e4lt sich am liebsten beim Lech auf.<br \/>\n    Foto: Niklas Br\u00f6ll<\/p>\n<p class=\"mb-6 text-xs-varying md:text-m lg:text-l font-serif group-[.font-sans]:font-sans \">\n    Regina Schwerthalter aus <a href=\"https:\/\/www.augsburger-allgemeine.de\/augsburg-land\/ort\/gersthofen\" target=\"_self\" class=\"underline \" rel=\"nofollow noopener\">Gersthofen<\/a> sieht das \u00e4hnlich. \u201eIch geh haupts\u00e4chlich an den Lech. Der ist nicht so \u00fcberlastet, und man kann auch mit den Hunden hineingehen.\u201c\n  <\/p>\n<p>    <img decoding=\"async\" src=\"https:\/\/www.europesays.com\/de\/wp-content\/uploads\/2026\/06\/20260625181916-1.jpg\" alt=\"Regina Schwerthalter geht mit ihrem Hund vor allem an den Lech.\" title=\"Regina Schwerthalter geht mit ihrem Hund vor allem an den Lech.\" loading=\"lazy\" class=\"h-full w-full object-cover\"\/><\/p>\n<p>      Icon vergr\u00f6\u00dfern<\/p>\n<p>    Regina Schwerthalter geht mit ihrem Hund vor allem an den Lech.<br \/>\n    Foto: Niklas Br\u00f6ll<\/p>\n<p>        Schlie\u00dfen <\/p>\n<p>      Icon Schlie\u00dfen<\/p>\n<p>        Icon vergr\u00f6\u00dfern<\/p>\n<p>        Icon verkleinern<\/p>\n<p>      Icon Pfeil bewegen<\/p>\n<p>    Regina Schwerthalter geht mit ihrem Hund vor allem an den Lech.<br \/>\n    Foto: Niklas Br\u00f6ll<\/p>\n<p class=\"mb-6 text-xs-varying md:text-m lg:text-l font-serif group-[.font-sans]:font-sans \">\n    Stefan Gazke ist ebenfalls aus Gersthofen. \u201eIch bin zumeist am Fluss. Also am Lech oder der Wertach.\u201c\n  <\/p>\n<p>    <img decoding=\"async\" src=\"https:\/\/images.mgpd.de\/img\/114563085\/crop\/c16_9-w100\/47737258\/807842129\/20260625182110.jpg\" alt=\"Stefan Gazke k\u00fchlt sich am liebsten in der Wertach ab.\" title=\"Stefan Gazke k\u00fchlt sich am liebsten in der Wertach ab.\" loading=\"lazy\" class=\"h-full w-full object-cover\"\/><\/p>\n<p>      Icon vergr\u00f6\u00dfern<\/p>\n<p>    Stefan Gazke k\u00fchlt sich am liebsten in der Wertach ab.<br \/>\n    Foto: Niklas Br\u00f6ll<\/p>\n<p>        Schlie\u00dfen <\/p>\n<p>      Icon Schlie\u00dfen<\/p>\n<p>        Icon vergr\u00f6\u00dfern<\/p>\n<p>        Icon verkleinern<\/p>\n<p>      Icon Pfeil bewegen<\/p>\n<p>    Stefan Gazke k\u00fchlt sich am liebsten in der Wertach ab.<br \/>\n    Foto: Niklas Br\u00f6ll<\/p>\n<p class=\"mb-6 text-xs-varying md:text-m lg:text-l font-serif group-[.font-sans]:font-sans \">\n    Der Lech ist bei den B\u00fcrgerinnen und B\u00fcrgern aus Gersthofen ein beliebter Ort, um sich abzuk\u00fchlen. \u201eIch bin meist drau\u00dfen am Lech. Es ist in der N\u00e4he, und man kann da auch mit dem Hund reingehen, wenn an manchen Stellen weniger Menschen sind.\u201c Claudia Geisenberger ist zwar aus Gablingen, kann dem Lech aber dennoch viel abgewinnen. \u201eWir waren heuer noch nicht, aber sonst sind wir eigentlich schon h\u00e4ufiger am Lech. Den mag ich lieber als einen Baggersee, weil er k\u00fchler und wundersch\u00f6n ist.\u201c\n  <\/p>\n<p>    <img decoding=\"async\" src=\"https:\/\/www.europesays.com\/de\/wp-content\/uploads\/2026\/06\/20260625183217.jpg\" alt=\"Claudia Geisenberger ist Fan vom Pool im eigenen Garten.\" title=\"Claudia Geisenberger ist Fan vom Pool im eigenen Garten.\" loading=\"lazy\" class=\"h-full w-full object-cover\"\/><\/p>\n<p>      Icon vergr\u00f6\u00dfern<\/p>\n<p>    Claudia Geisenberger ist Fan vom Pool im eigenen Garten.<br \/>\n    Foto: Niklas Br\u00f6ll<\/p>\n<p>        Schlie\u00dfen <\/p>\n<p>      Icon Schlie\u00dfen<\/p>\n<p>        Icon vergr\u00f6\u00dfern<\/p>\n<p>        Icon verkleinern<\/p>\n<p>      Icon Pfeil bewegen<\/p>\n<p>    Claudia Geisenberger ist Fan vom Pool im eigenen Garten.<br \/>\n    Foto: Niklas Br\u00f6ll<\/p>\n<p class=\"mb-6 text-xs-varying md:text-m lg:text-l font-serif group-[.font-sans]:font-sans \">\n    Regina Schwerthalter aus Gersthofen kann vor allem einen Ort zum Entspannen und Abk\u00fchlen empfehlen. \u201eIch bin oft im Wald. Da ist es auch sch\u00f6n schattig\u201c, sagt Schwerthalter. \u201eDa sind auch die B\u00e4chle sehr sch\u00f6n.\u201c\n  <\/p>\n<p>            Ventilator und Klimaanlage: Damit es zu Hause sch\u00f6n k\u00fchl bleibt<\/p>\n<p class=\"mb-6 text-xs-varying md:text-m lg:text-l font-serif group-[.font-sans]:font-sans \">\n    Der beliebteste Ort, um den hohen Temperaturen zu trotzen, ist zweifelsohne das eigene Zuhause. \u201eIch bin am liebsten zu Hause. Da ist es klimatisiert und bis jetzt nicht so hei\u00df\u201c, sagt Benny Kovar.\n  <\/p>\n<p class=\"mb-6 text-xs-varying md:text-m lg:text-l font-serif group-[.font-sans]:font-sans \">\n    Sam Binder sieht dies \u00e4hnlich und kann einen Ort besonders empfehlen. \u201eZu Hause neben dem Ventilator\u201c, sagt sie schmunzelnd.\n  <\/p>\n<p>    <img decoding=\"async\" src=\"https:\/\/www.europesays.com\/de\/wp-content\/uploads\/2026\/06\/202606251823540.jpg\" alt=\"Sam Binder h\u00e4lt sich zumeist neben dem Ventilator auf.\" title=\"Sam Binder h\u00e4lt sich zumeist neben dem Ventilator auf.\" loading=\"lazy\" class=\"h-full w-full object-cover\"\/><\/p>\n<p>      Icon vergr\u00f6\u00dfern<\/p>\n<p>    Sam Binder h\u00e4lt sich zumeist neben dem Ventilator auf.<br \/>\n    Foto: Niklas Br\u00f6ll<\/p>\n<p>        Schlie\u00dfen <\/p>\n<p>      Icon Schlie\u00dfen<\/p>\n<p>        Icon vergr\u00f6\u00dfern<\/p>\n<p>        Icon verkleinern<\/p>\n<p>      Icon Pfeil bewegen<\/p>\n<p>    Sam Binder h\u00e4lt sich zumeist neben dem Ventilator auf.<br \/>\n    Foto: Niklas Br\u00f6ll<\/p>\n<p class=\"mb-6 text-xs-varying md:text-m lg:text-l font-serif group-[.font-sans]:font-sans \">\n    Gabi H\u00f6nig hat Gl\u00fcck bei ihrer Wohnung, wie sie berichtet. \u201eBei mir hat es noch entspannte 24 Grad. Deswegen bin ich haupts\u00e4chlich zu Hause, weil es da k\u00fchler ist.\u201c Claudia Geisenberger versucht ebenfalls, sich drinnen aufzuhalten. \u201eDaheim im Haus ist es noch am k\u00fchlsten. Oder wenn man einen hat, geht man in den Pool\u201c, sagt Geisenberger. Sophie Hale aus Stettenhofen kann die eigenen vier W\u00e4nde ebenfalls empfehlen. \u201eDa ist es k\u00fchl oder zumindest k\u00fchler als in der Arbeit\u201c, sagt sie und f\u00fcgt hinzu: \u201eMan muss viel Zeit im Schatten verbringen und Eis essen.\u201c Gabi aus Augsburg versteht die Probleme der hohen Temperaturen. \u201eZuhause geht es noch einigerma\u00dfen. Ich habe jetzt keine richtig gro\u00dfen Probleme, aber bei \u00c4lteren kann ich mir das schon vorstellen.\u201c\n  <\/p>\n<p class=\"mb-6 text-xs-varying md:text-m lg:text-l font-serif group-[.font-sans]:font-sans \">\n    Dominik Bscher hat eine Empfehlung. \u201eNicht \u00fcbertreiben. Genie\u00dfen wir es einfach, wenn es mal zwei Wochen sch\u00f6n ist.\u201c\n  <\/p>\n","protected":false},"excerpt":{"rendered":"Deutschland wird an diesem Wochenende Temperaturrekorde verzeichnen. Im Landkreis Augsburg werden laut Vorhersagen bis zu 36 Grad erwartet.&hellip;\n","protected":false},"author":2,"featured_media":1129721,"comment_status":"","ping_status":"","sticky":false,"template":"","format":"standard","meta":{"footnotes":"","_share_on_mastodon":"0"},"categories":[1846],"tags":[680,772,237990,237989,3364,29,548,663,3934,237988,85313,30,60334,13,11607,137026,113339,14,15,12,237987],"class_list":["post-1129720","post","type-post","status-publish","format-standard","has-post-thumbnail","category-augsburg","tag-augsburg","tag-bayern","tag-benny-kovar","tag-claudia-geisenberger","tag-de","tag-deutschland","tag-eu","tag-europa","tag-europe","tag-gabi-hoenig","tag-gablingen","tag-germany","tag-gersthofen","tag-headlines","tag-hitze","tag-landkreis-augsburg","tag-lech","tag-nachrichten","tag-news","tag-schlagzeilen","tag-stettenhofen"],"share_on_mastodon":{"url":"https:\/\/pubeurope.com\/@de\/116832002151693279","error":""},"_links":{"self":[{"href":"https:\/\/www.europesays.com\/de\/wp-json\/wp\/v2\/posts\/1129720","targetHints":{"allow":["GET"]}}],"collection":[{"href":"https:\/\/www.europesays.com\/de\/wp-json\/wp\/v2\/posts"}],"about":[{"href":"https:\/\/www.europesays.com\/de\/wp-json\/wp\/v2\/types\/post"}],"author":[{"embeddable":true,"href":"https:\/\/www.europesays.com\/de\/wp-json\/wp\/v2\/users\/2"}],"replies":[{"embeddable":true,"href":"https:\/\/www.europesays.com\/de\/wp-json\/wp\/v2\/comments?post=1129720"}],"version-history":[{"count":0,"href":"https:\/\/www.europesays.com\/de\/wp-json\/wp\/v2\/posts\/1129720\/revisions"}],"wp:featuredmedia":[{"embeddable":true,"href":"https:\/\/www.europesays.com\/de\/wp-json\/wp\/v2\/media\/1129721"}],"wp:attachment":[{"href":"https:\/\/www.europesays.com\/de\/wp-json\/wp\/v2\/media?parent=1129720"}],"wp:term":[{"taxonomy":"category","embeddable":true,"href":"https:\/\/www.europesays.com\/de\/wp-json\/wp\/v2\/categories?post=1129720"},{"taxonomy":"post_tag","embeddable":true,"href":"https:\/\/www.europesays.com\/de\/wp-json\/wp\/v2\/tags?post=1129720"}],"curies":[{"name":"wp","href":"https:\/\/api.w.org\/{rel}","templated":true}]}}