{"id":112999,"date":"2025-05-15T16:58:13","date_gmt":"2025-05-15T16:58:13","guid":{"rendered":"https:\/\/www.europesays.com\/de\/112999\/"},"modified":"2025-05-15T16:58:13","modified_gmt":"2025-05-15T16:58:13","slug":"egon-schuh-mit-kirsmicher-taler-ausgezeichnet","status":"publish","type":"post","link":"https:\/\/www.europesays.com\/de\/112999\/","title":{"rendered":"Egon Schuh mit Kirsmicher Taler ausgezeichnet"},"content":{"rendered":"<p class=\"text_ohne_einzug richtext text-em-55 !leading-serif mx-6 desktop:mx-0\"> Der Kirsmicher Taler ist die h\u00f6chste Auszeichnung, die der Rat der Stadt <a href=\"https:\/\/rp-online.de\/thema\/korschenbroich\/\" target=\"_blank\" rel=\"noopener\">Korschenbroich<\/a> zu vergeben hat. In den vergangenen 50 Jahren sind 20 dieser Ehrungen verliehen worden. Am Mittwochabend kam Egon Schuh als 21. Tr\u00e4ger dieser Auszeichnung hinzu. Im Rahmen einer Feierstunde im Ratssaal \u00fcberreichte B\u00fcrgermeister Marc Venten den Kirsmicher Taler an die 77-J\u00e4hrigen.<\/p>\n","protected":false},"excerpt":{"rendered":"Der Kirsmicher Taler ist die h\u00f6chste Auszeichnung, die der Rat der Stadt Korschenbroich zu vergeben hat. In den&hellip;\n","protected":false},"author":2,"featured_media":113000,"comment_status":"","ping_status":"","sticky":false,"template":"","format":"standard","meta":{"footnotes":""},"categories":[1849],"tags":[3681,3364,29,43987,548,663,3934,30,13,43989,24741,7424,4455,14,15,1209,2308,43991,12,43986,43990,43988],"class_list":{"0":"post-112999","1":"post","2":"type-post","3":"status-publish","4":"format-standard","5":"has-post-thumbnail","7":"category-moenchengladbach","8":"tag-auszeichnung","9":"tag-de","10":"tag-deutschland","11":"tag-egon","12":"tag-eu","13":"tag-europa","14":"tag-europe","15":"tag-germany","16":"tag-headlines","17":"tag-kirsmicher","18":"tag-korschenbroich","19":"tag-marc","20":"tag-moenchengladbach","21":"tag-nachrichten","22":"tag-news","23":"tag-nordrhein-westfalen","24":"tag-rat","25":"tag-ratssaal","26":"tag-schlagzeilen","27":"tag-schuh","28":"tag-taler","29":"tag-venten"},"share_on_mastodon":{"url":"https:\/\/pubeurope.com\/@de\/114512914362830835","error":""},"_links":{"self":[{"href":"https:\/\/www.europesays.com\/de\/wp-json\/wp\/v2\/posts\/112999","targetHints":{"allow":["GET"]}}],"collection":[{"href":"https:\/\/www.europesays.com\/de\/wp-json\/wp\/v2\/posts"}],"about":[{"href":"https:\/\/www.europesays.com\/de\/wp-json\/wp\/v2\/types\/post"}],"author":[{"embeddable":true,"href":"https:\/\/www.europesays.com\/de\/wp-json\/wp\/v2\/users\/2"}],"replies":[{"embeddable":true,"href":"https:\/\/www.europesays.com\/de\/wp-json\/wp\/v2\/comments?post=112999"}],"version-history":[{"count":0,"href":"https:\/\/www.europesays.com\/de\/wp-json\/wp\/v2\/posts\/112999\/revisions"}],"wp:featuredmedia":[{"embeddable":true,"href":"https:\/\/www.europesays.com\/de\/wp-json\/wp\/v2\/media\/113000"}],"wp:attachment":[{"href":"https:\/\/www.europesays.com\/de\/wp-json\/wp\/v2\/media?parent=112999"}],"wp:term":[{"taxonomy":"category","embeddable":true,"href":"https:\/\/www.europesays.com\/de\/wp-json\/wp\/v2\/categories?post=112999"},{"taxonomy":"post_tag","embeddable":true,"href":"https:\/\/www.europesays.com\/de\/wp-json\/wp\/v2\/tags?post=112999"}],"curies":[{"name":"wp","href":"https:\/\/api.w.org\/{rel}","templated":true}]}}