{"id":113009,"date":"2025-05-15T17:03:08","date_gmt":"2025-05-15T17:03:08","guid":{"rendered":"https:\/\/www.europesays.com\/de\/113009\/"},"modified":"2025-05-15T17:03:08","modified_gmt":"2025-05-15T17:03:08","slug":"kita-hermann-quack-feiert-60-jaehriges-bestehen-maximiliansau","status":"publish","type":"post","link":"https:\/\/www.europesays.com\/de\/113009\/","title":{"rendered":"Kita \u201eHermann Quack\u201c feiert 60-j\u00e4hriges Bestehen &#8211; Maximiliansau"},"content":{"rendered":"<p class=\"rhp-dpa-teaser\"><b>Die Kindertagesst\u00e4tte \u201eHermann Quack\u201c feiert 60-j\u00e4hriges Bestehen. Zu diesem Anlass findet am Samstag, 17. Mai, ein Tag der offenen T\u00fcr statt.<\/b><\/p>\n<p>Von 14 bis 16 Uhr ist in der Jahnstra\u00dfe 8 ein buntes Programm f\u00fcr alle Altersgruppen geboten, teilt Kita-Leiter Philipp Ritzmann mit. F\u00fcr Kinder gibt es Spielaktionen, <\/p>\n<p class=\"\">Bitte loggen Sie sich ein um den Artikel im Klartext zu sehen.<\/p>\n<p class=\"\">anpuantpthrpdHeee ndu neein eraZu.bre srteIeesntnsa rb&amp;;ulemu edi &amp;deocupaiaghsm;lg Kitpnnzeoo nud ied Gseehchcit red aKit oisew edrne eNmegbrasen gibt es ni ned en;luR&amp;ammu zu arrfnehe &amp;dhs;na dun ul&amp;umrf; gelimheea edrdiKenne-nitrKrag ercihlshci auhc evile nEnurnrieneg zu e.kndctene Es i<\/p>\n","protected":false},"excerpt":{"rendered":"Die Kindertagesst\u00e4tte \u201eHermann Quack\u201c feiert 60-j\u00e4hriges Bestehen. Zu diesem Anlass findet am Samstag, 17. Mai, ein Tag der&hellip;\n","protected":false},"author":2,"featured_media":113010,"comment_status":"","ping_status":"","sticky":false,"template":"","format":"standard","meta":{"footnotes":""},"categories":[1844],"tags":[1634,3364,29,30,43992,8903,6590,1460,3491,4060,43993,27216,43994],"class_list":{"0":"post-113009","1":"post","2":"type-post","3":"status-publish","4":"format-standard","5":"has-post-thumbnail","7":"category-karlsruhe","8":"tag-baden-wuerttemberg","9":"tag-de","10":"tag-deutschland","11":"tag-germany","12":"tag-hermann-quack","13":"tag-karlsruhe","14":"tag-katholische-kirche","15":"tag-kind","16":"tag-kita","17":"tag-lokal","18":"tag-mariae-himmelfahrt","19":"tag-maximiliansau","20":"tag-philipp-ritzmann"},"share_on_mastodon":{"url":"https:\/\/pubeurope.com\/@de\/114512934095520006","error":""},"_links":{"self":[{"href":"https:\/\/www.europesays.com\/de\/wp-json\/wp\/v2\/posts\/113009","targetHints":{"allow":["GET"]}}],"collection":[{"href":"https:\/\/www.europesays.com\/de\/wp-json\/wp\/v2\/posts"}],"about":[{"href":"https:\/\/www.europesays.com\/de\/wp-json\/wp\/v2\/types\/post"}],"author":[{"embeddable":true,"href":"https:\/\/www.europesays.com\/de\/wp-json\/wp\/v2\/users\/2"}],"replies":[{"embeddable":true,"href":"https:\/\/www.europesays.com\/de\/wp-json\/wp\/v2\/comments?post=113009"}],"version-history":[{"count":0,"href":"https:\/\/www.europesays.com\/de\/wp-json\/wp\/v2\/posts\/113009\/revisions"}],"wp:featuredmedia":[{"embeddable":true,"href":"https:\/\/www.europesays.com\/de\/wp-json\/wp\/v2\/media\/113010"}],"wp:attachment":[{"href":"https:\/\/www.europesays.com\/de\/wp-json\/wp\/v2\/media?parent=113009"}],"wp:term":[{"taxonomy":"category","embeddable":true,"href":"https:\/\/www.europesays.com\/de\/wp-json\/wp\/v2\/categories?post=113009"},{"taxonomy":"post_tag","embeddable":true,"href":"https:\/\/www.europesays.com\/de\/wp-json\/wp\/v2\/tags?post=113009"}],"curies":[{"name":"wp","href":"https:\/\/api.w.org\/{rel}","templated":true}]}}