{"id":1130131,"date":"2026-06-29T10:40:29","date_gmt":"2026-06-29T10:40:29","guid":{"rendered":"https:\/\/www.europesays.com\/de\/1130131\/"},"modified":"2026-06-29T10:40:29","modified_gmt":"2026-06-29T10:40:29","slug":"studie-enthuellt-jede-zweite-eisdiele-verkauft-falsches-veganes-eis","status":"publish","type":"post","link":"https:\/\/www.europesays.com\/de\/1130131\/","title":{"rendered":"Studie enth\u00fcllt: Jede zweite Eisdiele verkauft falsches veganes Eis"},"content":{"rendered":"<p>Neue Untersuchung <\/p>\n<p>Eisdielen schummeln beim Eis<\/p>\n<ul class=\"grid grid-flow-col gap-4\" aria-label=\"Autorenbilder\">\n<li class=\"leading-0\"><img data-tb-author-image=\"\"  loading=\"lazy\" src=\"https:\/\/www.europesays.com\/de\/wp-content\/uploads\/2026\/06\/1782211222_339_image.jpg\" alt=\"T-Online\" title=\"T-Online\" width=\"40\" height=\"40\" class=\"\" decoding=\"async\"\/><\/li>\n<\/ul>\n<p>29.06.2026 &#8211; 11:33 UhrLesedauer: 3 Min.<\/p>\n<p><img loading=\"lazy\" src=\"https:\/\/www.t-online.de\/s\/paper\/_next\/static\/media\/loading-indicator-magenta.1f35d8de.svg\" alt=\"Video l\u00e4dt\" title=\"Video l\u00e4dt\" class=\"block h-[calc(var(--height)_\/_16_*_1rem)] w-[calc(var(--width)_\/_16_*_1rem)] max-w-none undefined\" style=\"--width:32;--height:32\" decoding=\"async\"\/>Player wird geladen<\/p>\n<p>Im Video: Die Animation zeigt, wie stark der Preis f\u00fcr eine Kugel Eis seit 2010 gestiegen ist.<\/p>\n<p><img loading=\"lazy\" src=\"https:\/\/www.t-online.de\/s\/paper\/_next\/static\/media\/audio-volume.6689034c.svg\" alt=\"\" title=\"\" class=\"block h-[calc(var(--height)_\/_16_*_1rem)] w-[calc(var(--width)_\/_16_*_1rem)] max-w-none group-hover:brightness-0 group-hover:invert\" style=\"--width:16;--height:16\" decoding=\"async\"\/>Vorlesen<\/p>\n<p>Aktuelle Zeit:0:00Gesamtdauer:0:00<\/p>\n<p>1x<\/p>\n<p class=\"text-center\">Jetzt neu bei t-online:<\/p>\n<p class=\"text-center\">Schriftgr\u00f6\u00dfe anpassen!<\/p>\n<p><img loading=\"lazy\" src=\"https:\/\/www.t-online.de\/s\/paper\/_next\/static\/media\/font-sizes.32942e33.svg\" alt=\"\" title=\"\" class=\"block h-[calc(var(--height)_\/_16_*_1rem)] w-[calc(var(--width)_\/_16_*_1rem)] max-w-none group-hover:hidden group-aria-expanded:hidden\" style=\"--width:16;--height:16\" decoding=\"async\"\/><img loading=\"lazy\" src=\"https:\/\/www.t-online.de\/s\/paper\/_next\/static\/media\/font-sizes-dark-mode.e382645c.svg\" alt=\"\" title=\"\" class=\"block h-[calc(var(--height)_\/_16_*_1rem)] w-[calc(var(--width)_\/_16_*_1rem)] max-w-none hidden group-hover:block group-aria-expanded:block\" style=\"--width:16;--height:16\" decoding=\"async\"\/><img loading=\"lazy\" src=\"https:\/\/www.t-online.de\/s\/paper\/_next\/static\/media\/sharing-menu-icon.1eb71368.svg\" alt=\"\" title=\"\" class=\"block h-[calc(var(--height)_\/_16_*_1rem)] w-[calc(var(--width)_\/_16_*_1rem)] max-w-none group-hover:brightness-0 group-hover:invert\" style=\"--width:16;--height:16\" decoding=\"async\"\/>Artikel teilen<\/p>\n<p class=\"font-bold text-18 leading-17 user-text-lg:text-22 user-text-xl:text-24\">Im Supermarkt steht auf der Verpackung, was das Speiseeis enth\u00e4lt. Bei Eisdielen sieht das jedoch anders aus. Sie k\u00f6nnen Zutaten enthalten, mit denen Kunden nicht rechnen.<\/p>\n<p class=\"text-18 leading-17 user-text-lg:text-22 user-text-xl:text-24\">Eisdielen sind bei ihrer Kennzeichnung nicht immer ganz ehrlich. Das ist das Ergebnis einer Untersuchung der Untersuchungs\u00e4mter f\u00fcr Lebensmittel\u00fcberwachung und Tiergesundheit in Baden-W\u00fcrttemberg (CVUA). Demnach enth\u00e4lt &#8222;veganes&#8220; Eis teilweise tierische Zutaten.<\/p>\n<p class=\"text-18 leading-17 user-text-lg:text-22 user-text-xl:text-24\">F\u00fcr ihre Studie wurden 55 als vegan gekennzeichnete Speiseeisproben auf Milch- und Eibestandteile untersucht. Konkret ging es um 37 verpackte Produkte aus dem Handel sowie 18 offene Proben aus Eisdielen. Das Ergebnis: Bei allen verpackten Proben konnten keine tierischen Zutaten nachgewiesen werden. Die Angabe vegan ist also korrekt. Zwar fanden die Pr\u00fcfer in drei der verpackten Proben sehr geringe Mengen Milchprotein \u2013 diese trugen jedoch den Hinweis, dass Spuren von Milch enthalten sein k\u00f6nnen. Die Bezeichnung vegan ist damit weiterhin zul\u00e4ssig. Eierprotein konnte das Labor in keiner Probe nachweisen.<\/p>\n<ul class=\"text-18 leading-17 block pl-24 *:pb-16 *:before:inline-block *:before:size-8 *:before:bg-magenta *:before:mt-0 *:before:mr-12 *:before:mb-2 *:before:-ml-[20px]\">\n<li><strong class=\"font-bold\">Einfacher Check:<\/strong> <a href=\"https:\/\/www.t-online.de\/leben\/essen-und-trinken\/id_56640580\/eis-in-eisdiele-und-supermarkt-das-sind-warnzeichen-fuer-schlechte-qualitaet.html\" class=\"transition-colors cursor-pointer no-underline md:hover:text-magenta md:focus:text-magenta border-b border-solid border-current text-salemsfur md:hover:border-magenta\" data-tracking=\"{&quot;action&quot;:&quot;click&quot;,&quot;category&quot;:&quot;intextLink&quot;,&quot;label&quot;:&quot;\/leben\/essen-und-trinken\/id_56640580\/eis-in-eisdiele-und-supermarkt-das-sind-warnzeichen-fuer-schlechte-qualitaet.html&quot;}\" data-sctrack=\"BodyAnchor\" rel=\"nofollow noopener\" target=\"_blank\">Daran erkennen Sie schlechtes Eis<\/a><\/li>\n<li><strong class=\"font-bold\">Lifehack:<\/strong> <a href=\"https:\/\/www.t-online.de\/leben\/essen-und-trinken\/id_90061576\/eiskristalle-vermeiden-lifehack-fuer-eiscreme-aus-dem-supermarkt.html\" class=\"transition-colors cursor-pointer no-underline md:hover:text-magenta md:focus:text-magenta border-b border-solid border-current text-salemsfur md:hover:border-magenta\" data-tracking=\"{&quot;action&quot;:&quot;click&quot;,&quot;category&quot;:&quot;intextLink&quot;,&quot;label&quot;:&quot;\/leben\/essen-und-trinken\/id_90061576\/eiskristalle-vermeiden-lifehack-fuer-eiscreme-aus-dem-supermarkt.html&quot;}\" data-sctrack=\"BodyAnchor\" rel=\"nofollow noopener\" target=\"_blank\">Einfacher Trick verhindert Eiskristalle auf Eiscreme<\/a><\/li>\n<\/ul>\n<p>Eisdielen: Nur die H\u00e4lfte ohne tierische Bestandteile<\/p>\n<p class=\"text-18 leading-17 user-text-lg:text-22 user-text-xl:text-24\">Anders sieht es jedoch bei den Eisdielen aus. In der H\u00e4lfte der untersuchten Proben wies das Labor Milchproteine nach. Bei sechs von ihnen war der Anteil jedoch so gering, dass die Bezeichnung vegan noch tolerierbar sei, so das Untersuchungsamt. Bei drei Proben wurde hingegen ein erh\u00f6hter Gehalt an Milchproteinen nachgewiesen. Der Verk\u00e4ufer wies in seiner Auslage allerdings nicht auf Milchspuren bei dem Produkt hin.<\/p>\n<p class=\"text-18 leading-17 user-text-lg:text-22 user-text-xl:text-24\">Ob die Milchbestandteile durch vermeidbare Fehler bei Herstellung oder beim Verkauf in das Eis gelangten oder technisch unvermeidbar waren, sollen nun die zust\u00e4ndigen Lebensmittel\u00fcberwachungsbeh\u00f6rden pr\u00fcfen. Dabei wird unter anderem kontrolliert, ob die Betriebe ihre Maschinen und Portionierer ausreichend reinigen und Kreuzkontaminationen vermeiden. Die Betreiber m\u00fcssen dann nachweisen, dass die Milch nicht aus einer bewusst zugesetzten Zutat stammt, sondern sich trotz sauberer Arbeitsweise nicht vermeiden lie\u00df. Nur dann gilt die Angabe vegan nicht als irref\u00fchrend.<\/p>\n<ul class=\"text-18 leading-17 block pl-24 *:pb-16 *:before:inline-block *:before:size-8 *:before:bg-magenta *:before:mt-0 *:before:mr-12 *:before:mb-2 *:before:-ml-[20px]\">\n<li><strong class=\"font-bold\">Das steckt wirklich dahinter:<\/strong> <a href=\"https:\/\/www.t-online.de\/leben\/essen-und-trinken\/id_89947838\/eis-waffel-wer-hat-die-eistuete-eigentlich-erfunden-.html\" class=\"transition-colors cursor-pointer no-underline md:hover:text-magenta md:focus:text-magenta border-b border-solid border-current text-salemsfur md:hover:border-magenta\" data-tracking=\"{&quot;action&quot;:&quot;click&quot;,&quot;category&quot;:&quot;intextLink&quot;,&quot;label&quot;:&quot;\/leben\/essen-und-trinken\/id_89947838\/eis-waffel-wer-hat-die-eistuete-eigentlich-erfunden-.html&quot;}\" data-sctrack=\"BodyAnchor\" rel=\"nofollow noopener\" target=\"_blank\">Wer erfand die Eiswaffel?<\/a><\/li>\n<\/ul>\n<p>Was z\u00e4hlt zu tierischen Bestandteilen?<\/p>\n<p class=\"text-18 leading-17 user-text-lg:text-22 user-text-xl:text-24\">Neben Milch- und Eibestandteilen z\u00e4hlen zu den tierischen Zutaten in Lebensmitteln etwa auch Honig, Gelatine, Farbstoffe tierischen Ursprungs \u2013 beispielsweise Karmin. H\u00e4ufig werden sie verwendet, um die Cremigkeit (bei Milchspeiseeis) oder die Schaumbildung (bei Sorbet) zu verbessern.<\/p>\n<p class=\"text-18 leading-17 user-text-lg:text-22 user-text-xl:text-24\">Statt Milch, Sahne und Eiern setzen die Hersteller bei veganem Eis auf pflanzliche Alternativen: Kokos, Mandel, Pistazie, Hafer, Soja oder auch Ackerbohnen- und Erbsenprotein. Sie sollen Cremigkeit, Schmelzverhalten und Luftigkeit m\u00f6glichst exakt nachahmen.<\/p>\n","protected":false},"excerpt":{"rendered":"Neue Untersuchung Eisdielen schummeln beim Eis 29.06.2026 &#8211; 11:33 UhrLesedauer: 3 Min. Player wird geladen Im Video: Die&hellip;\n","protected":false},"author":2,"featured_media":231102,"comment_status":"","ping_status":"","sticky":false,"template":"","format":"standard","meta":{"footnotes":"","_share_on_mastodon":"0"},"categories":[134],"tags":[522,1634,175,170,169,29,3870,30,702,171,174,225403,925,173,172,19053],"class_list":["post-1130131","post","type-post","status-publish","format-standard","has-post-thumbnail","category-unternehmen-maerkte","tag-522","tag-baden-wuerttemberg","tag-business","tag-companies","tag-companies-markets","tag-deutschland","tag-eisdielen","tag-germany","tag-lebensmittel","tag-markets","tag-maerkte","tag-sorbet","tag-supermarkt","tag-unternehmen","tag-unternehmen-maerkte","tag-verpackung"],"share_on_mastodon":{"url":"https:\/\/pubeurope.com\/@de\/116832975913783296","error":""},"_links":{"self":[{"href":"https:\/\/www.europesays.com\/de\/wp-json\/wp\/v2\/posts\/1130131","targetHints":{"allow":["GET"]}}],"collection":[{"href":"https:\/\/www.europesays.com\/de\/wp-json\/wp\/v2\/posts"}],"about":[{"href":"https:\/\/www.europesays.com\/de\/wp-json\/wp\/v2\/types\/post"}],"author":[{"embeddable":true,"href":"https:\/\/www.europesays.com\/de\/wp-json\/wp\/v2\/users\/2"}],"replies":[{"embeddable":true,"href":"https:\/\/www.europesays.com\/de\/wp-json\/wp\/v2\/comments?post=1130131"}],"version-history":[{"count":0,"href":"https:\/\/www.europesays.com\/de\/wp-json\/wp\/v2\/posts\/1130131\/revisions"}],"wp:featuredmedia":[{"embeddable":true,"href":"https:\/\/www.europesays.com\/de\/wp-json\/wp\/v2\/media\/231102"}],"wp:attachment":[{"href":"https:\/\/www.europesays.com\/de\/wp-json\/wp\/v2\/media?parent=1130131"}],"wp:term":[{"taxonomy":"category","embeddable":true,"href":"https:\/\/www.europesays.com\/de\/wp-json\/wp\/v2\/categories?post=1130131"},{"taxonomy":"post_tag","embeddable":true,"href":"https:\/\/www.europesays.com\/de\/wp-json\/wp\/v2\/tags?post=1130131"}],"curies":[{"name":"wp","href":"https:\/\/api.w.org\/{rel}","templated":true}]}}