{"id":113021,"date":"2025-05-15T17:09:08","date_gmt":"2025-05-15T17:09:08","guid":{"rendered":"https:\/\/www.europesays.com\/de\/113021\/"},"modified":"2025-05-15T17:09:08","modified_gmt":"2025-05-15T17:09:08","slug":"feuer-auf-einem-dach-an-der-neumarktstrasse-feuerwehr-wuppertal-rueckt-aus","status":"publish","type":"post","link":"https:\/\/www.europesays.com\/de\/113021\/","title":{"rendered":"Feuer auf einem Dach an der Neumarktstra\u00dfe: Feuerwehr Wuppertal r\u00fcckt aus"},"content":{"rendered":"<p class=\"text_ohne_einzug richtext text-em-55 !leading-serif mx-6 desktop:mx-0\">Einsatzkr\u00e4fte von Feuerwehr und Polizei sind am Donnerstag, 15. Mai, zu einem Brand an der Neumarktstra\u00dfe gerufen worden. Dort hatten Zeugen gegen 16 Uhr auf dem Dach eines Mehrfamilienhauses ein Feuer entdeckt und sofort selbst angefangen zu l\u00f6schen. Die Feuerwehr \u00fcbernahm dann und das Feuer konnte geschwind gel\u00f6scht werden.<\/p>\n<p class=\"richtext text-em-55 !leading-serif mx-6 desktop:mx-0\">Laut bisherigen Erkenntnissen der Polizei gab es auf dem Dach Dachdeckerarbeiten mit offener Flamme. Zwar habe die Brandwache kontrolliert, doch nachdem die Handwerker das Dach bereits verlassen hatten, sei es doch zum Brand gekommen. Verletzte gab es keine. Es entstand ein Sachschaden in H\u00f6he von rund 3000 Euro.<\/p>\n","protected":false},"excerpt":{"rendered":"Einsatzkr\u00e4fte von Feuerwehr und Polizei sind am Donnerstag, 15. Mai, zu einem Brand an der Neumarktstra\u00dfe gerufen worden.&hellip;\n","protected":false},"author":2,"featured_media":113022,"comment_status":"","ping_status":"","sticky":false,"template":"","format":"standard","meta":{"footnotes":""},"categories":[1840],"tags":[9784,2919,44001,44000,3364,29,987,985,43999,30,1209,4418],"class_list":{"0":"post-113021","1":"post","2":"type-post","3":"status-publish","4":"format-standard","5":"has-post-thumbnail","7":"category-wuppertal","8":"tag-dach","9":"tag-brand","10":"tag-brandwache","11":"tag-dachdeckerarbeiten","12":"tag-de","13":"tag-deutschland","14":"tag-feuer","15":"tag-feuerwehr","16":"tag-geloescht","17":"tag-germany","18":"tag-nordrhein-westfalen","19":"tag-wuppertal"},"share_on_mastodon":{"url":"https:\/\/pubeurope.com\/@de\/114512957467142462","error":""},"_links":{"self":[{"href":"https:\/\/www.europesays.com\/de\/wp-json\/wp\/v2\/posts\/113021","targetHints":{"allow":["GET"]}}],"collection":[{"href":"https:\/\/www.europesays.com\/de\/wp-json\/wp\/v2\/posts"}],"about":[{"href":"https:\/\/www.europesays.com\/de\/wp-json\/wp\/v2\/types\/post"}],"author":[{"embeddable":true,"href":"https:\/\/www.europesays.com\/de\/wp-json\/wp\/v2\/users\/2"}],"replies":[{"embeddable":true,"href":"https:\/\/www.europesays.com\/de\/wp-json\/wp\/v2\/comments?post=113021"}],"version-history":[{"count":0,"href":"https:\/\/www.europesays.com\/de\/wp-json\/wp\/v2\/posts\/113021\/revisions"}],"wp:featuredmedia":[{"embeddable":true,"href":"https:\/\/www.europesays.com\/de\/wp-json\/wp\/v2\/media\/113022"}],"wp:attachment":[{"href":"https:\/\/www.europesays.com\/de\/wp-json\/wp\/v2\/media?parent=113021"}],"wp:term":[{"taxonomy":"category","embeddable":true,"href":"https:\/\/www.europesays.com\/de\/wp-json\/wp\/v2\/categories?post=113021"},{"taxonomy":"post_tag","embeddable":true,"href":"https:\/\/www.europesays.com\/de\/wp-json\/wp\/v2\/tags?post=113021"}],"curies":[{"name":"wp","href":"https:\/\/api.w.org\/{rel}","templated":true}]}}