{"id":1130444,"date":"2026-06-29T13:42:26","date_gmt":"2026-06-29T13:42:26","guid":{"rendered":"https:\/\/www.europesays.com\/de\/1130444\/"},"modified":"2026-06-29T13:42:26","modified_gmt":"2026-06-29T13:42:26","slug":"waldhof-mannheim-baut-trainerstab-um-rui-mota-holt-drei-vertraute-nach-mannheim","status":"publish","type":"post","link":"https:\/\/www.europesays.com\/de\/1130444\/","title":{"rendered":"Waldhof Mannheim baut Trainerstab um: Rui Mota holt drei Vertraute nach Mannheim"},"content":{"rendered":"<p><a href=\"https:\/\/liga3-news.de\/wp-content\/uploads\/2026\/06\/Rui-Mota-e1781778717277.jpg\" data-caption=\"Foto: Waldhof Mannheim\" rel=\"nofollow noopener\" target=\"_blank\"><img loading=\"lazy\" decoding=\"async\" onload=\"Wpfcll.r(this,true);\" src=\"https:\/\/liga3-news.de\/wp-content\/plugins\/wp-fastest-cache-premium\/pro\/images\/blank.gif\" width=\"696\" height=\"568\" class=\"entry-thumb td-modal-image\" data-wpfc-original-src=\"https:\/\/www.europesays.com\/de\/wp-content\/uploads\/2026\/06\/Rui-Mota-696x568.jpg\" data-wpfc-original-  alt=\"\" title=\"Rui Mota\"\/><\/a>Foto: Waldhof Mannheim<\/p>\n<p class=\"ai-optimize-6 ai-optimize-introduction\"><strong>Beim SV Waldhof Mannheim wird zum Start in die Vorbereitung nicht nur auf dem Platz neu angesetzt. Auch hinter den Kulissen ordnet Cheftrainer Rui Mota sein engstes Umfeld neu und setzt dabei auf vertraute Gesichter aus fr\u00fcheren Stationen. Zum Trainingsauftakt steht damit ein deutlich ver\u00e4ndertes Trainerteam bereit.<\/strong><\/p>\n<p>  <strong>Mota bringt sein Netzwerk nach Mannheim<\/strong><\/p>\n<p class=\"ai-optimize-8\">Der personelle Umbau im Funktionsteam des SV Waldhof ist vor dem Beginn der neuen Arbeitsphase klar erkennbar. Mit Pedro Sacramento als Co-Trainer, Bruno Freitas als Torwarttrainer und Luis Barbosa f\u00fcr den Athletikbereich r\u00fccken drei neue Mitarbeiter an die Seite von Rui Mota. Ihr Einstieg ist zum 1. Juli vorgesehen.<\/p>\n<p class=\"ai-optimize-9\">Auff\u00e4llig ist dabei vor allem die gemeinsame Vorgeschichte. Alle drei arbeiteten bereits in fr\u00fcheren Stationen mit Mota zusammen, unter anderem beim FC Noah und bei Ludogorets Razgrad. Mannheim setzt damit erkennbar auf eingespielte Abl\u00e4ufe und kurze Abstimmungswege. Gerade in einer sensiblen Phase wie dem Vorbereitungsstart kann dieser Vertrauensvorsprung schnell an Bedeutung gewinnen.<\/p>\n<p><strong>Drei Abg\u00e4nge nach der Sommerpause<\/strong><\/p>\n<p class=\"ai-optimize-11\">Gleichzeitig verabschiedet sich der Verein von mehreren Kr\u00e4ften aus dem bisherigen Staff. Lukas Weinzierl, zuletzt als Athletiktrainer im Einsatz, verl\u00e4sst die Profimannschaft ebenso wie Torwarttrainer Nils Segelken. Auch Klaus Luisser, der den Bereich Athletik leitete, geh\u00f6rt k\u00fcnftig nicht mehr zum Team um die erste Mannschaft.<\/p>\n<p><strong>Vertraute Kr\u00e4fte bleiben an Bord<\/strong><\/p>\n<p class=\"ai-optimize-14\">Trotz der Ver\u00e4nderungen bleibt ein Teil der bisherigen Struktur erhalten. Asif Saric wird weiterhin als Co-Trainer arbeiten, Lennart Lisson bleibt dem Staff als Videoanalyst erhalten. Damit verbindet der Waldhof neues Personal mit interner Kontinuit\u00e4t. Genau diese Mischung hebt auch Sport-Gesch\u00e4ftsf\u00fchrer Gerhard Zuber hervor. F\u00fcr den Verein habe ein funktionierendes Trainerteam, so seine Kernaussage, \u201ehohe Priorit\u00e4t\u201c. Dass Rui Mota mit Pedro Sacramento, Bruno Freitas und Luis Barbosa bereits erfolgreich gearbeitet habe, sei ein wichtiger Faktor. Zugleich verwies Zuber darauf, dass mit Saric und Lisson zwei Mitarbeiter an Bord bleiben, die den Klub und die Abl\u00e4ufe aus dem Vorjahr genau kennen.<\/p>\n<p><strong>Klare Linie zum Vorbereitungsstart<\/strong><\/p>\n<p class=\"ai-optimize-17\">In Mannheim ist die Sto\u00dfrichtung damit klar: Der neue Cheftrainer soll zum Auftakt nicht erst ein Umfeld formen m\u00fcssen, sondern mit einem Stab starten, der in wesentlichen Teilen bereits aufeinander abgestimmt ist. F\u00fcr den SV Waldhof ist das mehr als eine blo\u00dfe Personalnotiz. Es ist ein Signal, dass die sportliche F\u00fchrung auf Eingespieltheit, Vertrauen und klare Rollenverteilung setzt.<\/p>\n<p class=\"ai-optimize-18\">Ob sich diese Konstellation schnell auszahlt, wird sich in den ersten Wochen der Vorbereitung zeigen. Der Verein hat jedenfalls fr\u00fch die Weichen gestellt und Mota ein Team an die Seite gegeben, das sowohl neue Impulse als auch vorhandene Vereinskenntnis zusammenf\u00fchrt.<\/p>\n","protected":false},"excerpt":{"rendered":"Foto: Waldhof Mannheim Beim SV Waldhof Mannheim wird zum Start in die Vorbereitung nicht nur auf dem Platz&hellip;\n","protected":false},"author":2,"featured_media":1130445,"comment_status":"","ping_status":"","sticky":false,"template":"","format":"standard","meta":{"footnotes":"","_share_on_mastodon":"0"},"categories":[1845],"tags":[1634,3364,29,548,663,3934,30,13,2096,14,15,12,17594],"class_list":["post-1130444","post","type-post","status-publish","format-standard","has-post-thumbnail","category-mannheim","tag-baden-wuerttemberg","tag-de","tag-deutschland","tag-eu","tag-europa","tag-europe","tag-germany","tag-headlines","tag-mannheim","tag-nachrichten","tag-news","tag-schlagzeilen","tag-waldhof-mannheim"],"share_on_mastodon":{"url":"https:\/\/pubeurope.com\/@de\/116833692554804129","error":""},"_links":{"self":[{"href":"https:\/\/www.europesays.com\/de\/wp-json\/wp\/v2\/posts\/1130444","targetHints":{"allow":["GET"]}}],"collection":[{"href":"https:\/\/www.europesays.com\/de\/wp-json\/wp\/v2\/posts"}],"about":[{"href":"https:\/\/www.europesays.com\/de\/wp-json\/wp\/v2\/types\/post"}],"author":[{"embeddable":true,"href":"https:\/\/www.europesays.com\/de\/wp-json\/wp\/v2\/users\/2"}],"replies":[{"embeddable":true,"href":"https:\/\/www.europesays.com\/de\/wp-json\/wp\/v2\/comments?post=1130444"}],"version-history":[{"count":0,"href":"https:\/\/www.europesays.com\/de\/wp-json\/wp\/v2\/posts\/1130444\/revisions"}],"wp:featuredmedia":[{"embeddable":true,"href":"https:\/\/www.europesays.com\/de\/wp-json\/wp\/v2\/media\/1130445"}],"wp:attachment":[{"href":"https:\/\/www.europesays.com\/de\/wp-json\/wp\/v2\/media?parent=1130444"}],"wp:term":[{"taxonomy":"category","embeddable":true,"href":"https:\/\/www.europesays.com\/de\/wp-json\/wp\/v2\/categories?post=1130444"},{"taxonomy":"post_tag","embeddable":true,"href":"https:\/\/www.europesays.com\/de\/wp-json\/wp\/v2\/tags?post=1130444"}],"curies":[{"name":"wp","href":"https:\/\/api.w.org\/{rel}","templated":true}]}}