{"id":113051,"date":"2025-05-15T17:25:12","date_gmt":"2025-05-15T17:25:12","guid":{"rendered":"https:\/\/www.europesays.com\/de\/113051\/"},"modified":"2025-05-15T17:25:12","modified_gmt":"2025-05-15T17:25:12","slug":"moers-geheimniskraemerei-um-altes-finanzamt","status":"publish","type":"post","link":"https:\/\/www.europesays.com\/de\/113051\/","title":{"rendered":"Moers: Geheimniskr\u00e4merei um altes Finanzamt"},"content":{"rendered":"<p class=\"text_ohne_einzug richtext text-em-55 !leading-serif mx-6 desktop:mx-0\">Das sogenannte Kostenpflichtiger Inhalt <a href=\"https:\/\/rp-online.de\/nrw\/staedte\/moers\/altes-finanzamtsgebaeude-in-moers-land-sucht-kaufinteressenten_aid-124254173\" target=\"_blank\" rel=\"noopener\">Interessenbekundungsverfahren zum alten Finanzamt<\/a> Moers ist seit dem 3. Mai beendet. Gerne w\u00fcsste man, ob sich jemand beim Bau- und Liegenschaftsbetrieb des Landes (BLB) gemeldet hat, der das Gel\u00e4nde kaufen und neu bebauen m\u00f6chte. Die Angelegenheit ist von hohem \u00f6ffentlichen Interesse in Moers. Doch der BLB h\u00e4lt sich bedeckt wie ein Kardinal, der dem neuen Papst die Beichte abgenommen hat.<\/p>\n","protected":false},"excerpt":{"rendered":"Das sogenannte Kostenpflichtiger Inhalt Interessenbekundungsverfahren zum alten Finanzamt Moers ist seit dem 3. Mai beendet. Gerne w\u00fcsste man,&hellip;\n","protected":false},"author":2,"featured_media":74908,"comment_status":"","ping_status":"","sticky":false,"template":"","format":"standard","meta":{"footnotes":""},"categories":[1838],"tags":[3807,20244,14314,44008,44005,44004,3364,29,3715,44003,9031,30,44006,44007,44009,2263,1209,13832,16476],"class_list":{"0":"post-113051","1":"post","2":"type-post","3":"status-publish","4":"format-standard","5":"has-post-thumbnail","7":"category-duisburg","8":"tag-moers","9":"tag-finanzamt","10":"tag-bebauungsplan","11":"tag-bebauungsplanentwurf","12":"tag-bieterverfahren","13":"tag-blb","14":"tag-de","15":"tag-deutschland","16":"tag-duisburg","17":"tag-finanzamtsgelaende","18":"tag-gelaende","19":"tag-germany","20":"tag-grafschafter","21":"tag-interessensbekundungsverfahren","22":"tag-interessensbekundungsverfahrens","23":"tag-investor","24":"tag-nordrhein-westfalen","25":"tag-thorsten-schroeder","26":"tag-verfahren"},"share_on_mastodon":{"url":"https:\/\/pubeurope.com\/@de\/114513020487963878","error":""},"_links":{"self":[{"href":"https:\/\/www.europesays.com\/de\/wp-json\/wp\/v2\/posts\/113051","targetHints":{"allow":["GET"]}}],"collection":[{"href":"https:\/\/www.europesays.com\/de\/wp-json\/wp\/v2\/posts"}],"about":[{"href":"https:\/\/www.europesays.com\/de\/wp-json\/wp\/v2\/types\/post"}],"author":[{"embeddable":true,"href":"https:\/\/www.europesays.com\/de\/wp-json\/wp\/v2\/users\/2"}],"replies":[{"embeddable":true,"href":"https:\/\/www.europesays.com\/de\/wp-json\/wp\/v2\/comments?post=113051"}],"version-history":[{"count":0,"href":"https:\/\/www.europesays.com\/de\/wp-json\/wp\/v2\/posts\/113051\/revisions"}],"wp:featuredmedia":[{"embeddable":true,"href":"https:\/\/www.europesays.com\/de\/wp-json\/wp\/v2\/media\/74908"}],"wp:attachment":[{"href":"https:\/\/www.europesays.com\/de\/wp-json\/wp\/v2\/media?parent=113051"}],"wp:term":[{"taxonomy":"category","embeddable":true,"href":"https:\/\/www.europesays.com\/de\/wp-json\/wp\/v2\/categories?post=113051"},{"taxonomy":"post_tag","embeddable":true,"href":"https:\/\/www.europesays.com\/de\/wp-json\/wp\/v2\/tags?post=113051"}],"curies":[{"name":"wp","href":"https:\/\/api.w.org\/{rel}","templated":true}]}}