{"id":1130573,"date":"2026-06-29T14:52:26","date_gmt":"2026-06-29T14:52:26","guid":{"rendered":"https:\/\/www.europesays.com\/de\/1130573\/"},"modified":"2026-06-29T14:52:26","modified_gmt":"2026-06-29T14:52:26","slug":"abkuehlung-zum-wochenstart-auf-hitze-folgen-regen-und-gewitter","status":"publish","type":"post","link":"https:\/\/www.europesays.com\/de\/1130573\/","title":{"rendered":"Abk\u00fchlung zum Wochenstart: Auf Hitze folgen Regen und Gewitter"},"content":{"rendered":"<p>\n                Stand: 29.06.2026 09:38 Uhr<\/p>\n<p class=\"preface\">Nach der Hitzewelle mit Temperaturrekorden in Niedersachsen beginnt die neue Woche vielerorts regnerisch und mit moderaten Temperaturen. Au\u00dferdem kommt es immer wieder zu Gewittern.<\/p>\n<p class=\"\">Am Montag sei ein R\u00fcckgang der extremen Hitze zu erwarten, hei\u00dft es vom Deutschen Wetterdienst (DWD). Die Temperaturen fallen auf Werte zwischen 22 und 27 Grad im Binnenland. Auf den Inseln k\u00f6nnen H\u00f6chstwerte bis zu 21 Grad erreicht werden. Am Morgen hatte der DWD f\u00fcr mehrere Landkreise und St\u00e4dte im \u00f6stlichen Niedersachsen vor Unwettern gewarnt &#8211; die Warnung wurde gegen sp\u00e4ten Vormittag aufgehoben.<\/p>\n<p>    Wetter bleibt unbest\u00e4ndig<\/p>\n<p class=\"\">Auch in den kommenden Tagen sind laut Meteorologen immer wieder Gewitter m\u00f6glich, vor allem nachts. Am Dienstag werden tags\u00fcber bis zu 29 Grad im Binnenland erwartet, auf den Inseln bis zu 24 Grad. In der Nacht zu Mittwoch sind dem DWD zufolge in der S\u00fcdosth\u00e4lfte Niedersachsens starke Schauer und Unwetter m\u00f6glich.<\/p>\n<p>\n            <strong>Video:<\/strong><br \/>\n            Nach der Hitze: Heftige Unwetter ziehen \u00fcber Niedersachsen (1 Min)\n        <\/p>\n<p>    Hitzerekord und Gewitter am Wochenende<\/p>\n<p class=\"\">Am Samstag war in L\u00fcchow ein <a href=\"https:\/\/www.ndr.de\/nachrichten\/niedersachsen\/hitzerekord-in-niedersachsen-dwd-bestaetigt-402-grad,hitzerekord-106.html\" title=\"Hitzerekord in Niedersachsen: DWD best\u00e4tigt 40,2 Grad\" rel=\"nofollow noopener\" target=\"_blank\">neuer Hitzerekord<\/a> mit 40,2 Grad gemessen worden. Vielerorts hatte es bereits am Wochenende Gewitter gegeben. Allein im Landkreis Cuxhaven r\u00fcckte die Feuerwehr eigenen Angaben zufolge in der Nacht zu Sonntag mehr als 90 Mal aus. In Ostfriesland gab es mehr als 60 Eins\u00e4tze. Oft kam es zu Br\u00e4nden infolge von Blitzeinschl\u00e4gen, umgest\u00fcrzten B\u00e4umen und vollgelaufenen Kellern. In der Krummh\u00f6rn musste ein Musikfestival wegen des heftigen Unwetters kurzfristig abgebrochen werden. In der Gemeinde Ihlow wurde ein Mann, der leitendes Material angefasst hatte, von einem Blitz getroffen. Er ist laut Polizei f\u00fcr etwa eine Minute bewusstlos gewesen und kam in ein Krankenhaus.<\/p>\n<p>\n            <strong>Video:<\/strong><br \/>\n            Das Wetter f\u00fcr Niedersachsen (2 Min)\n        <\/p>\n<p>                News aus deiner Region &#8211; jetzt auch direkt per WhatsApp<\/p>\n<p>In unseren f\u00fcnf neuen regionalen WhatsApp-Kan\u00e4len versorgen wir dich ab sofort wochent\u00e4glich mit den wichtigsten Nachrichten, Themen und Geschichten aus deiner Heimat. <\/p>\n<p>\u00dcber diese Links kommst du direkt zu den Kan\u00e4len:<\/p>\n<p><a href=\"https:\/\/www.ndr.de\/nachrichten\/niedersachsen\/ndr-niedersachsen-auf-whatsapp-abonniere-die-news-aus-deiner-region,whatsappniedersachsen-100.html\" title=\"NDR Niedersachsen auf WhatsApp: Abonniere die News aus deiner Region\" rel=\"nofollow noopener\" target=\"_blank\">Abonniere News aus deiner Region<\/a> und aktiviere die Glocke, damit du nichts verpasst.<\/p>\n<p>        <img decoding=\"async\" src=\"https:\/\/www.europesays.com\/de\/wp-content\/uploads\/2026\/06\/hitze-590.webp\" alt=\"Die Sonne scheint bei hochsommerlichem Wetter hinter dem Klaus-Bahlsen-Brunnen auf dem Platz der Menschenrechte in Hannover.\" title=\"Die Sonne scheint bei hochsommerlichem Wetter hinter dem Klaus-Bahlsen-Brunnen auf dem Platz der Menschenrechte in Hannover. | Moritz Frankenberg\/dpa\" class=\"responsive\" loading=\"lazy\"\/><\/p>\n<p>Am Samstag wurde aus L\u00fcchow im Wendland die h\u00f6chste jemals gemessene Temperatur f\u00fcr Niedersachsen gemeldet. <\/p>\n<p>        <img decoding=\"async\" src=\"https:\/\/www.europesays.com\/de\/wp-content\/uploads\/2026\/06\/hitze-510.webp\" alt=\"Eine Frau liegt auf einem Sofa vor einem Ventilator.\" title=\"Eine Frau liegt auf einem Sofa vor einem Ventilator. | picture alliance \/ Hans Lucas | Mathieu Thomasset\" class=\"responsive\" loading=\"lazy\"\/><\/p>\n<p>Bei Temperaturen ab 30 Grad f\u00fchlen sich viele Menschen nicht mehr wohl. Was hilft, um die Hitze besser zu ertragen?<\/p>\n<p>        <img decoding=\"async\" src=\"https:\/\/www.europesays.com\/de\/wp-content\/uploads\/2026\/04\/bilderaktionmv3206.webp.webp\" alt=\"Ein Regenbogen in der N\u00e4he von Barth.\" title=\"Mario Galepp hat vielleicht keinen Topf voll Gold aber daf\u00fcr diesen Regenbogen in der N\u00e4he von Barth entdeckt. | NDR, Mario Galepp aus Barth\" class=\"responsive\" loading=\"lazy\"\/><\/p>\n<p>Regen? Schnee? Sonne? Sturm? Hier finden Sie das aktuelle Wetter und die Vorhersage f\u00fcr ganz Norddeutschland.<\/p>\n<p>        <img decoding=\"async\" src=\"https:\/\/www.europesays.com\/de\/wp-content\/uploads\/2026\/06\/bilderaktionmv-264.webp\" alt=\"Gewitterwolken \" title=\"Ein wolkiges Kunstwerk gemalt vom Gewitterwetter \u00fcber Greven bei L\u00fcbz  | NDR\/ Rayk Kopp aus L\u00fcbz\" class=\"responsive\" loading=\"lazy\"\/><\/p>\n<p>Die Wetterexperten rechnen mit schwerem Gewitter. Hier finden Sie Infos, Nachrichten und Tipps rund ums Wetter.<\/p>\n<p>        <img decoding=\"async\" src=\"https:\/\/www.europesays.com\/de\/wp-content\/uploads\/2026\/06\/ventilator-116.webp\" alt=\"Ein Ventilator ist auf eine auf eine auf dem Sofa liegende Frau gerichtet.\" title=\"Ein Ventilator ist auf eine auf eine auf dem Sofa liegende Frau gerichtet. | picture alliance \/ Hans Lucas | Mathieu Thomasset\" class=\"responsive\" loading=\"lazy\"\/><\/p>\n<p>Gesundheitsrisiken, hei\u00dfe N\u00e4chte und kaputter Asphalt &#8211; die Temperaturen in Niedersachsen steigen weiter.<\/p>\n<p>        <img decoding=\"async\" src=\"https:\/\/www.europesays.com\/de\/wp-content\/uploads\/2026\/06\/ventilator-114.webp\" alt=\"Ein Ventilator steht neben einem Bett.\" title=\"Hei\u00dfe N\u00e4chte stehen bevor: Am Wochenende sinken die Temperaturen vielerorts nicht unter 20 Grad. (Themenbild) | picture alliance \/ Hans Lucas | Mathieu Thomasset\" class=\"responsive\" loading=\"lazy\"\/><\/p>\n<p>Temperaturen bis 35 Grad, Verbote, abgesagte Veranstaltungen: Der Wetterdienst warnt vor starker W\u00e4rmebelastung.<\/p>\n<p>        <img decoding=\"async\" src=\"https:\/\/www.europesays.com\/de\/wp-content\/uploads\/2026\/06\/hitze-512.webp\" alt=\"Ein hei\u00dfer Tag neigt sich dem Ende zu, die Sonne geht langsam unter.\" title=\"Ein hei\u00dfer Tag neigt sich dem Ende zu, die Sonne geht langsam unter. | picture alliance\/Rene Traut\" class=\"responsive\" loading=\"lazy\"\/><\/p>\n<p>Temperaturen von mehr als 30 Grad, kaum Wolken am Himmel: Der Deutsche Wetterdienst warnt vor starker W\u00e4rmebelastung.<\/p>\n<p>        <img decoding=\"async\" src=\"https:\/\/www.europesays.com\/de\/wp-content\/uploads\/2026\/06\/unwetter-1220.webp\" alt=\"Gewitterwolken ziehen \u00fcber eine Landschaft bei Stadthagen in Niedersachsen hinweg.\" title=\"Gewitterwolken ziehen \u00fcber eine Landschaft bei Stadthagen in Niedersachsen hinweg. | IMAGO \/ imagebroker\" class=\"responsive\" loading=\"lazy\"\/><\/p>\n<p>Nach Temperaturrekorden im Norden gab es auch heute Unwetter. Nun wird es merklich k\u00fchler &#8211; nachts sinkt das Thermometer teilweise auf 11 Grad.<\/p>\n<p>        <img decoding=\"async\" src=\"https:\/\/www.europesays.com\/de\/wp-content\/uploads\/2026\/06\/badesee220.webp\" alt=\"Uetze: Ein junge Frau badet mit einem Schwimmreifen im Irenensee\" title=\"Uetze: Ein junge Frau badet mit einem Schwimmreifen im Irenensee | picture alliance, Hauke-Christian Dittrich\" class=\"responsive\" loading=\"lazy\"\/><\/p>\n<p>Mit rund 280 Badegew\u00e4ssern nach EU-Richtlinie verf\u00fcgt Niedersachsen \u00fcber mehr als zehn Prozent der Badegew\u00e4sser in Deutschland.<\/p>\n","protected":false},"excerpt":{"rendered":"Stand: 29.06.2026 09:38 Uhr Nach der Hitzewelle mit Temperaturrekorden in Niedersachsen beginnt die neue Woche vielerorts regnerisch und&hellip;\n","protected":false},"author":2,"featured_media":1130574,"comment_status":"","ping_status":"","sticky":false,"template":"","format":"standard","meta":{"footnotes":"","_share_on_mastodon":"0"},"categories":[2],"tags":[6429,2232,29,4906,17989,30,46,13,8285,11607,18113,952,22662,14,15,1411,12,4747,10,8,9,11,4028,23290,1973,605],"class_list":["post-1130573","post","type-post","status-publish","format-standard","has-post-thumbnail","category-deutschland","tag-braunschweig","tag-celle","tag-deutschland","tag-dwd","tag-extremwetter","tag-germany","tag-hannover","tag-headlines","tag-hildesheim","tag-hitze","tag-hitzewelle","tag-klimawandel","tag-lueneburg","tag-nachrichten","tag-news","tag-niedersachsen","tag-schlagzeilen","tag-sonne","tag-top-news","tag-top-meldungen","tag-topmeldungen","tag-topnews","tag-unwetter","tag-warnung","tag-wetter","tag-wolfsburg"],"share_on_mastodon":{"url":"https:\/\/pubeurope.com\/@de\/116833968762092833","error":""},"_links":{"self":[{"href":"https:\/\/www.europesays.com\/de\/wp-json\/wp\/v2\/posts\/1130573","targetHints":{"allow":["GET"]}}],"collection":[{"href":"https:\/\/www.europesays.com\/de\/wp-json\/wp\/v2\/posts"}],"about":[{"href":"https:\/\/www.europesays.com\/de\/wp-json\/wp\/v2\/types\/post"}],"author":[{"embeddable":true,"href":"https:\/\/www.europesays.com\/de\/wp-json\/wp\/v2\/users\/2"}],"replies":[{"embeddable":true,"href":"https:\/\/www.europesays.com\/de\/wp-json\/wp\/v2\/comments?post=1130573"}],"version-history":[{"count":0,"href":"https:\/\/www.europesays.com\/de\/wp-json\/wp\/v2\/posts\/1130573\/revisions"}],"wp:featuredmedia":[{"embeddable":true,"href":"https:\/\/www.europesays.com\/de\/wp-json\/wp\/v2\/media\/1130574"}],"wp:attachment":[{"href":"https:\/\/www.europesays.com\/de\/wp-json\/wp\/v2\/media?parent=1130573"}],"wp:term":[{"taxonomy":"category","embeddable":true,"href":"https:\/\/www.europesays.com\/de\/wp-json\/wp\/v2\/categories?post=1130573"},{"taxonomy":"post_tag","embeddable":true,"href":"https:\/\/www.europesays.com\/de\/wp-json\/wp\/v2\/tags?post=1130573"}],"curies":[{"name":"wp","href":"https:\/\/api.w.org\/{rel}","templated":true}]}}