{"id":1130628,"date":"2026-06-29T15:25:57","date_gmt":"2026-06-29T15:25:57","guid":{"rendered":"https:\/\/www.europesays.com\/de\/1130628\/"},"modified":"2026-06-29T15:25:57","modified_gmt":"2026-06-29T15:25:57","slug":"hitzewelle-in-berlin-krach-will-miniparks-am-gendarmenmarkt-und-am-alex","status":"publish","type":"post","link":"https:\/\/www.europesays.com\/de\/1130628\/","title":{"rendered":"Hitzewelle in Berlin: Krach will Miniparks am Gendarmenmarkt und am Alex"},"content":{"rendered":"<p class=\"tspBXm2 tspBXm3\">Berlin schwitzt, am Wochenende wurde der Temperaturrekord in Berlin gebrochen. Die neue Woche soll Abk\u00fchlung bringen: Im Verlauf des Tages werden am Montag in Berlin und Brandenburg aus S\u00fcdwesten aufziehende Gewitter erwartet, wie der Deutsche Wetterdienst (DWD) meldet. Mit der Kaltfront aus Nordwesten solle wieder etwas trockenere und nicht mehr so hei\u00dfe Luft einflie\u00dfen, hie\u00df es.<\/p>\n<p class=\"tspBXm2\">Lokal ist auch heftiger Starkregen m\u00f6glich. In den Abendstunden sollen die Gewitter nach Polen abziehen. Die Temperaturen sollen nur noch H\u00f6chstwerte von 27 bis 31 Grad erreichen. Alles zur Hitzewelle in Berlin \u2013 hier im Live-Blog.<\/p>\n<p> Die wichtigsten Entwicklungen im \u00dcberblick: <\/p>\n<ul data-qa-hook=\"story-list-ul\" class=\"tspCKpb\">\n<li class=\"tspCKgr tspCKgr\">Gewitter sollen die Hauptstadt etwas abk\u00fchlen<\/li>\n<li class=\"tspCKgr tspCKgr\">Neuer Berliner Temperaturrekord mit 39,9 Grad gemessen<\/li>\n<li class=\"tspCKgr tspCKgr\">Wasserwerfer der Polizei erfrischen vor dem Olympiastadion Besucher des Bruno-Mars-Konzerts<\/li>\n<\/ul>\n<p>Mehr zur Hitze in Berlin:<a href=\"https:\/\/www.tagesspiegel.de\/berlin\/wo-berlin-durchatmet-hier-bleibts-angenehm-wenn-die-stadt-schwitzt-15732822.html?icid=topic-list_15762498___\" data-gtm-class=\"article-mzt-link\" data-hydrate-fingerprint=\"09740a54944caac75fd2c0c63fd5c5df\" data-hydrate-props=\"{&amp;escapedquot;element&amp;escapedquot;:{&amp;escapedquot;type&amp;escapedquot;:&amp;escapedquot;relatedContent&amp;escapedquot;,&amp;escapedquot;fieldMap&amp;escapedquot;:{},&amp;escapedquot;relation&amp;escapedquot;:{&amp;escapedquot;fields&amp;escapedquot;:{&amp;escapedquot;isPaid&amp;escapedquot;:true},&amp;escapedquot;href&amp;escapedquot;:&amp;escapedquot;\/berlin\/wo-berlin-durchatmet-hier-bleibts-angenehm-wenn-die-stadt-schwitzt-15732822.html&amp;escapedquot;,&amp;escapedquot;teaserTitle&amp;escapedquot;:{&amp;escapedquot;kicker&amp;escapedquot;:&amp;escapedquot;Wo es pl\u00f6tzlich sp\u00fcrbar k\u00fchler wird&amp;escapedquot;,&amp;escapedquot;headline&amp;escapedquot;:&amp;escapedquot;Sechs Frischeinseln f\u00fcr hei\u00dfe Tage in Berlin&amp;escapedquot;},&amp;escapedquot;id&amp;escapedquot;:&amp;escapedquot;15732822&amp;escapedquot;,&amp;escapedquot;type&amp;escapedquot;:&amp;escapedquot;story&amp;escapedquot;},&amp;escapedquot;isPartOfList&amp;escapedquot;:true,&amp;escapedquot;topicListType&amp;escapedquot;:&amp;escapedquot;topic-list&amp;escapedquot;},&amp;escapedquot;showArrow&amp;escapedquot;:true}\" data-hydrate-slots=\"{&#039;default&#039;:[]}\" class=\"tspC0qm tspC1qt\" rel=\"nofollow noopener\" target=\"_blank\">Wo es pl\u00f6tzlich sp\u00fcrbar k\u00fchler wird Sechs Frischeinseln f\u00fcr hei\u00dfe Tage in Berlin <\/a><a href=\"https:\/\/www.tagesspiegel.de\/berlin\/preis-check-in-berliner-biergarten-das-kosten-bier-cola-und-snacks-in-den-beliebtesten-freiluftlokalen-15729929.html?icid=topic-list_15762498___\" data-gtm-class=\"article-mzt-link\" data-hydrate-fingerprint=\"09740a54944caac75fd2c0c63fd5c5df\" data-hydrate-props=\"{&amp;escapedquot;element&amp;escapedquot;:{&amp;escapedquot;type&amp;escapedquot;:&amp;escapedquot;relatedContent&amp;escapedquot;,&amp;escapedquot;fieldMap&amp;escapedquot;:{},&amp;escapedquot;relation&amp;escapedquot;:{&amp;escapedquot;fields&amp;escapedquot;:{&amp;escapedquot;isPaid&amp;escapedquot;:true},&amp;escapedquot;href&amp;escapedquot;:&amp;escapedquot;\/berlin\/preis-check-in-berliner-biergarten-das-kosten-bier-cola-und-snacks-in-den-beliebtesten-freiluftlokalen-15729929.html&amp;escapedquot;,&amp;escapedquot;teaserTitle&amp;escapedquot;:{&amp;escapedquot;kicker&amp;escapedquot;:&amp;escapedquot;Preis-Check in Berliner Bierg\u00e4rten&amp;escapedquot;,&amp;escapedquot;headline&amp;escapedquot;:&amp;escapedquot;Das kosten Bier, Cola und Snacks in den beliebtesten Freiluftlokalen&amp;escapedquot;},&amp;escapedquot;id&amp;escapedquot;:&amp;escapedquot;15729929&amp;escapedquot;,&amp;escapedquot;type&amp;escapedquot;:&amp;escapedquot;story&amp;escapedquot;},&amp;escapedquot;isPartOfList&amp;escapedquot;:true,&amp;escapedquot;topicListType&amp;escapedquot;:&amp;escapedquot;topic-list&amp;escapedquot;},&amp;escapedquot;showArrow&amp;escapedquot;:true}\" data-hydrate-slots=\"{&#039;default&#039;:[]}\" class=\"tspC0qm tspC1qt\" rel=\"nofollow noopener\" target=\"_blank\">Preis-Check in Berliner Bierg\u00e4rten Das kosten Bier, Cola und Snacks in den beliebtesten Freiluftlokalen <\/a><a href=\"https:\/\/www.tagesspiegel.de\/berlin\/markise-aussenrollo-klimaanlage-was-mieter-gegen-die-sommerhitze-tun-durfen--und-wo-vermieter-zustimmen-mussen-15761290.html?icid=topic-list_15762498___\" data-gtm-class=\"article-mzt-link\" data-hydrate-fingerprint=\"09740a54944caac75fd2c0c63fd5c5df\" data-hydrate-props=\"{&amp;escapedquot;element&amp;escapedquot;:{&amp;escapedquot;type&amp;escapedquot;:&amp;escapedquot;relatedContent&amp;escapedquot;,&amp;escapedquot;fieldMap&amp;escapedquot;:{},&amp;escapedquot;relation&amp;escapedquot;:{&amp;escapedquot;fields&amp;escapedquot;:{&amp;escapedquot;isPaid&amp;escapedquot;:true},&amp;escapedquot;href&amp;escapedquot;:&amp;escapedquot;\/berlin\/markise-aussenrollo-klimaanlage-was-mieter-gegen-die-sommerhitze-tun-durfen--und-wo-vermieter-zustimmen-mussen-15761290.html&amp;escapedquot;,&amp;escapedquot;teaserTitle&amp;escapedquot;:{&amp;escapedquot;kicker&amp;escapedquot;:&amp;escapedquot;Markise, Au\u00dfenrollo, Klimaanlage&amp;escapedquot;,&amp;escapedquot;headline&amp;escapedquot;:&amp;escapedquot;Was Mieter gegen die Sommerhitze tun d\u00fcrfen \u2013 und wo Vermieter zustimmen m\u00fcssen&amp;escapedquot;},&amp;escapedquot;id&amp;escapedquot;:&amp;escapedquot;15761290&amp;escapedquot;,&amp;escapedquot;type&amp;escapedquot;:&amp;escapedquot;story&amp;escapedquot;},&amp;escapedquot;isPartOfList&amp;escapedquot;:true,&amp;escapedquot;topicListType&amp;escapedquot;:&amp;escapedquot;topic-list&amp;escapedquot;},&amp;escapedquot;showArrow&amp;escapedquot;:true}\" data-hydrate-slots=\"{&#039;default&#039;:[]}\" class=\"tspC0qm tspC1qt\" rel=\"nofollow noopener\" target=\"_blank\">Markise, Au\u00dfenrollo, Klimaanlage Was Mieter gegen die Sommerhitze tun d\u00fcrfen \u2013 und wo Vermieter zustimmen m\u00fcssen <\/a> 17.00 Uhr: Schwimmer seit Sonntag vermisst \u2013 Suche bislang erfolglos <\/p>\n<p class=\"tspBXm2\">Ein am Sonntagabend auf der Spree-Oder-Wasserstra\u00dfe in Berlin-Schm\u00f6ckwitz verschwundener Schwimmer wird noch immer vermisst. Das Gew\u00e4sser sei inzwischen abgesucht, sagte ein Sprecher der Polizei. Die Wasserschutzpolizei kontrolliere nun die Gegend. Auch die brandenburgische Polizei sei informiert, da sich die Person inzwischen auch auf dem Gebiet dort befinden k\u00f6nne.\u00a0<\/p>\n<p class=\"tspBXm2\">Am Sonntagabend waren laut Polizei drei M\u00e4nner von einem gemieteten Tretboot aus ins Wasser gegangen. Einer von ihnen war dann nicht mehr auffindbar, wie eine Polizeisprecherin zuvor sagte. An der Rohrwallallee wurde dann eine gro\u00dfe Suchaktion mit Tauchern eingeleitet, die zun\u00e4chst gegen 23.00 Uhr erfolglos eingestellt wurde. (dpa)<\/p>\n<p> 16.15 Uhr: Steffen Krach will Miniparks am Gendarmenmarkt und am Alex <\/p>\n<p class=\"tspBXm2\">SPD-Spitzenkandidat Steffen Krach hat sich angesichts der Rekordtemperaturen vom Wochenende f\u00fcr deutlich mehr B\u00e4ume auf dem Gendarmenmarkt und dem Alexanderplatz ausgesprochen. \u201eWir wissen, dass die n\u00e4chste Hitze kommt und Gro\u00dfst\u00e4dte wie Berlin immer wieder mit voller Wucht trifft\u201c, sagte Krach.<\/p>\n<p class=\"tspBXm2\">Deshalb sei es notwendig, die Begr\u00fcnung der Stadt zu beschleunigen und das im November vom Landesparlament beschlossene Baumgesetz umzusetzen. Das Gesetz sieht vor, die Zahl der Stra\u00dfenb\u00e4ume in Berlin bis 2040 deutlich zu erh\u00f6hen.<\/p>\n<p class=\"tspBXm2\">\u201eWir m\u00fcssen auch ernsthaft \u00fcber zentrale Orte wie den Alexanderplatz, den Gendarmenmarkt oder den Vorplatz am Hauptbahnhof sprechen\u201c, so der SPD-Landesvorsitzende. \u201eSie werden zu unertr\u00e4glichen Bratpfannen, und ich finde, wir tun gut daran, sie zumindest teilweise mit Miniparks zu begr\u00fcnen.\u201c<\/p>\n<p class=\"tspBXm2\">Krach pl\u00e4diert daf\u00fcr, sich die franz\u00f6sische Hauptstadt daf\u00fcr zum Vorbild zu nehmen, wie sich Denkmal- und Klimaschutz vereinen lie\u00dfen. \u201eMein Ziel ist, dass wir genauso wie Paris eine Steinw\u00fcste nach der anderen in kleine gr\u00fcne Oasen verwandeln\u201c, sagte der SPD-Politiker.<\/p>\n<p class=\"tspBXm2\">Mehr Gr\u00fcn w\u00fcnscht sich Krach auch f\u00fcr das Tempelhofer Feld, das Gel\u00e4nde des ehemaligen Flughafens Tempelhof. \u201eDie Hitzerekorde der vergangenen Tage best\u00e4rken mich auch darin, das Tempelhofer Feld zu einer gr\u00fcnen Lunge f\u00fcr Berlin zu machen, zu einem richtigen Jahrhundertpark.\u201c Die daf\u00fcr notwendigen Investitionsmittel gebe es bereits.<\/p>\n<p class=\"tspBXm2\">Am 27. Juni wurde in Berlin ein Allzeitrekord aufgestellt: In Tempelhof wurden nach vorl\u00e4ufigen Angaben des Deutschen Wetterdienstes 39,9 Grad gemessen.<\/p>\n<p class=\"tspBXm2\">Mehr B\u00e4ume gelten als Beitrag zum Klimaschutz und dazu, eine starke Erhitzung in den Innenst\u00e4dten abzumildern. Besonders hei\u00df wird es dort, wo es keine B\u00e4ume, aber gr\u00f6\u00dfere Fl\u00e4che ohne jedes Gr\u00fcn gibt. Am 20. September ist in Berlin die Wahl zum Abgeordnetenhaus. (dpa)<\/p>\n<p> 14.58 Uhr: Unfallkrankenhaus Berlin schafft 3000 K\u00fchlt\u00fccher an <\/p>\n<p class=\"tspBXm2\">Krankenh\u00e4user in Deutschland sind nur begrenzt ger\u00fcstet f\u00fcr Hitzewellen wie die vom vergangenen Wochenende. Das hat eine repr\u00e4sentative Befragung des Deutschen Krankenhausinstituts (DKI) von 289 Kliniken im Jahr 2024 ergeben. Demnach haben knapp sieben von zehn Krankenh\u00e4usern (69 Prozent) bauliche Anpassungen bislang nur auf wenigen Stationen oder in einzelnen Bereichen vorgenommen. Jedes vierte Haus (24 Prozent) sieht sich immerhin auf vielen Stationen gut aufgestellt. Vier Prozent der Kliniken haben den Ergebnissen noch keine baulichen Ma\u00dfnahmen ergriffen.<\/p>\n<p class=\"tspBXm2\">Das Unfallkrankenhaus Berlin (UKB) in Marzahn geh\u00f6rt zu den besser aufgestellten H\u00e4usern. Die Pressesprecherin des UKB, Angela Kijewski, sagte dem Tagesspiegel, viele Bereiche seien dort bereits klimatisiert. Das betreffe die Rettungsstelle, die Intensivstation, die OP-Bereiche sowie die gesamte Reha-Klinik. Die Krankenstationen w\u00fcrden sukzessive nachger\u00fcstet, was allerdings kostspielig und damit nicht von heute auf morgen umsetzbar sei.<\/p>\n<p class=\"tspBXm2\">Das UKB besch\u00e4ftigt au\u00dferdem eine Klimamanagerin: Ulrike Krol hat einen Master in Gesundheitswissenschaften und ist neben ihrer T\u00e4tigkeit als Pflegekraft daf\u00fcr da, den Hitzeschutz im UKB zu verbessern. So soll etwa eine Heatmap helfen, Geb\u00e4udeteile zu identifizieren, die besonders hitzebetroffen sind. Mitarbeiterinnen und Mitarbeiter werden zu deren Erstellung nach den gef\u00fchlten Temperaturen im Geb\u00e4ude befragt. Die Ergebnisse werden digital erfasst und die gr\u00fcn (k\u00fchl) bis tiefrot (sehr warm) gekennzeichneten Bereiche erm\u00f6glichen so R\u00fcckschl\u00fcsse auf Handlungsbedarfe. So werden \u00e4ltere oder frisch operierte Patienten gegebenenfalls in k\u00fchlere Zimmer verlegt.<\/p>\n<p class=\"tspBXm2\">Pressesprecherin Kijewski verweist zudem darauf, dass bei extremen Temperaturen der hausinterne Hitzeschutzplan greift, der ein Konzept zur L\u00fcftung und Verschattung genauso wie ein gesondertes Fl\u00fcssigkeits- und Medikationsmanagement bei den Patienten beinhaltet.<\/p>\n<p class=\"tspBXm2\">Die Besch\u00e4ftigten des UKB k\u00f6nnen sich im \u00dcbrigen \u00fcber den j\u00fcngsten Erfolg von Klimamanagerin Krol freuen: Das Haus schafft 3000 spezielle K\u00fchlt\u00fccher an, die an besonders hei\u00dfen Tagen Abhilfe schaffen sollen.<\/p>\n<p> 13.56 Uhr: Ansturm auf Berlins B\u00e4der \u2013 mehr als 120.000 G\u00e4ste am Hitze-Wochenende <\/p>\n<p class=\"tspBXm2\">Bei Temperaturen knapp unter 40 Grad haben am Wochenende 120.159 Menschen Abk\u00fchlung in Berlins Freib\u00e4dern gesucht. Das teilten die Berliner B\u00e4der-Betriebe auf Anfrage mit. Zum Vergleich: In der gesamten vergangenen Woche z\u00e4hlte der Badbetreiber nach eigenen Angaben insgesamt 295.989 Besucherinnen und Besucher.<\/p>\n<p class=\"tspBXm2\">Spitzenreiter unter den Besucherzahlen am Wochenende waren das Sommerbad Kreuzberg (16.682 G\u00e4ste) und das Strandbad Wannsee (16.622).<\/p>\n<p class=\"tspBXm2\">Der gro\u00dfe Andrang sorgte am Samstag und Sonntag teils zu vor\u00fcbergehenden Einlassstopps bei den Sommerb\u00e4dern, wie eine Sprecherin sagte. Der Ticketverkauf wurde an beiden Tagen gestoppt. Vor den B\u00e4dern bildeten sich teils sehr lange Schlangen, nicht alle Menschen konnten eingelassen werden.\u00a0<\/p>\n<p class=\"tspBXm2\">Nach Angaben der Sprecherin gab es einige Rettungseins\u00e4tze, vor allem wegen Kreislaufproblemen. Gr\u00f6\u00dfere Zwischenf\u00e4lle in den \u00fcberf\u00fcllten Freib\u00e4dern, bei denen die Polizei h\u00e4tte einschreiten m\u00fcssen, waren nicht bekannt. Angesichts des \u201ehistorische hei\u00dfen Wochenendes und des gro\u00dfen Ansturms\u201c sei dies besonders erfreulich, so die Sprecherin.\u00a0<\/p>\n<p class=\"tspBXm2\">Seit Saisonbeginn am 1. Mai besuchten laut B\u00e4der-Betriebe bislang insgesamt 560.491 Menschen die Freib\u00e4der. Die meisten Anlagen sind seit Anfang Juni ge\u00f6ffnet, das Columbiabad in Neuk\u00f6lln machte nach technischen Problemen erst in der vergangenen Woche auf.<\/p>\n<p> 13.40 Uhr: Bundesweite Rekord-Hitze in Brandenburg \u2013 \u201eUnser Ort war wie ausgestorben\u201c <\/p>\n<p class=\"tspBXm2\">Im Dorf Coschen in Brandenburg wurden am Sonntag 41,7 Grad gemessen \u2013 deutscher Hitzerekord. Niemand habe sich raus getraut, berichtet Ortsvorsteherin Birgit Radt. Warum sie sich vor allem um ihre Tiere sorgte:<\/p>\n<p><a href=\"https:\/\/www.tagesspiegel.de\/potsdam\/brandenburg\/wetter-und-hitze-totaler-temperaturschock-im-hitzerekord-dorf-bei-417-grad-15773294.html?icid=single-topic_15762498___\" data-gtm-class=\"article-mzt-link\" class=\"tspC0qm\" rel=\"nofollow noopener\" target=\"_blank\">Deutschlands hei\u00dfester Ort Coschen in Brandenburg erlebte am Sonntag den \u201etotalen Temperaturschock\u201c <\/a> 10.37 Uhr: Innensenatorin Spranger lobt Wasserwerfer-Aktion <\/p>\n<p class=\"tspBXm2\">Innensenatorin Iris Spranger (SPD) lobte am Montag im Innenausschuss die \u201esehr, sehr gute Idee\u201c der Polizei, mit Wasserwerfern an hei\u00dfen Pl\u00e4tzen in der Stadt f\u00fcr Abk\u00fchlung zu sorgen. Viele Menschen h\u00e4tten sich bedankt, auch bei den Touristen sei es gut angekommen, dass die Polizei sich bem\u00fcht habe, die Situation etwas zu erleichtern. Die Polizei habe zur Sicherheit auch vor den \u00fcberf\u00fcllten Freib\u00e4dern gestanden, dort sei es aber nach den Erkenntnissen nicht zu Zwischenf\u00e4llen gekommen.<\/p>\n<p> 10.07 Uhr: Retter am Limit \u2013 Feuerwehr mit mehr als 4000 Eins\u00e4tzen am Hitze-Wochenende <\/p>\n<p class=\"tspBXm2\">Am Berliner Hitze-Wochenende ist die Feuerwehr zu mehr als 4000 Eins\u00e4tzen gefahren. Das entspricht einem Anstieg von knapp einem Drittel, erkl\u00e4rte ein Sprecher der Feuewehr.<\/p>\n<p class=\"tspBXm2\">Am Samstag fuhren die Einsatzkr\u00e4fte zu 2050 Alarmen, am Sonntag zu 2083. An einem durchschnittlichen Tag in diesem Jahr seien es 1500 Notrufe. \u201eAlso hunderte Eins\u00e4tze mehr, nicht nur im Bereich des Rettungsdienstes, sondern auch in der Brandbek\u00e4mpfung\u201c, sagte Homrighausen am Montag im Innenausschuss. Die Feuerwehr sei \u201esehr stark belastet und auch ausgelastet\u201c gewesen.\u00a0<\/p>\n<p class=\"tspBXm2\">Laut dem Sprecher seien die Retter \u201epermanent durchgefahren\u201c und waren \u00fcber mehrere Phasen der Tage bei teilweise fast 40 Grad extrem ausgelastet. Die zus\u00e4tzlichen Einsatzmittel, die die Beamten anforderten, haben laut dem Sprecher nicht ausgereicht.<\/p>\n<p class=\"tspBXm2\">Vor allem \u00c4ltere und Kinder mit typischen hitzebedingten Gesundheitsproblemen, wie Schwindel, Ersch\u00f6pfung und Kreislaufproblemen waren betroffen, hie\u00df es von der Beh\u00f6rde.<\/p>\n<p> 09.01 Uhr: A115 wegen Hitzeschaden gesperrt <\/p>\n<p class=\"tspBXm2\">Durch die hohen Temperaturen hob sich auf der A115 der Asphalt an. Die Autobahn kann daher derzeit zwischen Potsdam-Drewitz und Saarmund nicht befahren werden:<\/p>\n<p><a href=\"https:\/\/www.tagesspiegel.de\/potsdam\/landeshauptstadt\/autobahnsperrung-hitzeschaden-a115-richtung-nuthetal-gesperrt-15771745.html?icid=single-topic_15762498___\" data-gtm-class=\"article-mzt-link\" class=\"tspC0qm\" rel=\"nofollow noopener\" target=\"_blank\">Hitzeschaden behoben A115 Richtung Nuthetal wieder befahrbar <\/a> 8.07 Uhr: Retter brechen Suchaktion nach vermisster Person in Schm\u00f6ckwitz ab <\/p>\n<p class=\"tspBXm2\">Im Berliner S\u00fcdosten sind die Feuerwehr, Polizei und DLRG am Sonntagabend zu einer weiteren Suchaktion aufgebrochen. Im Langen See ist nach Feuerwehrangaben eine Person vermisst worden. Die Suchaktion musste am Sonntag mit Einbruch der Dunkelheit abgebrochen werden. Laut einem Polizeisprecher setzen die Einsatzkr\u00e4fte die Suche am Montag fort.<\/p>\n<p><a href=\"https:\/\/www.tagesspiegel.de\/berlin\/drei-freunde-waren-mit-dem-tretboot-unterwegs-suche-nach-vermisstem-schwimmer-in-berlin-geht-am-montag-weiter-15772139.html?icid=single-topic_15762498___\" data-gtm-class=\"article-mzt-link\" class=\"tspC0qm\" rel=\"nofollow noopener\" target=\"_blank\">Drei Freunde waren mit dem Tretboot unterwegs Suche nach vermisstem Schwimmer in Berlin geht am Montag weiter <\/a> 7.53 Uhr: Gute Nachrichten vom Waldbrand in der Gohrischheide <\/p>\n<p class=\"tspBXm2\">In der Nacht zu Montag hat die Feuerwehr den Waldbrand in der Gohrischheide an der Landesgrenze von Sachsen und Brandenburg unter Kontrolle gebracht. Das s\u00e4chsische Innenministerium rechnet damit, dass das Feuer noch am Montag gel\u00f6scht werden kann. Dabei erhoffen sich die Helfer auch Unterst\u00fctzung von oben\u00a0\u2013 den sehnlich erwarteten Regen.<\/p>\n<p><a href=\"https:\/\/www.tagesspiegel.de\/potsdam\/brandenburg\/an-der-grenze-von-sachsen-und-brandenburg-waldbrand-in-der-gohrischheide-geloscht-15771894.html?icid=single-topic_15762498___\" data-gtm-class=\"article-mzt-link\" class=\"tspC0qm\" rel=\"nofollow noopener\" target=\"_blank\">An der Grenze von Sachsen und Brandenburg Waldbrand in der Gohrischheide gel\u00f6scht <\/a><\/p>\n<p> Sonntag, 28. Juni 2026 <\/p>\n<p> 20.30 Uhr: Bruno Mars tritt bei Hitze im DFB-Trikot auf <img decoding=\"async\" src=\"https:\/\/www.europesays.com\/de\/wp-content\/uploads\/2026\/06\/img-5748.jpeg\"   alt=\"\" aria-labelledby=\"caption-15771657\" width=\"440\" height=\"330\" loading=\"lazy\" class=\"tspA0i9\"\/> Bruno Mars steht im aktuellen DFB-Trikot auf der B\u00fchne im Olympiastadion. (Foto aktuell) <\/p>\n<p class=\"tspAAgb\"> \u00a9 Anne Roggensack \/ Tagesspiegel <\/p>\n<p class=\"tspBXm2\">Selbst Bruno Mars tr\u00e4gt heute lieber luftig: Nach dem langen roten Overall beim ersten Konzert am Freitag hat er als B\u00fchnenoutfit heute die atmungsaktive DFB-Kombi in kurz gew\u00e4hlt. Das Publikum tr\u00e4gt Rot, Wei\u00df\u00a0\u2013 und F\u00e4cher. Es wedelt im Takt. Der Arbeiter-Samariter-Bund (ASB) ist mit mehreren Dutzend Flaschen Sonnencreme ausgestattet worden \u2013 die Nachfrage ist gro\u00df.<\/p>\n<p> 19.50 Uhr: Polizei zieht leblosen Jugendlichen aus der Spree <\/p>\n<p class=\"tspBXm2\">Ein Jugendlicher ist beim Schwimmen in der Spree t\u00f6dlich verungl\u00fcckt. Rettungskr\u00e4fte waren mit einem Gro\u00dfaufgebot vor Ort und zogen das Opfer leblos aus dem Wasser. Er ist nach zwei Todesf\u00e4llen am Jungfernheidese und in Tempelhof bereits der dritte Badetote an dem Berliner Hitze-Wochenende.<\/p>\n<p><a href=\"https:\/\/www.tagesspiegel.de\/berlin\/der-dritte-badetote-am-berliner-hitzewochenende-rettungskrafte-ziehen-leblosen-jugendlichen-aus-der-spree-15771508.html?icid=single-topic_15762498___\" data-gtm-class=\"article-mzt-link\" class=\"tspC0qm\" rel=\"nofollow noopener\" target=\"_blank\">Der dritte Badetote am Berliner Hitzewochenende Rettungskr\u00e4fte ziehen leblosen Jugendlichen aus der Spree <\/a> 17.49 Uhr: Hitze legt den polnischen Zugverkehr lahm <\/p>\n<p class=\"tspBXm2\">In Polen ist der gesamte Zugverkehr wegen der Hitze zusammengebrochen. Diverse Hochgeschwindigkeitsz\u00fcge sind auf der Strecke liegengeblieben, m\u00fcssen evakuiert werden und blockieren die Gleise.<\/p>\n<p class=\"tspBXm2\">Am Warschauer Hauptbahnhof herrscht Chaos, berichtet ein Tagesspiegel-Reporter. Einzelne Z\u00fcge haben bis zu f\u00fcnf Stunden Versp\u00e4tung. Der Eurocity nach Berlin, der bereits um 15 Uhr abfahren sollte, soll mit fast dreist\u00fcndiger Versp\u00e4tung um 17.55 Uhr abfahren, doch die Uhrzeit verschiebt sich immer weiter nach hinten.<\/p>\n<p class=\"tspBXm2\">Hunderte Reisende mit dem Ziel Berlin sind gestrandet und es gibt keine Informationen, ob es tats\u00e4chlich heute noch Zugverbindungen in die deutsche Hauptstadt geben wird.<\/p>\n<p> 17.45 Uhr: Berlins Rekord-Hitzewochenende in Bildern <\/p>\n<p class=\"tspBXm2\">Ein neuer Hitzerekord, erfrischende Polizeieins\u00e4tze, ausverkaufte Ventilatoren: Die Hauptstadt trotzte am Wochenende der Hitzewelle \u2013 und machte mit reichlich Wasser das Beste draus:<\/p>\n<p><a href=\"https:\/\/www.tagesspiegel.de\/berlin\/schwitzen-planschen-fachern-bei-399-grad-berlins-historisch-heissestes-wochenende-in-bildern-15769839.html?icid=single-topic_15762498___\" data-gtm-class=\"article-mzt-link\" class=\"tspC0qm\" rel=\"nofollow noopener\" target=\"_blank\">Schwitzen, planschen, f\u00e4chern bei 39,9 Grad Berlins historisch hei\u00dfestes Wochenende in Bildern <\/a> 17.19 Uhr: Hausnotruf der Malteser bei Rekordhitze gest\u00f6rt <\/p>\n<p class=\"tspBXm2\">Die Malteser melden eine technische St\u00f6rung an ihren Hausger\u00e4ten. W\u00e4hrend Senioren bei fast 40 Grad in der Hauptstadt oft nahezu ausgetrocknet in die Rettungsstellen gebracht werden, sind einige Notrufger\u00e4te der Vereinigung defekt. Die katholische Hilfsorganisation informiert auf ihrer Webseite, dass die St\u00f6rung f\u00fcr einen Teil der Hausnotruf-Kunden seit Sonntagmorgen gilt.<\/p>\n<p class=\"tspBXm2\">Einige Ger\u00e4te w\u00fcrden blinken und k\u00f6nnten keine Verbindung zum Mobilfunkbetreiber herstellen. Kunden sollen sich mit Angeh\u00f6rigen in Verbindung setzen, um eine Rufbereitschaft sicherzustellen. Bei akuten gesundheitlichen Beschwerden soll direkt der Rettungsdienst unter der Notrufnummer 112 kontaktiert werden.<\/p>\n<p> 17.10 Uhr: Eltern geben Baby und Kind am Badesee Bier zu trinken <\/p>\n<p class=\"tspBXm2\">Am Rekord-Hitzetag beobachten mehrere Personen am Kaulsdorfer See, wie ein S\u00e4ugling und ein Dreij\u00e4hriger an einer Bierflasche nuckeln. Auch das Jugendamt war vor Ort:<\/p>\n<p><a href=\"https:\/\/www.tagesspiegel.de\/berlin\/bei-fast-40-grad-in-berlin-eltern-geben-baby-und-kleinkind-bier-zu-trinken-15771055.html?icid=single-topic_15762498___\" data-gtm-class=\"article-mzt-link\" class=\"tspC0qm\" rel=\"nofollow noopener\" target=\"_blank\">Bei fast 40 Grad in Berlin Eltern geben Baby und Kleinkind Bier zu trinken <\/a> 16.50 Uhr: Party mit Spr\u00fchnebel in der \u201eElse\u201c am Treptower Park <\/p>\n<p class=\"tspBXm2\">In der Else am Treptower Park wird trotz Hitze unter freiem Himmel gefeiert. Wie im Berghain ist auch hier die Schlange kurz. Daf\u00fcr ist die Stimmung besser. Drinnen stampft der Bass, einzelne Jubelrufe sind zu h\u00f6ren.<\/p>\n<p class=\"tspBXm2\">Im Hineingehen k\u00fchlt der T\u00fcrsteher, der anonym bleiben will, seine G\u00e4ste mit feinem Wassernebel aus einer Spr\u00fchflasche. Auch der Tagesspiegel bekommt eine Dusche. Die Stimmung ist super\u201c, sagt der T\u00fcrsteher. \u201eJeden, den ich reinlasse, erinnere ich, wie wichtig es ist, Wasser zu trinken. Ich bin der Papa hier und passe auf alle meine Kinder auf.\u201c Im Club selbst sei Wasser heute kostenlos.<\/p>\n<p class=\"tspBXm2\">Zus\u00e4tzlich gebe es Sprenkelanlagen. Zum Abschied verr\u00e4t der T\u00fcrsteher noch sein Hitzegeheimnis: Er tr\u00e4gt ein Halstuch wie eine Krawatte um den Hals und hat in den Stoff mehrere Eisw\u00fcrfel geklemmt. \u201eLebensretter\u201c sagt er auf Englisch.<\/p>\n<p><img decoding=\"async\" src=\"https:\/\/www.europesays.com\/de\/wp-content\/uploads\/2026\/06\/img-6482.jpeg\"   alt=\"Auch vor der \u201eElse\u201c am Treptower Park reihen sich am Snntag nur wenige zum Dayrave in die Schlange. \" aria-labelledby=\"caption-15771428\" width=\"440\" height=\"330\" loading=\"lazy\" class=\"tspA0i9\"\/> Auch vor der \u201eElse\u201c am Treptower Park reihen sich am Sonntag nur wenige zum Dayrave in die Schlange. <\/p>\n<p class=\"tspAAgb\"> \u00a9 Christop papenhausen \/ Tagesspiegel <\/p>\n<p> 16.25 Uhr: Berliner Polizei setzt Wasserwerfer am Olympiastadion ein <\/p>\n<p class=\"tspBXm2\">Auch am Sonntag ist die Polizei mit dem Wasserwerfer im Einsatz. Gegen 16.20 Uhr ist das Fahrzeug am Olympiastadion eingetroffen und soll f\u00fcr Abk\u00fchlung sorgen. Die Polizeipr\u00e4sidnentin, Barbara Slowik-Meisel, dankte den Einsatzkr\u00e4ften, die \u201eam Wochenende bei diesen extremen Wetterbedingungen ihren Dienst f\u00fcr die Sicherheit dieser Stadt leisten\u201c, hei\u00dft es in einer Mitteilung auf dem WhatsApp-Kanal der Beh\u00f6rde. Die Besatzungen der Wasserwerfer seien extra aus dem Wochenende in den Dienst zur\u00fcckgekehrt.<\/p>\n<p class=\"tspBXm2\">Unter einer Regendusche k\u00f6nnen Besucher des Bruno-Mars-Konzerts erfrischen. Im Anschluss h\u00e4lt das Fahrzeug am Schillerpark in Wedding. Bereits am Samstag war die Polizei mit dem Wasserwerfer im Stadtkern unterwegs. Der Tagesspiegel hat das Geschehen begleitet:<\/p>\n<p class=\"tspYf0\">Empfohlener redaktioneller Inhalt<\/p>\n<p> An dieser Stelle finden Sie einen von unseren Redakteuren ausgew\u00e4hlten, externen Inhalt, der den Artikel f\u00fcr Sie mit zus\u00e4tzlichen Informationen anreichert. Sie k\u00f6nnen sich hier den externen Inhalt mit einem Klick anzeigen lassen oder wieder ausblenden. <\/p>\n<p> Externen Inhalt anzeigen <\/p>\n<p class=\"tspYf6\"> Ich bin damit einverstanden, dass mir der externe Inhalt angezeigt wird. Damit k\u00f6nnen personenbezogene Daten an Drittplattformen \u00fcbermittelt werden.  Mehr Informationen dazu erhalten Sie in den Datenschutz-Einstellungen. Diese finden Sie ganz unten auf unserer Seite im Footer, sodass Sie Ihre Einstellungen jederzeit verwalten oder widerrufen k\u00f6nnen. <\/p>\n<p> 16.08 Uhr: DLRG mit mehr als 100 Eins\u00e4tzen am Berliner Hitze-Wochenende <\/p>\n<p class=\"tspBXm2\">Die Deutsche Lebens-Rettungs-Gesellschaft (DLRG) hat in Berlin \u00fcber das Wochenende bis Sonntagnachmittag etwas mehr als 100 Eins\u00e4tze verzeichnet. \u201eAuff\u00e4llig ist, dass 76 davon medizinische Eins\u00e4tze waren, also Kreislaufprobleme, Bewusstseinseintr\u00fcbungen oder Schnittwunden\u201c, sagte ein DLRG-Sprecher der dpa.\u00a0<\/p>\n<p class=\"tspBXm2\">Vier Personen seien vermisst worden. \u201eEs hat sich aber in allen vier F\u00e4llen zum Guten gewendet.\u201c Bei den beiden t\u00f6dlichen Badeunf\u00e4llen in der Hauptstadt am Jungfernheideteich und am Tempelhofer Hafen war die DLRG nicht an den Eins\u00e4tzen beteiligt. Die beiden leblos im Wasser treibenden M\u00e4nner wurden in beiden F\u00e4llen so schnell an Land gebracht, dass eine Alarmierung der DLRG nichts gebracht h\u00e4tte.\u00a0<\/p>\n<p class=\"tspBXm2\">Die Zahl von mehr als 100 Eins\u00e4tzen an einem Wochenende sei \u201eordentlich\u201c, sagte der DLRG-Sprecher. Die Menschen h\u00e4tten aber wohl auch die Hinweise zum sicheren Schwimmen bei diesen Temperaturen befolgt.<\/p>\n<p> 15.52 Uhr: Gedr\u00e4nge im k\u00fchlen Hauptbahnhof <\/p>\n<p class=\"tspBXm2\">Am Hauptbahnhof ist es vergleichsweise k\u00fchl. Daf\u00fcr wird es eng, insbesondere auf den Bahnsteigen eins bis acht. Dort mischen sich Fusion- und Warnem\u00fcnde-R\u00fcckkehrer mit Pendlern und Klassenfahrten. Vor den Toiletten und dem auch am Sonntag ge\u00f6ffneten Rewe bilden sich lange Schlangen.<\/p>\n<p><img decoding=\"async\" src=\"https:\/\/www.europesays.com\/de\/wp-content\/uploads\/2026\/06\/img-6477.jpeg\"   alt=\"\" aria-labelledby=\"caption-15770959\" width=\"440\" height=\"330\" loading=\"lazy\" class=\"tspA0i9\"\/> Auf den Bahnsteigen tummeln sich die Festival-R\u00fcckkehrer <\/p>\n<p class=\"tspAAgb\"> \u00a9 Christoph Papenhausen <\/p>\n<p class=\"tspBXm2\">Zur\u00fcck von der Fusion ist Niklas. Er sitzt vor seinem Reiserucksack, auf seinem Bein liegt eine Packung Paracetamol. Er wirkt ersch\u00f6pft, aber zufrieden. \u201eDie Fusion war sehr hei\u00df\u201c, erz\u00e4hlt er. \u201eMan war sehr an den Schatten gebunden.\u201c Deshalb habe er die B\u00fchnen nur nachts besucht, tags\u00fcber habe er im Schatten geschlafen. Das Angebot, auch mit Foto im Hitzeblog des Tagesspiegel aufzutauchen, lehnt er dankend ab.<\/p>\n<p> 15.35 Uhr: Berlin verzichtet in Schulneubauten auf Klimaanlagen <\/p>\n<p class=\"tspBXm2\">Auch Berlins Schulen k\u00e4mpfen mit der Hitze. Wie eine Anfrage des Tagesspiegels bei der landeseigenen Baugesellschaft Howoge ergab, setzen Schulneubauten bislang vor allem auf au\u00dfenliegende Lamellenjalousien, L\u00fcftungsanlagen und Nachtausk\u00fchlung \u2013 Klimaanlagen werden dagegen nicht eingebaut.<\/p>\n<p><a href=\"https:\/\/www.tagesspiegel.de\/berlin\/schule\/berlins-schulen-in-der-rekordhitze-selbst-neubauten-haben-keine-klimaanlage-15761475.html?icid=single-topic_15762498___\" data-gtm-class=\"article-mzt-link\" class=\"tspC0qm\" rel=\"nofollow noopener\" target=\"_blank\">Berlins Schulen in der Rekordhitze Selbst Neubauten haben keine Klimaanlage <\/a><\/p>\n<p class=\"tspBXm2\">Nachger\u00fcstet werden k\u00f6nnte zwar sp\u00e4ter, doch daf\u00fcr w\u00e4ren in vielen F\u00e4llen die Bezirke zust\u00e4ndig. Besonders problematisch sind neben schlecht isolierten Interimsbauten auch stark versiegelte, schattenarme Schulh\u00f6fe.<\/p>\n<p> 15.07 Uhr: Feuerwehr rechnet erneut mit \u201eGro\u00dfkampftag\u201c <\/p>\n<p class=\"tspBXm2\">Die Berliner Feuerwehr rechnet auch am Sonntag mit einem \u201eGro\u00dfkampftag\u201c, teilt der Sprecher der Beh\u00f6rde dem Tagesspiegel mit.<\/p>\n<p class=\"tspBXm2\">Aber auch Alarmanrufe wegen Br\u00e4nden seien am Sonntag au\u00dfergew\u00f6hnlich hoch. Zuletzt in Alt-Hohensch\u00f6nhausen, wo die Beamten derzeit eine Tiefgarage l\u00f6schen. N\u00e4heres war dem Sprecher zu dem Einsatz noch nicht bekannt.<\/p>\n<p> 15.00 Uhr: Motorbootrennen in Gr\u00fcnau findet trotz Hitze statt <\/p>\n<p class=\"tspBXm2\">Viele Veranstaltungen wurden wegen Hitze abgesagt, aber das nicht gerade klimafreundliche Motorbootrennen auf der Regattastrecke findet statt. Es dr\u00f6hnen die Motoren, es riecht nach verbranntem Sprit. F\u00fcr die Sonntagsidylle in Gr\u00fcnau eine echte Herausforderung, Hei\u00df ist es ja eh schon.<\/p>\n<p><img decoding=\"async\" src=\"https:\/\/www.europesays.com\/de\/wp-content\/uploads\/2026\/06\/1782650260039.jpeg\"   alt=\"\" aria-labelledby=\"caption-15770768\" width=\"440\" height=\"330\" loading=\"lazy\" class=\"tspA0i9\"\/> Am Wasser in Gr\u00fcnau ist es noch aushaltbar <\/p>\n<p class=\"tspAAgb\"> \u00a9 Thomas Loy <\/p>\n<p> 14.45 Uhr: Senioren dehydrieren bis zum Nierenversagen \u2013 UKB meldet deutliche H\u00e4ufung von Patienten <\/p>\n<p class=\"tspBXm2\">Am Berliner Hitzewochenende sind deutlich mehr Menschen in das Unfallkrankenhaus Berlin (UKB) eingewiesen worden. Dabei seien sowohl Menschen mit Hitzeerscheinungen wie Schwindel und Kopfschmerzen, allerdings seien auch viele Senioren aus Pflegeheimen mit einer sogenannten Exsikkose eingetroffen, teilte eine Sprecherin des BG Klinikum Unfallkrankenhaus Berlin mit.<\/p>\n<p class=\"tspBXm2\">Eine Exsikkose ist die Austrocknung des K\u00f6rpers durch extremen Fl\u00fcssigkeitsmangel. Bei den Betroffenen kam es dabei zum Nierenversagen, erkl\u00e4rte die Sprecherin.<\/p>\n<p class=\"tspBXm2\">Da das UKB Berlin auf Massenanf\u00e4lle von Verletzten vorbereitet ist, h\u00e4tte das Krankenhaus ausreichend Kapazit\u00e4ten und Personal, um dem erh\u00f6hten Aufkommen entgegenzuwirken. Allerdings sei auch am Sonntag mit einem Besuch im Krankenhaus mehr Wartezeit verbunden. Betroffene sollten sich deshalb fragen, ob ein Besuch der Rettungsstelle dringend notwendig sei.<\/p>\n<p class=\"tspBXm2\">Alternativ k\u00f6nnte bei leichten Symptomen auch der Kassen\u00e4rztliche Bereitschaftsdienst unter der 116117 kontaktiert werden. Au\u00dferdem rief die Sprecherin dazu auf, ausreichend zu trinken, bestenfalls zu Hause zu bleiben und aufmerksam mit geschw\u00e4chten Menschen umzugehen.<\/p>\n<p> 14.20 Uhr: Flimmernde Hitze und ein leichtes L\u00fcftchen auf dem Alex <\/p>\n<p class=\"tspBXm2\">Der Alexanderplatz gleicht einer steinigen W\u00fcste. Die Hitze flimmert und treibt die wenigen Touristen in den Schatten. Einzig ein leichter Wind macht die Temperaturen halbwegs ertr\u00e4glich.<\/p>\n<p><img decoding=\"async\" src=\"https:\/\/www.europesays.com\/de\/wp-content\/uploads\/2026\/06\/img-6470.jpeg\"   alt=\"\" aria-labelledby=\"caption-15770463\" width=\"440\" height=\"330\" loading=\"lazy\" class=\"tspA0i9\"\/> Der hei\u00dfe Alexanderplatz ist heute kein geeigneter Ort f\u00fcr Spazierg\u00e4nge <\/p>\n<p class=\"tspAAgb\"> \u00a9 Christoph Papenhausen <\/p>\n<p class=\"tspBXm2\">Zwei Touris im Schatten sind Manuel und Hannah. Die beiden kommen aus Bamberg und haben sich ausgerechnet das bisher hei\u00dfeste Wochenende f\u00fcr einen Berlin-Ausflug ausgesucht. Schwitzend schlagen sie die Zeit tot, bis ihr Zug geht. \u201eWir sind nur kurz aus der S-Bahn ausgestiegen, um uns etwas zu trinken zu holen\u201c, sagt Manuel. Mehr k\u00f6nne man heute nicht machen.<\/p>\n<p> 14.15 Uhr: Brunnenbaden wie in Basel? Berliner Bezirks\u00e4mter sagen Nein <\/p>\n<p class=\"tspBXm2\">W\u00e4hrend das Baden in Brunnen in Basel zum Sommer geh\u00f6rt, ist es in Berlin grunds\u00e4tzlich nicht erlaubt. Darauf verweisen mehrere Bezirks\u00e4mter. Zierbrunnen seien keine Schwimmb\u00e4der, das Wasser kein kontrolliertes Badewasser, hei\u00dft es etwa aus Friedrichshain-Kreuzberg und Mitte. Auch Charlottenburg-Wilmersdorf verweist auf das Gr\u00fcnanlagengesetz, wonach Baden nur auf besonders ausgewiesenen Fl\u00e4chen gestattet ist.<\/p>\n<p><img decoding=\"async\" src=\"https:\/\/www.europesays.com\/de\/wp-content\/uploads\/2026\/06\/hitzewetter-in-potsdam.jpeg\"   alt=\"Mit den H\u00e4nden geht\u2019s vielleicht noch \u2013 ein Kleinkind k\u00fchlt sich in einem Brunnen ab\" aria-labelledby=\"caption-15770525\" width=\"440\" height=\"330\" loading=\"lazy\" class=\"tspA0i9\"\/> Mit den H\u00e4nden geht\u2019s vielleicht noch\u00a0\u2013 ein Kleinkind k\u00fchlt sich in einem Brunnen ab <\/p>\n<p class=\"tspAAgb\"> \u00a9 Andreas Klaer\/Andreas Klaer <\/p>\n<p class=\"tspBXm2\">Wer sich dennoch in einem Zierbrunnen abk\u00fchlt, begeht damit grunds\u00e4tzlich eine Ordnungswidrigkeit \u2013 in der Praxis bleibt es nach Angaben der Bezirke aber meist bei einer m\u00fcndlichen Verwarnung.<\/p>\n<p> 13.50 Uhr: Die meisten k\u00fchlen Orte in Berlin haben sonntags geschlossen <\/p>\n<p class=\"tspBXm2\">Auf der Website <a href=\"https:\/\/kuehle-orte.berlin.de\/hsp\/\" target=\"_blank\" rel=\"noopener nofollow\" class=\"link link--external\" data-gtm-class=\"article-text-link\" data-gtm-val=\"external\" aria-describedby=\"message-target-blank\">k\u00fchle-orte.berlin<\/a> werden auf einer Karte zahlreiche Orte angezeigt, an denen die Temperaturen angenehm niedrig sind. Leider haben die meisten k\u00fchlen Orte, wie zum Beispiel Kirchen und B\u00fcrgerzentren, an Sonntagnachmittagen gar nicht ge\u00f6ffnet.<\/p>\n<p><img decoding=\"async\" src=\"https:\/\/www.europesays.com\/de\/wp-content\/uploads\/2026\/06\/screenshot-2026-06-28-135805.png\"   alt=\"\" aria-labelledby=\"caption-15770237\" width=\"440\" height=\"330\" loading=\"lazy\" class=\"tspA0i9\"\/> Theoretisch gibt es in Berlin viele Orte, an denen man sich abk\u00fchlen kann. Praktisch sind die meisten davon sonntags nicht ge\u00f6ffnet. <\/p>\n<p class=\"tspAAgb\"> \u00a9 Screenshot, k\u00fchle-orte.berlin, Stand: 28.06.2026, 14 Uhr <\/p>\n<p> 13.18 Uhr: Beim Paddeln geht\u2019s eigentlich <\/p>\n<p class=\"tspBXm2\">Auf den Gew\u00e4ssern bei K\u00f6penick ist \u00fcberraschend wenig los. W\u00e4hrend die Badestellen \u00fcberlaufen sind, l\u00e4sst sich auf Dahme und M\u00fcggespree entspannt paddeln. Viele Motorbootfahrer bleiben lieber im Hafen, den Seglern fehlt der Wind. Auf den SUPs ist es allerdings nur dann ertr\u00e4glich, wenn man alle\u00a0 100 Meter ins Wasser f\u00e4llt. Angenehm k\u00fchl wird es dort aber auch erst ab einer Tauchtiefe von 1,5 Metern.<\/p>\n<p><img decoding=\"async\" src=\"https:\/\/www.europesays.com\/de\/wp-content\/uploads\/2026\/06\/1782652282_336_hitze-berlin-mueggelsee.jpeg\"   alt=\"Hitzewelle Berlin Paddeln\" aria-labelledby=\"caption-15770120\" width=\"440\" height=\"330\" loading=\"lazy\" class=\"tspA0i9\"\/> Von einem SUP l\u00e4sst es sich bei der Hitze gut ins Wasser fallen \u2013 nat\u00fcrlich nur zur Erfrischung. <\/p>\n<p class=\"tspAAgb\"> \u00a9 Thomas Loy <\/p>\n<p> 13.10 Uhr: Gute Gesch\u00e4fte auf dem Boxi <\/p>\n<p class=\"tspBXm2\">Schallplattenh\u00e4ndler Martin und sein Sohn verkaufen heute auf dem Flohmarkt am Boxhagener Platz in Friedrichshain \u2013 einem der wenigen Flohm\u00e4rkte, die nicht hitzebedingt abgesagt haben. \u201eEs gibt heute weniger H\u00e4ndler\u201c, sagt Martin. \u201eDas bedeutet f\u00fcr mich: weniger Konkurrenz. Deshalb komme ich gerne an hei\u00dfen Tagen.\u201c Die Stimmung auf dem Flohmarkt sei \u201eerstaunlich entspannt\u201c, sagt der 53-J\u00e4hrige. \u201eSonst ist hier ein wahnsinniges Gedr\u00e4nge und Geschiebe, heute geht es.\u201c Sein Sohn helfe ihm und<\/p>\n<p><img decoding=\"async\" src=\"https:\/\/www.europesays.com\/de\/wp-content\/uploads\/2026\/06\/1782652283_725_hitze-berlin-vater-sohn.jpeg\" alt=\"Hitze Berlin Flohmarkt Boxi\" aria-labelledby=\"caption-15770043\" width=\"620\" height=\"465\" loading=\"lazy\" class=\"tspA0i9\"\/> Sohnemann wird f\u00fcr seine Hilfe sp\u00e4ter \u201eauf jeden Fall\u201c mit einem Eis belohnt. <\/p>\n<p class=\"tspAAgb\"> \u00a9 Christoph Papenhausen <\/p>\n<p class=\"tspBXm2\">Ein junger Verk\u00e4ufer berichtet ebenfalls von guten Gesch\u00e4ften: \u201eEs l\u00e4uft gut, aber nur, weil ich die richtige Ware habe\u201c, sagt er und deutet auf einen Stapel F\u00e4cher und einige Handventilatoren. Einige Stammverk\u00e4ufer h\u00e4tten wegen der Hitze abgesagt. Er versuche, auf Sommerware umzusteigen. \u201eSehr gut gehen auch Sonnenbrillen und Caps.\u201c<\/p>\n<p class=\"tspBXm2\">\u201eDie Leute sind sehr entspannt\u201c, sagt Amber, die an ihrem Stand Berlin-Bilder verkauft. \u201eAlle sind etwas nachsichtiger wegen der Hitze.\u201c Sie habe schon einige Bilder verkauft und bleibe bis heute Abend. \u201eAuch heute gibt es genug Touristen, die meine Bilder wollen\u201c, sagt sie zum Abschied.<\/p>\n<p><img decoding=\"async\" src=\"https:\/\/www.europesays.com\/de\/wp-content\/uploads\/2026\/06\/1782652284_707_hitze-berlin-flohmarkt.jpeg\" alt=\"Hitze Berlin Flohmarkt Boxhagener Platz\" aria-labelledby=\"caption-15770039\" width=\"620\" height=\"465\" loading=\"lazy\" class=\"tspA0i9\"\/> Berlin-Bilder wollen Touristen auch bei Hitze haben. <\/p>\n<p class=\"tspAAgb\"> \u00a9 Christoph Papenhausen <\/p>\n<p class=\"tspBXm2\">Noch beliebter als der Flohmarkt ist das Wasserspiel auf dem Boxi. In den Wasserfont\u00e4nen spielen Kinder Fu\u00dfball und planschen. Am Rand sitzen Erwachsene und k\u00fchlen sich ab.<\/p>\n<p><img decoding=\"async\" src=\"https:\/\/www.europesays.com\/de\/wp-content\/uploads\/2026\/06\/1782652285_420_hitze-berlin-boxhagener-platz-plansche.jpeg\"   alt=\"Hitze Berlin Boxhagener Platz Springbrunnen\" aria-labelledby=\"caption-15770047\" width=\"440\" height=\"330\" loading=\"lazy\" class=\"tspA0i9\"\/> Bei der aktuellen Hitze ist jede Abk\u00fchlung recht. <\/p>\n<p class=\"tspAAgb\"> \u00a9 Christoph Papenhausen <\/p>\n<p> 12.55 Uhr: Olympiastadion lockert Regeln f\u00fcr Bruno-Mars-Konzert <\/p>\n<p class=\"tspBXm2\">F\u00fcr das Konzert von Bruno Mars am Sonntagabend gilt wieder eine Ausnahmeregelung: Alkoholfreie Getr\u00e4nke k\u00f6nnen mit ins Olympiastadion genommen werden \u2013 solange sie in Tetrapaks, Weichplastik- oder faltbaren Flaschen sind. Und: Mehr als ein Liter darf es nicht sein. Im Stadion kann dann Wasser nachgef\u00fcllt werden.<\/p>\n<p><a href=\"https:\/\/www.tagesspiegel.de\/kultur\/funky-party-fur-die-fans-bruno-mars-bringt-das-olympiastadion-zum-brodeln-15766854.html?icid=single-topic_15762498___\" data-gtm-class=\"article-mzt-link\" class=\"tspC0qm\" rel=\"nofollow noopener\" target=\"_blank\">Funky Party f\u00fcr die Fans Bruno Mars bringt das Olympiastadion zum Brodeln <\/a><\/p>\n<p class=\"tspBXm2\">Wer einen Hand- oder Nackenventilator oder die analoge Variante namens F\u00e4cher im Gep\u00e4ck hat, muss sie nicht abgeben. An den St\u00e4nden der Sanit\u00e4ter gibt\u2019s au\u00dferdem eine Handvoll Sonnencreme. Bruno Mars hatte nach seinem Konzert am Freitag <a href=\"https:\/\/www.tagesspiegel.de\/berlin\/exklusivkonzert-in-berlin-mit-350-gasten-um-227-uhr-steht-bruno-mars-plotzlich-vor-mir--er-sieht-glucklich-aus-15768955.html?icid=in-text-link_15762498\" class=\"link link--internal\" data-gtm-class=\"article-text-link\" data-gtm-val=\"internal\" rel=\"nofollow noopener\" target=\"_blank\">ein deutlich kleineres Clubkonzert<\/a> gegeben, allerdings so sp\u00e4t, dass Sonnencreme definitiv nicht mehr n\u00f6tig war.<\/p>\n<p> 12.20 Uhr: Zu hei\u00df f\u00fcrs Hain <\/p>\n<p class=\"tspBXm2\">Feiern bei \u00fcber 30 Grad? Eher nicht. Um die Mittagszeit besteht die gef\u00fcrchtete und oft stundenlange Schlange vor dem Berghain gerade einmal aus vier Personen. Vielleicht ist es selbst Berlins Ravern heute zu hei\u00df. Vielleicht schwitzen sie aber auch auf der Fusion.<\/p>\n<p><img decoding=\"async\" src=\"https:\/\/www.europesays.com\/de\/wp-content\/uploads\/2026\/06\/img-6462.jpeg\"   alt=\"\" aria-labelledby=\"caption-15769703\" width=\"440\" height=\"330\" loading=\"lazy\" class=\"tspA0i9\"\/> Ein seltener Anblick: Keine Schlange vor dem Berghain <\/p>\n<p class=\"tspAAgb\"> \u00a9 Christoph Papenhausen <\/p>\n<p class=\"tspBXm2\">Nach l\u00e4ngerer Zeit findet sich dann noch ein Partyg\u00e4nger. Er sitzt mit einer Wasserflasche auf einer Parkbank in der N\u00e4he des Clubs und m\u00f6chte sich gleich anstellen. \u201eIch k\u00f6nnte mir vorstellen, dass es drinnen k\u00fchler ist\u201c, sagt er. \u201eVielleicht halten die dicken W\u00e4nde etwas von der W\u00e4rme ab. Und im Keller sollte es sowieso k\u00fchl sein.\u201c Wegen der Hitze verzichte er auf Drogen oder Alkohol. Trotzdem wolle er lieber anonym bleiben, sagt er. W\u00e4hrenddessen wird die Schlange zwei Personen k\u00fcrzer.<\/p>\n<p> 12.10 Uhr: Ticketverkauf in Berliner Sommerb\u00e4dern gestoppt <\/p>\n<p class=\"tspBXm2\">Schon seit dem Morgen gibt es f\u00fcr die Berliner Sommerb\u00e4der keine Tickets mehr. Laut der Webseite der Berliner B\u00e4der werden nur noch Menschen eingelassen, die bereits ein Zeitfenster-Ticket gebucht haben oder ein Abo besitzen. Lediglich f\u00fcr das Kinderbad Monbijou gab es Stand 11.50 Uhr noch wenige Tickets.<\/p>\n<p class=\"tspBXm2\">Bereits am Samstag waren die Sommerb\u00e4der komplett voll. An mehreren B\u00e4dern waren die Warteschlangen zu lang, nicht alle Wartenden konnten eingelassen werden.<\/p>\n<p> 11.30 Uhr: Hitze \u00fcber dem G\u00f6rlitzer Park <\/p>\n<p class=\"tspBXm2\">Der G\u00f6litzer Park wirkt wie ausgestorben. Ein einzelner Jogger schleppt sich durch die Hitze, vereinzelt liegen Obdachlose im Schatten. Zwei Parkl\u00e4ufer, die nach eigenen Angaben nicht mit dem Tagesspiegel sprechen d\u00fcrfen, sind vor Ort und halten Ausschau nach Hilfsbed\u00fcrftigen.\u00a0<\/p>\n<p><img decoding=\"async\" src=\"https:\/\/www.europesays.com\/de\/wp-content\/uploads\/2026\/06\/img-6457.jpeg\"   alt=\"\" aria-labelledby=\"caption-15769412\" width=\"440\" height=\"330\" loading=\"lazy\" class=\"tspA0i9\"\/> Bei den hohen Temperaturen wird der G\u00f6rli gemieden <\/p>\n<p class=\"tspAAgb\"> \u00a9 Christoph Papenhausen <\/p>\n<p class=\"tspBXm2\">Ebenfalls im Schatten sitzen Dealer. Sie haben kein Hitzefrei und suchen m\u00fcde nach Kunden. Erst als eine Polizeistreife am Parktor an der G\u00f6rlitzer Stra\u00dfe vorbeif\u00e4hrt, wird es hektisch. Die Dealer verstecken sich hinter einer Mauer, fl\u00fcchten in die B\u00fcsche. Als die Streife weiterf\u00e4hrt, kommen sie wieder heraus.<\/p>\n<p> 11.05 Uhr: Hohe Nachfrage im Kreuzberger Sp\u00e4ti <\/p>\n<p class=\"tspBXm2\">Besser als am Kotti l\u00e4uft es in Alims Sp\u00e4ti direkt am G\u00f6rlitzer Bahnhof. \u201eIch habe mehr Kunden als sonst und verkaufe mehr\u201c, sagt er. Beliebteste Artikel seien Wasser und Bier, s\u00fc\u00dfe Getr\u00e4nke w\u00fcrden eher weniger nachgefragt. Dass bei Hitze weniger Alkohol getrunken werde, k\u00f6nne er nicht best\u00e4tigen. \u201eEher mehr\u201c, sagt er.<\/p>\n<p><img decoding=\"async\" src=\"https:\/\/www.europesays.com\/de\/wp-content\/uploads\/2026\/06\/img-6455.jpeg\"   alt=\"\" aria-labelledby=\"caption-15769281\" width=\"440\" height=\"330\" loading=\"lazy\" class=\"tspA0i9\"\/> Wasser und Bier sind in Alims Sp\u00e4ti derzeit besonders beliebt <\/p>\n<p class=\"tspAAgb\"> \u00a9 Christoph Papenhausen <\/p>\n<p class=\"tspBXm2\">Auch in seinem Laden ist es hei\u00df. \u201eMacht mir aber nichts aus\u201c, sagt Alim und gibt einen ungew\u00f6hnlichen Hitzetipp: \u201eIch verarsche mich selbst und rede mir ein, dass es nicht so hei\u00df ist. Bisher klappt das.\u201c<\/p>\n<p> 10.50 Uhr: Kreuzberg schl\u00e4ft noch <\/p>\n<p class=\"tspBXm2\">Rund um das Kottbusser Tor knallt die Sonne, die Stra\u00dfen sind leer. Einzig am Obststand von Uhud kommt hin und wieder ein Kunde vorbei. \u201eTags\u00fcber verkaufen wir deutlich weniger als sonst\u201c, sagt Verk\u00e4ufer Uhud. Die meisten k\u00e4men erst abends. Dann gebe es einen \u201eRun\u201c auf Wassermelonen, erz\u00e4hlt er lachend und holt drei neue aus dem hinteren Bereich seines Stands.<\/p>\n<p><img decoding=\"async\" src=\"https:\/\/www.europesays.com\/de\/wp-content\/uploads\/2026\/06\/img-6452.jpeg\"   alt=\"\" aria-labelledby=\"caption-15769215\" width=\"440\" height=\"330\" loading=\"lazy\" class=\"tspA0i9\"\/> Knallende Sonne und leere Marktst\u00e4nde am Kottbusser Tor <\/p>\n<p class=\"tspAAgb\"> \u00a9 Christoph Papenhausen <\/p>\n<p><img decoding=\"async\" src=\"https:\/\/www.europesays.com\/de\/wp-content\/uploads\/2026\/06\/img-6451.jpeg\"   alt=\"\" aria-labelledby=\"caption-15769236\" width=\"440\" height=\"330\" loading=\"lazy\" class=\"tspA0i9\"\/> Die Melonen sind besonders nachts ein Renner <\/p>\n<p class=\"tspAAgb\"> \u00a9 Christoph Papenhausen <\/p>\n<p> 9.45 Uhr: Berliner Feuerwehr mit erster Bilanz <\/p>\n<p class=\"tspBXm2\">Die Berliner Feuerwehr hat am Samstag 2055 Eins\u00e4tze gez\u00e4hlt und damit rund 500 mehr als an einem gew\u00f6hnlichen Tag. Der Schwerpunkt lag nach Angaben der Einsatzkr\u00e4fte auf der Notfallrettung: Wegen der hohen Temperaturen mussten Feuerwehr und Rettungsdienst besonders h\u00e4ufig ausr\u00fccken, weil Menschen kollabierten oder \u00fcber Kreislaufprobleme klagten. Zugleich registrierte die Feuerwehr mit mehr als 120 Br\u00e4nden etwa doppelt so viele Feuer wie sonst.<\/p>\n<p><a href=\"https:\/\/www.tagesspiegel.de\/berlin\/opnv-bei-rekordtemperaturen-bvg-ubersteht-hitzetag-in-berlin-ohne-grossere-ausfalle-15769325.html?icid=single-topic_15762498___\" data-gtm-class=\"article-mzt-link\" class=\"tspC0qm\" rel=\"nofollow noopener\" target=\"_blank\">\u00d6PNV bei Rekordtemperaturen BVG \u00fcbersteht Hitzetag in Berlin ohne gr\u00f6\u00dfere Ausf\u00e4lle <\/a><\/p>\n<p class=\"tspBXm2\">Hinzu kamen mehrere besonders schwere Eins\u00e4tze. Im Hafen Tempelhof und am Jungfernheideteich wurden am Samstag zwei regungslos im Wasser treibende M\u00e4nner geborgen; Reanimationsversuche blieben in beiden F\u00e4llen ohne Erfolg. Am U-Bahnhof Innsbrucker Platz erlitt zudem ein Fahrgast auf dem Bahnsteig einen Kreislaufstillstand. Ersthelfende begannen noch vor Eintreffen der Rettungskr\u00e4fte mit der Reanimation, der Mann kam anschlie\u00dfend in ein Krankenhaus. Am Abend r\u00fcckte die Feuerwehr au\u00dferdem zu 27 Unwettereins\u00e4tzen im Berliner Westen aus, unter anderem wegen umgest\u00fcrzter B\u00e4ume in Spandau.<\/p>\n<p> 9.30 Uhr: Lange Schlangen vor dem Prinzenbad <\/p>\n<p class=\"tspBXm2\">Um kurz nach halb zehn haben sich vor dem Prinzenbad in Kreuzberg bereits drei Schlangen gebildet, jede etwas mehr als 15 Meter lang. Ganz hinten steht Alexander Fremdwelt, 44, mit seiner Familie. Er ist heute Morgen extra fr\u00fch aufgestanden, um rechtzeitig ins Wasser springen zu k\u00f6nnen. \u201eGestern waren wir im Sommerbad an der Seestra\u00dfe\u201c, sagt er. \u201eBis mittags hat es dort Spa\u00df gemacht, danach war es zu voll.\u201c Ihm selbst mache die Hitze wenig aus, seine beiden Kinder seien allerdings \u201efertig\u201c, sagt er.<\/p>\n<p><img decoding=\"async\" src=\"https:\/\/www.europesays.com\/de\/wp-content\/uploads\/2026\/06\/img-6442.jpeg\"   alt=\"Alexander Fremdwelt (44) m\u00f6chte mit seiner Familie ins Freibad.\" aria-labelledby=\"caption-15768945\" width=\"440\" height=\"330\" loading=\"lazy\" class=\"tspA0i9\"\/> Alexander Fremdwelt (44) m\u00f6chte mit seiner Familie ins Freibad <\/p>\n<p class=\"tspAAgb\"> \u00a9 Christoph Papenhausen <\/p>\n<p><img decoding=\"async\" src=\"https:\/\/www.europesays.com\/de\/wp-content\/uploads\/2026\/06\/1782647380_491_img-6440.jpeg\"   alt=\"\" aria-labelledby=\"caption-15768947\" width=\"440\" height=\"330\" loading=\"lazy\" class=\"tspA0i9\"\/> Schon morgens ist der Andrang am Prinzenbad gro\u00df <\/p>\n<p class=\"tspAAgb\"> \u00a9 Christoph Papenhausen <\/p>\n<p class=\"tspBXm2\">Kleiner Servicehinweis: F\u00fcr einen spontanen Besuch eignen sich Freib\u00e4der heute nicht. Eine geringe Auslastung gibt es laut Website der Berliner B\u00e4der-Betriebe aktuell nur noch im Strandbad Wannsee und Sommerbad Mariendorf. Alle anderen B\u00e4der sind entweder geschlossen oder es gilt ein \u201eTicket-Verkauf-Stopp\u201c. Zugang ist dann nur noch mit \u201egebuchten Einlass-Zeitfenster-Tickets oder Abo\u201c m\u00f6glich.<\/p>\n<p> 7 Uhr: Erste Schlangen vor den Freib\u00e4dern bilden sich <\/p>\n<p class=\"tspBXm2\">Der Andrang aufs Freibad ist schon fr\u00fch am Morgen gro\u00df. Bereits kurz vor sieben ist die Schlange vor dem Sommerbad Mariendorf an der Rixdorfer Stra\u00dfe rund 50 Meter lang, und sie w\u00e4chst weiter. Um sieben Uhr \u00f6ffnet die Kasse.<\/p>\n<p><img decoding=\"async\" src=\"https:\/\/www.europesays.com\/de\/wp-content\/uploads\/2026\/06\/img-4029.jpeg\"   alt=\"\" aria-labelledby=\"caption-15768824\" width=\"440\" height=\"330\" loading=\"lazy\" class=\"tspA0i9\"\/> Wartende vor dem Sommerbad Mariendorf <\/p>\n<p class=\"tspAAgb\"> \u00a9 Sigrid Kneist <\/p>\n<p> Sonnabend, 27. Juni <\/p>\n<p> 22.25 Uhr: \u201eBerliner Luft\u201c und die ersten Tropfen in der Waldb\u00fchne <\/p>\n<p class=\"tspBXm2\">Erste Tropfen, die Gewitterfront hat die Waldb\u00fchne beinahe erreicht. F\u00fcr \u201eBerliner Luft\u201c reicht es gerade noch beim Philharmoniker-Saisonabschluss. \u201eWir spielen, Sie gehen schon und pfeifen beim Rausgehen\u201c, ruft Chefdirigent Kirill Petrenko dem Publikum noch zu. Danach drangvolle Enge in der S3 auf dem Nachhauseweg. Als die Bahn endlich anf\u00e4hrt und ein Windzug durch die offenen Fenster f\u00e4hrt, singt der Waggon \u201eDas ist die Berliner Luft\u201c.<\/p>\n<p><a href=\"https:\/\/www.tagesspiegel.de\/kultur\/das-waldbuhnen-konzert-der-berliner-philharmoniker-in-der-hitze-des-sudens-15768898.html?icid=single-topic_15762498___\" data-gtm-class=\"article-mzt-link\" class=\"tspC0qm\" rel=\"nofollow noopener\" target=\"_blank\">Das Waldb\u00fchnen-Konzert der Berliner Philharmoniker In der Hitze des S\u00fcdens <\/a> 21.17 Uhr: Gewitter zieht \u00fcber der Waldb\u00fchne auf <\/p>\n<p class=\"tspBXm2\">Andrea Zietzschmann, Intendantin der Berliner Philharmoniker, war eben auf der B\u00fchne und hat eine kurze Trinkpause f\u00fcr die Musiker angek\u00fcndigt. Danach soll das Konzert schnell weitergehen, denn f\u00fcr 22 Uhr ist ein Gewitter angesagt. Schon jetzt sind dunkle Wolken am Himmel zu sehen. Die Stimmung im Publikum ist trotz Hitze und Gewitterwarnung gut. Trinkflaschen k\u00f6nnen vor Ort kostenlos aufgef\u00fcllt werden, was reibungslos klappt.<\/p>\n<p> 20.43 Uhr: Hitzerekorde in Berlin und Brandenburg <\/p>\n<p class=\"tspBXm2\">Der Temperaturrekord f\u00fcr Berlin ist nach Angaben des Deutschen Wetterdienstes geknackt worden. In Berlin-Tempelhof sind heute nach vorl\u00e4ufigen Angaben Temperaturen von 39,9 Grad Celsius gemessen worden, wie der DWD mitteilte. Der bisherige Rekord f\u00fcr Berlin wurde am 7. August 2015 mit 38,9 Grad in Berlin-Kaniswall im Bezirk Treptow-K\u00f6penick gemessen.<\/p>\n<p class=\"tspBXm2\">Auch in Brandenburg ist nach Angaben des DWD der Hitzerekord eingestellt worden. In Baruth (Landkreis Teltow-Fl\u00e4ming) sind am Samstag nach vorl\u00e4ufigen Angaben 40,8 Grad Celsius gemessen worden.<\/p>\n<p> 20.30 Uhr: Hitze bei Philharmoniker-Konzert in der Waldb\u00fchne <\/p>\n<p class=\"tspBXm2\">Sauna-Temperaturen in der S3 zur Waldb\u00fchne und zum Philharmoniker-Saisonfinale. Auch auf dem Weg reichlich Transpiration unter grauer Wolkenglocke. Sch\u00f6n langsam machen, und am Eingang erstmal ein Alkoholfreies. Die ganze Waldb\u00fchne f\u00e4chert und f\u00e4chelt, die Philharmoniker machen die erste La-Ola-Welle, auf geht\u2019s!<\/p>\n<p class=\"tspBXm2\">In Block B der Waldb\u00fchne wird dar\u00fcber spekuliert, obs am Ende doch noch gewittert, sp\u00e4testens zur traditionellen, Berliner Luft\u2018 -Zugabe. Und ob die Ausd\u00fcnstungen von 22.000 Menschen wom\u00f6glich eine eigene Gewitterwolke kreieren. So f\u00fchlt sichs gerade an, w\u00e4hrend Kirill Petrenko den Taktstock zum ,Bajazzo\u2018-Intermezzo hebt.<\/p>\n<p> 19.30 Uhr: In Neuk\u00f6lln sind die Ventilatoren ausverkauft <\/p>\n<p class=\"tspBXm2\">Ob im Baumarkt, im Elektronikfachgesch\u00e4ft oder im Haushaltswarenladen um die Ecke: Wer in Neuk\u00f6lln einen Ventilator sucht, geht derzeit oft leer aus.<\/p>\n<p><img decoding=\"async\" src=\"https:\/\/www.europesays.com\/de\/wp-content\/uploads\/2026\/06\/pxl-20260627-145917762-mp.jpeg\"   alt=\"\" aria-labelledby=\"caption-15769521\" width=\"440\" height=\"330\" loading=\"lazy\" class=\"tspA0i9\"\/> \u201eAusverkauft\u201c-Schilder kleben in Neuk\u00f6lln \u00fcberall dort, wo es mal Ventilatoren gab <\/p>\n<p class=\"tspAAgb\"> \u00a9 Miriam Rathje <\/p>\n<p><img decoding=\"async\" src=\"https:\/\/www.europesays.com\/de\/wp-content\/uploads\/2026\/06\/pxl-20260627-142852885.jpeg\"   alt=\"\" aria-labelledby=\"caption-15769523\" width=\"440\" height=\"330\" loading=\"lazy\" class=\"tspA0i9\"\/> Leere Paletten, auf denen mal Ventilatoren gestapelt waren <\/p>\n<p class=\"tspAAgb\"> \u00a9 Miriam Rathje <\/p>\n<p> 19.19 Uhr: Zahlreiche Ampeln fallen bei Rekordhitze aus <\/p>\n<p class=\"tspBXm2\">Bei der Rekordhitze fallen am Samstag zahlreiche Ampeln in der Hauptstadt aus. Wie der Verkehrsservice vom \u201e<a href=\"https:\/\/www.inforadio.de\/nachrichten\/verkehr\/\" target=\"_blank\" rel=\"noopener nofollow\" class=\"link link--external\" data-gtm-class=\"article-text-link\" data-gtm-val=\"external\" aria-describedby=\"message-target-blank\">RBB-Inforadio<\/a>\u201c berichtet, sind im gesamten Stadtgebiet 19 Ampeln oder Spuranzeiger au\u00dfer Betrieb beziehungsweise defekt.<\/p>\n<p>Betroffen sind laut \u201eRBB Inforadio\u201c folgende Bereiche (Stand 19.19 Uhr):<\/p>\n<ul data-qa-hook=\"story-list-ul\" class=\"tspCKpb\">\n<li class=\"tspCKgr tspCKgr\">\n<p><strong>Charlottenburg, Knesebeckstra\u00dfe<\/strong><\/p>\n<ul class=\"tspCKpb\">\n<li class=\"tspCKgr tspCKgr\">In H\u00f6he Kurf\u00fcrstendamm sind die Ampeln au\u00dfer Betrieb.<\/li>\n<\/ul>\n<\/li>\n<li class=\"tspCKgr tspCKgr\">\n<p><strong>Friedrichshain, Frankfurter Tor<\/strong><\/p>\n<ul class=\"tspCKpb\">\n<li class=\"tspCKgr tspCKgr\">In H\u00f6he Frankfurter Allee sind die Ampeln au\u00dfer Betrieb.<\/li>\n<\/ul>\n<\/li>\n<li class=\"tspCKgr tspCKgr\">\n<p><strong>Charlottenburg, Kaiserdamm<\/strong><\/p>\n<ul class=\"tspCKpb\">\n<li class=\"tspCKgr tspCKgr\">In H\u00f6he Schlo\u00dfstra\u00dfe sind die Ampeln au\u00dfer Betrieb.<\/li>\n<\/ul>\n<\/li>\n<li class=\"tspCKgr tspCKgr\">\n<p><strong>Siemensstadt, Siemensdamm<\/strong><\/p>\n<ul class=\"tspCKpb\">\n<li class=\"tspCKgr tspCKgr\">In H\u00f6he Jungfernheideweg sind die Ampeln au\u00dfer Betrieb<\/li>\n<\/ul>\n<\/li>\n<li class=\"tspCKgr tspCKgr\">\n<p><strong>Sch\u00f6neberg, Innsbrucker Platz<\/strong><\/p>\n<ul class=\"tspCKpb\">\n<li class=\"tspCKgr tspCKgr\">In H\u00f6he Hauptstra\u00dfe sind die Ampeln au\u00dfer Betrieb.<\/li>\n<\/ul>\n<\/li>\n<li class=\"tspCKgr tspCKgr\">\n<p><strong>Staaken, Heerstra\u00dfe<\/strong><\/p>\n<ul class=\"tspCKpb\">\n<li class=\"tspCKgr tspCKgr\">In H\u00f6he G\u00e4rtnereiring sind die Ampeln au\u00dfer Betrieb.<\/li>\n<\/ul>\n<\/li>\n<li class=\"tspCKgr tspCKgr\">\n<p><strong>Prenzlauer Berg, Sch\u00f6nhauser Allee<\/strong><\/p>\n<ul class=\"tspCKpb\">\n<li class=\"tspCKgr tspCKgr\">In H\u00f6he Choriner Stra\u00dfe sind die Ampeln au\u00dfer Betrieb.<\/li>\n<\/ul>\n<\/li>\n<li class=\"tspCKgr tspCKgr\">\n<p><strong>Prenzlauer Berg, Sch\u00f6nhauser Allee<\/strong><\/p>\n<ul class=\"tspCKpb\">\n<li class=\"tspCKgr tspCKgr\">In H\u00f6he D\u00e4nenstra\u00dfe sind die Ampeln au\u00dfer Betrieb.<\/li>\n<\/ul>\n<\/li>\n<li class=\"tspCKgr tspCKgr\">\n<p><strong>Westend, Heerstra\u00dfe<\/strong><\/p>\n<ul class=\"tspCKpb\">\n<li class=\"tspCKgr tspCKgr\">Zwischen Badenallee und Bayernallee ist jeweils die die mittlere Spur gesperrt wegen defekter Spuranzeiger.<\/li>\n<\/ul>\n<\/li>\n<li class=\"tspCKgr tspCKgr\">\n<p><strong>Kreuzberg, Skalitzer Stra\u00dfe<\/strong><\/p>\n<ul class=\"tspCKpb\">\n<li class=\"tspCKgr tspCKgr\">In H\u00f6he Erkelenzdamm sind die Ampeln au\u00dfer Betrieb.<\/li>\n<\/ul>\n<\/li>\n<li class=\"tspCKgr tspCKgr\">\n<p><strong>Marzahn, M\u00e4rkische Allee<\/strong><\/p>\n<ul class=\"tspCKpb\">\n<li class=\"tspCKgr tspCKgr\">In H\u00f6he Raoul-Wallenberg-Stra\u00dfe sind die Ampeln au\u00dfer Betrieb.<\/li>\n<\/ul>\n<\/li>\n<li class=\"tspCKgr tspCKgr\">\n<p><strong>Prenzlauer Berg, Landsberger Allee<\/strong><\/p>\n<ul class=\"tspCKpb\">\n<li class=\"tspCKgr tspCKgr\">In H\u00f6he Storkower Stra\u00dfe sind die Ampeln au\u00dfer Betrieb.<\/li>\n<\/ul>\n<\/li>\n<li class=\"tspCKgr tspCKgr\">\n<p><strong>Westend, Heerstra\u00dfe<\/strong><\/p>\n<ul class=\"tspCKpb\">\n<li class=\"tspCKgr tspCKgr\">Zwischen Passenheimer Stra\u00dfe und Glockenturmstra\u00dfe ist in beiden Richtungen jeweils die mittlere Spur gesperrt wegen defekter Spuranzeiger.<\/li>\n<\/ul>\n<\/li>\n<li class=\"tspCKgr tspCKgr\">\n<p><strong>Sch\u00f6neberg, Sachsendamm<\/strong><\/p>\n<ul class=\"tspCKpb\">\n<li class=\"tspCKgr tspCKgr\">In H\u00f6he Priesterweg sind die Ampeln au\u00dfer Betrieb.<\/li>\n<\/ul>\n<\/li>\n<li class=\"tspCKgr tspCKgr\">\n<p><strong>Spandau, Am Juliusturm<\/strong><\/p>\n<ul class=\"tspCKpb\">\n<li class=\"tspCKgr tspCKgr\">In H\u00f6he Breite Stra\u00dfe sind die Ampeln au\u00dfer Betrieb.<\/li>\n<\/ul>\n<\/li>\n<li class=\"tspCKgr tspCKgr\">\n<p><strong>Schmargendorf, Breite Stra\u00dfe<\/strong><\/p>\n<ul class=\"tspCKpb\">\n<li class=\"tspCKgr tspCKgr\">In H\u00f6he Hundekehlestra\u00dfe sind die Ampeln au\u00dfer Betrieb.<\/li>\n<\/ul>\n<\/li>\n<li class=\"tspCKgr tspCKgr\">\n<p><strong>Siemensstadt, Siemensdamm<\/strong><\/p>\n<ul class=\"tspCKpb\">\n<li class=\"tspCKgr tspCKgr\">In H\u00f6he Wohlrabedamm sind die Ampeln au\u00dfer Betrieb.<\/li>\n<\/ul>\n<\/li>\n<li class=\"tspCKgr tspCKgr\">\n<p><strong>Tegel, Karolinenstra\u00dfe<\/strong><\/p>\n<ul class=\"tspCKpb\">\n<li class=\"tspCKgr tspCKgr\">In H\u00f6he Waidmannsluster Damm sind die Ampeln au\u00dfer Betrieb.<\/li>\n<\/ul>\n<\/li>\n<li class=\"tspCKgr tspCKgr\">\n<p><strong>Zehlendorf, Berliner Stra\u00dfe<\/strong><\/p>\n<ul class=\"tspCKpb\">\n<li class=\"tspCKgr tspCKgr\">In H\u00f6he Teltower Damm sind die Ampeln au\u00dfer Betrieb.<\/li>\n<\/ul>\n<\/li>\n<\/ul>\n<p class=\"tspBXm2\">Genauere Hintergr\u00fcnde zu den Ausf\u00e4llen sind unbekannt. Das Lagezentrum der Beriner Polizei konnte zu dem Sachverhalt zun\u00e4chst keine Auskunft erteilen.<\/p>\n<p> 19.02 Uhr: Gewitter-Spekulationen in Erkner <\/p>\n<p class=\"tspBXm2\">Am D\u00e4meritzsee in Erkner wird spekuliert, ob hier aus Westen gerade ein Gewitter aufzieht. W\u00e4hrend die einen drauf hoffen &#8211; \u201eoh ja, bitte, ein paar Grad k\u00e4lter\u201c -, schippen andere gedanklich schon vollgelaufene Keller leer: \u201eLetzte Woche war heftig, da kam bei uns der Gulli hoch!\u201c Wieder andere f\u00fcrchten um den geplanten n\u00e4chtlichen Schwimmausflug, der bei Gewitter nat\u00fcrlich ins Wasser fallen w\u00fcrde. Die meisten Hobbymeteorologen am Ufer sind sich aber einig: \u201eDas ist nur diesig, da kommt nichts runter.\u201c<\/p>\n<p><img decoding=\"async\" src=\"https:\/\/www.europesays.com\/de\/wp-content\/uploads\/2026\/06\/img-1839.jpeg\"   alt=\"\" aria-labelledby=\"caption-15768286\" width=\"440\" height=\"330\" loading=\"lazy\" class=\"tspA0i9\"\/> Am D\u00e4meritzsee ziehen sich langsam die Wolken zusammen. (Foto aktuell) <\/p>\n<p class=\"tspAAgb\"> \u00a9 Silvia Perdoni \/ Tagesspiegel <\/p>\n<p> 18.25 Uhr: Rewe-Getr\u00e4nkemarkt schlie\u00dft wegen extremer Hitze <\/p>\n<p class=\"tspBXm2\">In Berlin-Friedrichshain bleibt ein Rewe-Getr\u00e4nkemarkt wegen der extremen Hitze am Samstag geschlossen. Da es keine Klimaanlage gebe, sei es unverantwortlich, bei diesen Temperaturen k\u00f6rperlich zu arbeiten. Der Hauptmarkt bleibt jedoch ge\u00f6ffnet, hei\u00dft es auf einem Hinweisschild am Getr\u00e4nkemarkt.<\/p>\n<p> 17.28 Uhr: Hitzesch\u00e4den auf der A2 werden immer gr\u00f6\u00dfer <\/p>\n<p class=\"tspBXm2\">Achtung, Wochenendausfl\u00fcgler: Die Sch\u00e4den auf der Autobahn 2 zwischen Brandenburg und Sachsen-Anhalt werden immer gr\u00f6\u00dfer. Die A2 gehe immer weiter kaputt, sagte ein Sprecher der Polizei. Der betroffene Streckenabschnitt bei Ziesar werde immer gr\u00f6\u00dfer. Dadurch m\u00fcsse \u201eAnschlussstelle f\u00fcr Anschlussstelle\u201c gesperrt werden. Der Verkehr werde dann \u00fcber Landstra\u00dfen abgeleitet. Die Sch\u00e4den sind laut Polizei teilweise so heftig, dass ein unfallfreies Gleiten \u00fcber die Fahrbahn nicht m\u00f6glich ist.<\/p>\n<p class=\"tspBXm2\">Wegen der Sperrungen auf der A2 kam es erneut zu Staus. Auf der Autobahn wurden am Donnerstag bei Burg (Sachsen-Anhalt) in Richtung Hannover und zwischen Ziesar und Wollin (beides Landkreis Potsdam-Mittelmark in Brandenburg) in Fahrtrichtung Berlin durch Hitze entstandene Sch\u00e4den an der Fahrbahn festgestellt. Auch auf den Umleitungsstrecken komme es zu erheblichen Staus, hie\u00df es kurz darauf. Grunds\u00e4tzlich werde empfohlen, die A2 sehr weitr\u00e4umig zu umfahren. \u201eDie aktuellen Stau-Angaben auf Google Maps sind nicht korrekt, die Wartezeiten sind deutlich l\u00e4nger als dargestellt\u201c, betonte die Sprecherin. Wer trotzdem fahre, solle sich auf lange Wartezeiten einstellen und daf\u00fcr etwa ausreichend Getr\u00e4nke, Verpflegung sowie regelm\u00e4\u00dfig ben\u00f6tigte Medikamente mitnehmen.<\/p>\n<p> 16.36 Uhr: 30 Grad Wassertemperatur in historischem Hallenbad <\/p>\n<p class=\"tspBXm2\">Wer bis zum Nachmittag keinen Platz in einem der v\u00f6llig \u00fcberf\u00fcllten Freib\u00e4der ergattert hat, kommt wom\u00f6glich auf die Idee, stattdessen ein Hallenbad aufzusuchen. Doch auch im historischen Stadtbad Charlottenburg werden gegen 16.30 Uhr vorerst keine weiteren Tickets verkauft. \u201eEinlassstopp\u201c steht auf einem Schild vor der Treppe zum \u00e4ltesten Hallenbad Berlins. Rund 20 Menschen warten vor der Kasse in der Hoffnung, doch noch hineinzukommen.<\/p>\n<p class=\"tspBXm2\">\u201eWir wurden eben schon im Sommerbad Wilmersdorf nicht reingelassen. Noch einmal verkrafte ich das nicht\u201c, sagt eine junge Frau, die gerade angekommen ist. Im Eingangsbereich des Jugendstilbades ist es zumindest etwas k\u00fchler als unter freiem Himmel. Trotzdem klagen viele Wartende \u00fcber die Hitze. \u201eIch halte das nicht mehr aus\u201c, sagt ein junger Mann.<\/p>\n<p><img decoding=\"async\" src=\"https:\/\/www.europesays.com\/de\/wp-content\/uploads\/2026\/06\/img-1465.jpeg\"   alt=\"\" aria-labelledby=\"caption-15768168\" width=\"440\" height=\"330\" loading=\"lazy\" class=\"tspA0i9\"\/> 30 Grad soll die Wassertemperatur im historischen Stadtbad Charlottenburg haben. (Foto aktuell) <\/p>\n<p class=\"tspAAgb\"> \u00a9 Simon R\u00f6hicht \/ Tagesspiegel <\/p>\n<p class=\"tspBXm2\">Nach und nach werden schlie\u00dflich jeweils zehn Personen auf einmal eingelassen. In der Halle die n\u00e4chste ern\u00fcchternde Nachricht: \u201eWasser is\u2018 aber warm. 30 Grad\u201c, sagt der Bademeister. Trotzdem planschen etwa 25 Menschen, vor allem Familien mit Kindern, im einzigen Schwimmbecken des Bades, dessen Au\u00dfenw\u00e4nde malerische Gem\u00e4lde schm\u00fccken.<\/p>\n<p> 16.30 Uhr: Hitzerekord in der Hauptstadt <\/p>\n<p class=\"tspBXm2\">Der Deutsche Wetterdienst meldet am Samstagnachmittag einen Hitzerekord in der Hauptstadt. 39,2 Grad wurden zun\u00e4chst an der Wetterstation in Berlin-Tempelhof gemessen. Im Tagesverlauf stiegen die Werte noch auf bis zu 39,5 Grad an. Der bisherige Temperaturrekord wurde 2015 in K\u00f6penick mit 38,6 Grad gemessen. In Potsdam verzeichnete die Wetterstation am Samstag sogar 39,9 Grad.<\/p>\n<p> 16.23 Uhr: Weiterer Toter in Berliner Gew\u00e4sser <\/p>\n<p class=\"tspBXm2\">Im Hafen Tempelhof haben Passanten gegen Mittag einen Mann leblos im Wasser entdeckt. Gemeinsam mit der herbeigerufenen Polizei zogen sie ihn aus dem Wasser, Reanimationsversuche blieben jedoch erfolglos. Einen vergleichbaren Vorfall gab es am Sonnabend auch am Jungfernheideteich.<\/p>\n<p><a href=\"https:\/\/www.tagesspiegel.de\/berlin\/reanimation-blieb-erfolglos-mann-stirbt-beim-baden-in-der-berliner-jungfernheide-15767776.html?icid=single-topic_15762498___\" data-gtm-class=\"article-mzt-link\" class=\"tspC0qm\" rel=\"nofollow noopener\" target=\"_blank\">Reanimationen blieben erfolglos Zwei M\u00e4nner sterben in Berliner Gew\u00e4ssern <\/a> 15.31 Uhr: Wasserwerfer-Einsatz am Brandenburger Tor gestartet <\/p>\n<p class=\"tspBXm2\">Mit zwei Wasserwerfern ist die Berliner Polizei derzeit im Stadtgebiet unterwegs, um f\u00fcr Abk\u00fchlung zu sorgen. Erster Halt: Brandenburger Tor. Hier freuen sich Berliner und Besucher \u00fcber den Spr\u00fchregen. Zweimal 9000 Liter Wasser haben die Beamten nach eigenen Angaben schon verbraucht. Nun wird der Tank aufgef\u00fcllt, dann soll es am Potsdamer Platz weitergehen.<\/p>\n<p class=\"tspYf0\">Empfohlener redaktioneller Inhalt<\/p>\n<p> An dieser Stelle finden Sie einen von unseren Redakteuren ausgew\u00e4hlten, externen Inhalt, der den Artikel f\u00fcr Sie mit zus\u00e4tzlichen Informationen anreichert. Sie k\u00f6nnen sich hier den externen Inhalt mit einem Klick anzeigen lassen oder wieder ausblenden. <\/p>\n<p> Externen Inhalt anzeigen <\/p>\n<p class=\"tspYf6\"> Ich bin damit einverstanden, dass mir der externe Inhalt angezeigt wird. Damit k\u00f6nnen personenbezogene Daten an Drittplattformen \u00fcbermittelt werden.  Mehr Informationen dazu erhalten Sie in den Datenschutz-Einstellungen. Diese finden Sie ganz unten auf unserer Seite im Footer, sodass Sie Ihre Einstellungen jederzeit verwalten oder widerrufen k\u00f6nnen. <\/p>\n<p> 14.59 Uhr: Berliner Feuerwehr meldet deutlich erh\u00f6htes Einsatzaufkommen <\/p>\n<p class=\"tspBXm2\">Die Eins\u00e4tze h\u00e4ufen sich am Samstag bei Berlins Rettern. Wie ein Feuerwehrsprecher dem Tagesspiegel mitteilte, rechnen die Einsatzkr\u00e4fte am Samstag mit einem vergleichbaren Aufkommen wie am Freitag, als \u00fcber 300 Eins\u00e4tze mehr als an durchschnittlichen Tagen gez\u00e4hlt wurden. Die Rettungskr\u00e4fte fahren vor allem wegen vermehrter Hitzeeins\u00e4tze raus, darunter Kreislaufbeschwerden, Kreislaufstillst\u00e4nde und Eins\u00e4tze an den Badestellen. (mit dpa)<\/p>\n","protected":false},"excerpt":{"rendered":"Berlin schwitzt, am Wochenende wurde der Temperaturrekord in Berlin gebrochen. Die neue Woche soll Abk\u00fchlung bringen: Im Verlauf&hellip;\n","protected":false},"author":2,"featured_media":1130629,"comment_status":"","ping_status":"","sticky":false,"template":"","format":"standard","meta":{"footnotes":"","_share_on_mastodon":"0"},"categories":[5],"tags":[331,332,9006,1890,3364,29,94201,30,141,13,19524,21425,1635,952,17250,14,15,3917,12,966,101500,184,16811,1886,383],"class_list":["post-1130628","post","type-post","status-publish","format-standard","has-post-thumbnail","category-nachrichten","tag-aktuelle-nachrichten","tag-aktuelle-news","tag-alexanderplatz","tag-brandenburg","tag-de","tag-deutschland","tag-fahrrad-und-verkehr-in-berlin","tag-germany","tag-gesundheit","tag-headlines","tag-hilfsorganisationen","tag-iris-spranger","tag-jugend","tag-klimawandel","tag-kottbusser-tor","tag-nachrichten","tag-news","tag-polen","tag-schlagzeilen","tag-schule","tag-schule-und-kita-in-potsdam","tag-spd","tag-tempelhofer-feld","tag-tiere","tag-umwelt"],"share_on_mastodon":{"url":"https:\/\/pubeurope.com\/@de\/116834102038637813","error":""},"_links":{"self":[{"href":"https:\/\/www.europesays.com\/de\/wp-json\/wp\/v2\/posts\/1130628","targetHints":{"allow":["GET"]}}],"collection":[{"href":"https:\/\/www.europesays.com\/de\/wp-json\/wp\/v2\/posts"}],"about":[{"href":"https:\/\/www.europesays.com\/de\/wp-json\/wp\/v2\/types\/post"}],"author":[{"embeddable":true,"href":"https:\/\/www.europesays.com\/de\/wp-json\/wp\/v2\/users\/2"}],"replies":[{"embeddable":true,"href":"https:\/\/www.europesays.com\/de\/wp-json\/wp\/v2\/comments?post=1130628"}],"version-history":[{"count":0,"href":"https:\/\/www.europesays.com\/de\/wp-json\/wp\/v2\/posts\/1130628\/revisions"}],"wp:featuredmedia":[{"embeddable":true,"href":"https:\/\/www.europesays.com\/de\/wp-json\/wp\/v2\/media\/1130629"}],"wp:attachment":[{"href":"https:\/\/www.europesays.com\/de\/wp-json\/wp\/v2\/media?parent=1130628"}],"wp:term":[{"taxonomy":"category","embeddable":true,"href":"https:\/\/www.europesays.com\/de\/wp-json\/wp\/v2\/categories?post=1130628"},{"taxonomy":"post_tag","embeddable":true,"href":"https:\/\/www.europesays.com\/de\/wp-json\/wp\/v2\/tags?post=1130628"}],"curies":[{"name":"wp","href":"https:\/\/api.w.org\/{rel}","templated":true}]}}