{"id":1130668,"date":"2026-06-29T15:49:15","date_gmt":"2026-06-29T15:49:15","guid":{"rendered":"https:\/\/www.europesays.com\/de\/1130668\/"},"modified":"2026-06-29T15:49:15","modified_gmt":"2026-06-29T15:49:15","slug":"duesseldorf-klimaneutralitaet-2035-bilanz-wird-transparent-gemacht","status":"publish","type":"post","link":"https:\/\/www.europesays.com\/de\/1130668\/","title":{"rendered":"D\u00fcsseldorf: Klimaneutralit\u00e4t 2035 &#8211; Bilanz wird transparent gemacht"},"content":{"rendered":"<p class=\"text_ohne_einzug richtext text-em-55 !leading-serif mx-6 desktop:mx-0\"> 2035 will die Stadt ein ambitioniertes Ziel erreichen: Klimaneutralit\u00e4t. Dann soll der Aussto\u00df von Kohlenstoffdioxid und \u00e4quivalenten Schadstoffen in der st\u00e4dtischen Treibhausgasbilanz so weit reduziert sein, dass der Rest durch Kompensationsma\u00dfnahmen ausgeglichen werden kann. Daf\u00fcr darf der CO\u2082-Aussto\u00df nur bei zwei Tonnen pro Einwohner liegen. Aktuell liegt er pro Kopf noch bei 7,1 Tonnen \u2013 so die aktuell verf\u00fcgbaren Zahlen von 2022.<\/p>\n<p class=\"richtext text-em-55 !leading-serif mx-6 desktop:mx-0\">Dass diese so alt sind, liegt an der Bisko-Methode (Bilanzierungs-Systematik Kommunal). Ein bundesweiter Standard, der eine Vergleichbarkeit unter den Kommunen schafft sowie Emissionen der einzelnen Bereiche Energie, Verkehr, Wirtschaft und Haushalte aufschl\u00fcsselt. Damit sollen unter anderem Klimaschutzma\u00dfnahmen und deren Effekt auf die Treibhausgasbilanz gemessen werden k\u00f6nnen.<\/p>\n<p class=\"richtext text-em-55 !leading-serif mx-6 desktop:mx-0\">Die Zusammenf\u00fchrung dieser Daten ist jedoch aufwendig, zumal sie von verschiedenen \u201eLieferanten\u201c wie den Stadtwerken (f\u00fcr Strom, <a href=\"https:\/\/rp-online.de\/thema\/erdgas\/\" rel=\"nofollow noopener\" target=\"_blank\">Erdgas<\/a>, Fernw\u00e4rme) oder der Schornsteinfegerinnung (f\u00fcr Erdgas, Kohle, Heiz\u00f6l) erst mit einem Jahr Verz\u00f6gerung bereitgestellt werden. Gegen Ende des Jahres will die Stadt eine neue Bilanz ver\u00f6ffentlichen, dann mit Zahlen von 2024.<\/p>\n<p class=\"richtext text-em-55 !leading-serif mx-6 desktop:mx-0\">Detaillierte Einblicke in D\u00fcsseldorfs Klimabilanz k\u00f6nnen interessierte B\u00fcrger aber schon jetzt nehmen. Denn vor Kurzem hat die Stadt einen Klimaschutz-Monitor online gestellt. Auf der Webseite <a href=\"https:\/\/klimaschutz-monitor.duesseldorf.de\/\" target=\"_blank\" rel=\"nofollow noopener\">klimaschutz-monitor.duesseldorf.de\/ <\/a>sind nun Zahlen und Daten zu den Treibhausgasemissionen einzelner Sektoren (private Haushalte, Gewerbe, Mobilit\u00e4t, st\u00e4dtische Einrichtungen) aufgef\u00fchrt \u2013 inklusive des Verlaufes sowie dem Zielwert, der im jeweiligen Sektor f\u00fcr die Klimaneutralit\u00e4t erreicht werden muss.<\/p>\n<p class=\"richtext text-em-55 !leading-serif mx-6 desktop:mx-0\">Wie gut oder schlecht <a href=\"https:\/\/rp-online.de\/thema\/duesseldorf\/\" rel=\"nofollow noopener\" target=\"_blank\">D\u00fcsseldorf<\/a> auf diesem Weg insgesamt dasteht, ist angesichts der veralteten Daten derzeit schwer bewertbar. Die Senkung von drei Viertel der im Stadtgebiet verursachten Emissionen seien zudem auch von Ma\u00dfnahmen des Bundes oder globalen Entwicklungen abh\u00e4ngig, so die Stadt. Auf die Treibhausgasbilanz im Sektor Mobilit\u00e4t und nat\u00fcrlich den st\u00e4dtischen Einrichtungen kann sie allerdings selbst einwirken und liefert hier auch aktuellere Zahlen.<\/p>\n<p class=\"richtext text-em-55 !leading-serif mx-6 desktop:mx-0\">2021 beschloss der Rat etwa, den Ausbau und die Nachr\u00fcstung von Photovoltaikanlagen auf st\u00e4dtischen Geb\u00e4uden intensiv voranzutreiben. Das hat die Kilowatt-Peak-Leistung seitdem verf\u00fcnffacht, was laut Stadt etwa 4,1 Gigawattstunden emissionsfreiem Strom pro Jahr und damit einer Treibhausgaseinsparung von rund 1800 Tonnen CO\u2082-\u00c4quivalent entspricht. Auch weitere interessante Daten lassen sich dort finden, wie die Gesamtleistung aller in der Stadt gemeldeten PV-Anlagen oder die Anzahl zugelassener E-Autos in der Stadt.<\/p>\n","protected":false},"excerpt":{"rendered":"2035 will die Stadt ein ambitioniertes Ziel erreichen: Klimaneutralit\u00e4t. Dann soll der Aussto\u00df von Kohlenstoffdioxid und \u00e4quivalenten Schadstoffen&hellip;\n","protected":false},"author":2,"featured_media":1130669,"comment_status":"","ping_status":"","sticky":false,"template":"","format":"standard","meta":{"footnotes":"","_share_on_mastodon":"0"},"categories":[1831],"tags":[5873,14723,190260,144345,2217,5398,3364,29,3405,30,46487,4782,17207,10876,1209,38721,30225,207694,1491],"class_list":["post-1130668","post","type-post","status-publish","format-standard","has-post-thumbnail","category-duesseldorf","tag-photovoltaikanlagen","tag-anlagen","tag-ausstoss","tag-bereitgestellt","tag-bilanz","tag-daten","tag-de","tag-deutschland","tag-duesseldorf","tag-germany","tag-gestellt","tag-klimaneutralitaet","tag-marktstammdatenregister","tag-monitor","tag-nordrhein-westfalen","tag-staedtische","tag-tonnen","tag-treibhausgasbilanz","tag-zahlen"],"share_on_mastodon":{"url":"https:\/\/pubeurope.com\/@de\/116834190339023361","error":""},"_links":{"self":[{"href":"https:\/\/www.europesays.com\/de\/wp-json\/wp\/v2\/posts\/1130668","targetHints":{"allow":["GET"]}}],"collection":[{"href":"https:\/\/www.europesays.com\/de\/wp-json\/wp\/v2\/posts"}],"about":[{"href":"https:\/\/www.europesays.com\/de\/wp-json\/wp\/v2\/types\/post"}],"author":[{"embeddable":true,"href":"https:\/\/www.europesays.com\/de\/wp-json\/wp\/v2\/users\/2"}],"replies":[{"embeddable":true,"href":"https:\/\/www.europesays.com\/de\/wp-json\/wp\/v2\/comments?post=1130668"}],"version-history":[{"count":0,"href":"https:\/\/www.europesays.com\/de\/wp-json\/wp\/v2\/posts\/1130668\/revisions"}],"wp:featuredmedia":[{"embeddable":true,"href":"https:\/\/www.europesays.com\/de\/wp-json\/wp\/v2\/media\/1130669"}],"wp:attachment":[{"href":"https:\/\/www.europesays.com\/de\/wp-json\/wp\/v2\/media?parent=1130668"}],"wp:term":[{"taxonomy":"category","embeddable":true,"href":"https:\/\/www.europesays.com\/de\/wp-json\/wp\/v2\/categories?post=1130668"},{"taxonomy":"post_tag","embeddable":true,"href":"https:\/\/www.europesays.com\/de\/wp-json\/wp\/v2\/tags?post=1130668"}],"curies":[{"name":"wp","href":"https:\/\/api.w.org\/{rel}","templated":true}]}}