{"id":1130691,"date":"2026-06-29T16:01:19","date_gmt":"2026-06-29T16:01:19","guid":{"rendered":"https:\/\/www.europesays.com\/de\/1130691\/"},"modified":"2026-06-29T16:01:19","modified_gmt":"2026-06-29T16:01:19","slug":"mehrmals-gegen-kopf-und-oberkoerper-getreten-gruppe-pruegelt-mann-in-berlin-krankenhausreif-lebensgefahr","status":"publish","type":"post","link":"https:\/\/www.europesays.com\/de\/1130691\/","title":{"rendered":"Mehrmals gegen Kopf und Oberk\u00f6rper getreten: Gruppe pr\u00fcgelt Mann in Berlin krankenhausreif \u2013 Lebensgefahr"},"content":{"rendered":"<p class=\"tspBXm2 tspBXm3\">Bei einer Schl\u00e4gerei mit einer Gruppe von M\u00e4nnern ist ein Mann in Berlin-Kreuzberg krankenhausreif gepr\u00fcgelt und m\u00f6glicherweise lebensgef\u00e4hrlich verletzt worden. Bei dem 42-J\u00e4hrigen bestand am Sonntagabend laut Polizei der Verdacht auf eine arterielle Gehirnblutung. Er wurde in einem Krankenhaus notoperiert. Die \u00c4rzte schlossen Lebensgefahr nicht aus.<\/p>\n<p>Mehr aktuelle Nachrichten aus Berlin:<a href=\"https:\/\/www.tagesspiegel.de\/berlin\/getotet-fur-ein-machtgefuhl-angeklagter-palliativarzt-in-berlin-laut-gutachten-voll-schuldfahig-15774416.html?icid=topic-list_15774603___\" data-gtm-class=\"article-mzt-link\" data-hydrate-fingerprint=\"09740a54944caac75fd2c0c63fd5c5df\" data-hydrate-props=\"{&amp;escapedquot;element&amp;escapedquot;:{&amp;escapedquot;type&amp;escapedquot;:&amp;escapedquot;relatedContent&amp;escapedquot;,&amp;escapedquot;fieldMap&amp;escapedquot;:{},&amp;escapedquot;relation&amp;escapedquot;:{&amp;escapedquot;fields&amp;escapedquot;:{&amp;escapedquot;isPaid&amp;escapedquot;:null},&amp;escapedquot;href&amp;escapedquot;:&amp;escapedquot;\/berlin\/getotet-fur-ein-machtgefuhl-angeklagter-palliativarzt-in-berlin-laut-gutachten-voll-schuldfahig-15774416.html&amp;escapedquot;,&amp;escapedquot;teaserTitle&amp;escapedquot;:{&amp;escapedquot;kicker&amp;escapedquot;:&amp;escapedquot;Get\u00f6tet f\u00fcr ein Machtgef\u00fchl?&amp;escapedquot;,&amp;escapedquot;headline&amp;escapedquot;:&amp;escapedquot;Angeklagter Palliativarzt in Berlin laut Gutachten voll schuldf\u00e4hig&amp;escapedquot;},&amp;escapedquot;id&amp;escapedquot;:&amp;escapedquot;15774416&amp;escapedquot;,&amp;escapedquot;type&amp;escapedquot;:&amp;escapedquot;story&amp;escapedquot;},&amp;escapedquot;isPartOfList&amp;escapedquot;:true,&amp;escapedquot;topicListType&amp;escapedquot;:&amp;escapedquot;topic-list&amp;escapedquot;},&amp;escapedquot;showArrow&amp;escapedquot;:true}\" data-hydrate-slots=\"{&#039;default&#039;:[]}\" class=\"tspC0qm tspC1qt\" rel=\"nofollow noopener\" target=\"_blank\">Get\u00f6tet f\u00fcr ein Machtgef\u00fchl? Angeklagter Palliativarzt in Berlin laut Gutachten voll schuldf\u00e4hig <\/a><a href=\"https:\/\/www.tagesspiegel.de\/berlin\/scharfe-schusswaffe-gefulltes-magazin-32-jahriger-in-kreuzberg-festgenommen-15774179.html?icid=topic-list_15774603___\" data-gtm-class=\"article-mzt-link\" data-hydrate-fingerprint=\"09740a54944caac75fd2c0c63fd5c5df\" data-hydrate-props=\"{&amp;escapedquot;element&amp;escapedquot;:{&amp;escapedquot;type&amp;escapedquot;:&amp;escapedquot;relatedContent&amp;escapedquot;,&amp;escapedquot;fieldMap&amp;escapedquot;:{},&amp;escapedquot;relation&amp;escapedquot;:{&amp;escapedquot;fields&amp;escapedquot;:{&amp;escapedquot;isPaid&amp;escapedquot;:null},&amp;escapedquot;href&amp;escapedquot;:&amp;escapedquot;\/berlin\/scharfe-schusswaffe-gefulltes-magazin-32-jahriger-in-kreuzberg-festgenommen-15774179.html&amp;escapedquot;,&amp;escapedquot;teaserTitle&amp;escapedquot;:{&amp;escapedquot;kicker&amp;escapedquot;:&amp;escapedquot;Scharfe Schusswaffe, gef\u00fclltes Magazin&amp;escapedquot;,&amp;escapedquot;headline&amp;escapedquot;:&amp;escapedquot;32-J\u00e4hriger in Kreuzberg festgenommen&amp;escapedquot;},&amp;escapedquot;id&amp;escapedquot;:&amp;escapedquot;15774179&amp;escapedquot;,&amp;escapedquot;type&amp;escapedquot;:&amp;escapedquot;story&amp;escapedquot;},&amp;escapedquot;isPartOfList&amp;escapedquot;:true,&amp;escapedquot;topicListType&amp;escapedquot;:&amp;escapedquot;topic-list&amp;escapedquot;},&amp;escapedquot;showArrow&amp;escapedquot;:true}\" data-hydrate-slots=\"{&#039;default&#039;:[]}\" class=\"tspC0qm tspC1qt\" rel=\"nofollow noopener\" target=\"_blank\">Scharfe Schusswaffe, gef\u00fclltes Magazin 32-J\u00e4hriger in Kreuzberg festgenommen <\/a><a href=\"https:\/\/www.tagesspiegel.de\/berlin\/verstoss-gegen-das-neutralitatsgesetz-neue-feuerwehrfrau-tragt-kopftuch-zur-dienstuniform-15774085.html?icid=topic-list_15774603___\" data-gtm-class=\"article-mzt-link\" data-hydrate-fingerprint=\"09740a54944caac75fd2c0c63fd5c5df\" data-hydrate-props=\"{&amp;escapedquot;element&amp;escapedquot;:{&amp;escapedquot;type&amp;escapedquot;:&amp;escapedquot;relatedContent&amp;escapedquot;,&amp;escapedquot;fieldMap&amp;escapedquot;:{},&amp;escapedquot;relation&amp;escapedquot;:{&amp;escapedquot;fields&amp;escapedquot;:{&amp;escapedquot;isPaid&amp;escapedquot;:null},&amp;escapedquot;href&amp;escapedquot;:&amp;escapedquot;\/berlin\/verstoss-gegen-das-neutralitatsgesetz-neue-feuerwehrfrau-tragt-kopftuch-zur-dienstuniform-15774085.html&amp;escapedquot;,&amp;escapedquot;teaserTitle&amp;escapedquot;:{&amp;escapedquot;kicker&amp;escapedquot;:&amp;escapedquot;Versto\u00df gegen das Neutralit\u00e4tsgesetz?&amp;escapedquot;,&amp;escapedquot;headline&amp;escapedquot;:&amp;escapedquot;Neue Feuerwehrfrau tr\u00e4gt Kopftuch zur Dienstuniform&amp;escapedquot;},&amp;escapedquot;id&amp;escapedquot;:&amp;escapedquot;15774085&amp;escapedquot;,&amp;escapedquot;type&amp;escapedquot;:&amp;escapedquot;story&amp;escapedquot;},&amp;escapedquot;isPartOfList&amp;escapedquot;:true,&amp;escapedquot;topicListType&amp;escapedquot;:&amp;escapedquot;topic-list&amp;escapedquot;},&amp;escapedquot;showArrow&amp;escapedquot;:true}\" data-hydrate-slots=\"{&#039;default&#039;:[]}\" class=\"tspC0qm tspC1qt\" rel=\"nofollow noopener\" target=\"_blank\">Versto\u00df gegen das Neutralit\u00e4tsgesetz? Neue Feuerwehrfrau tr\u00e4gt Kopftuch zur Dienstuniform <\/a><\/p>\n<p class=\"tspBXm2\">Den Ermittlungen zufolge war der Mann gegen 21.50 Uhr in der Skalitzer Stra\u00dfe in eine Auseinandersetzung mit der Gruppe geraten. Mit einer Holzlatte soll er ein gegnerisches Gruppenmitglied geschlagen haben. Die Gruppe habe ihn dann eingekreist und zu Boden geschlagen, hie\u00df es. Dort h\u00e4tten die Gegner ihm mehrmals gegen den Kopf und Oberk\u00f6rper getreten. Schlie\u00dflich seien die T\u00e4ter gefl\u00fcchtet. Die Polizei konnte einen mutma\u00dflichen T\u00e4ter nach eigenen Angaben am Kottbusser Tor festnehmen. (dpa)<\/p>\n","protected":false},"excerpt":{"rendered":"Bei einer Schl\u00e4gerei mit einer Gruppe von M\u00e4nnern ist ein Mann in Berlin-Kreuzberg krankenhausreif gepr\u00fcgelt und m\u00f6glicherweise lebensgef\u00e4hrlich&hellip;\n","protected":false},"author":2,"featured_media":1130692,"comment_status":"","ping_status":"","sticky":false,"template":"","format":"standard","meta":{"footnotes":"","_share_on_mastodon":"0"},"categories":[1825],"tags":[1941,1939,296,1937,29,30,17250,1940,1938],"class_list":["post-1130691","post","type-post","status-publish","format-standard","has-post-thumbnail","category-berlin","tag-aktuelle-nachrichten-aus-berlin","tag-aktuelle-news-aus-berlin","tag-berlin","tag-berlin-news","tag-deutschland","tag-germany","tag-kottbusser-tor","tag-nachrichten-aus-berlin","tag-news-aus-berlin"],"share_on_mastodon":{"url":"","error":""},"_links":{"self":[{"href":"https:\/\/www.europesays.com\/de\/wp-json\/wp\/v2\/posts\/1130691","targetHints":{"allow":["GET"]}}],"collection":[{"href":"https:\/\/www.europesays.com\/de\/wp-json\/wp\/v2\/posts"}],"about":[{"href":"https:\/\/www.europesays.com\/de\/wp-json\/wp\/v2\/types\/post"}],"author":[{"embeddable":true,"href":"https:\/\/www.europesays.com\/de\/wp-json\/wp\/v2\/users\/2"}],"replies":[{"embeddable":true,"href":"https:\/\/www.europesays.com\/de\/wp-json\/wp\/v2\/comments?post=1130691"}],"version-history":[{"count":0,"href":"https:\/\/www.europesays.com\/de\/wp-json\/wp\/v2\/posts\/1130691\/revisions"}],"wp:featuredmedia":[{"embeddable":true,"href":"https:\/\/www.europesays.com\/de\/wp-json\/wp\/v2\/media\/1130692"}],"wp:attachment":[{"href":"https:\/\/www.europesays.com\/de\/wp-json\/wp\/v2\/media?parent=1130691"}],"wp:term":[{"taxonomy":"category","embeddable":true,"href":"https:\/\/www.europesays.com\/de\/wp-json\/wp\/v2\/categories?post=1130691"},{"taxonomy":"post_tag","embeddable":true,"href":"https:\/\/www.europesays.com\/de\/wp-json\/wp\/v2\/tags?post=1130691"}],"curies":[{"name":"wp","href":"https:\/\/api.w.org\/{rel}","templated":true}]}}