{"id":1130748,"date":"2026-06-29T16:31:15","date_gmt":"2026-06-29T16:31:15","guid":{"rendered":"https:\/\/www.europesays.com\/de\/1130748\/"},"modified":"2026-06-29T16:31:15","modified_gmt":"2026-06-29T16:31:15","slug":"fahrplanaenderung-karlsruhe-ab-juli-s51-faehrt-samstags-frueher-s52-wird-umgeleitet","status":"publish","type":"post","link":"https:\/\/www.europesays.com\/de\/1130748\/","title":{"rendered":"Fahrplan\u00e4nderung Karlsruhe ab Juli: S51 f\u00e4hrt samstags fr\u00fcher, S52 wird umgeleitet"},"content":{"rendered":"<p class=\"mb-6 text-xs-varying md:text-m lg:text-l font-serif group-[.font-sans]:font-sans \">\n    Bei zwei Verbindungen der <strong class=\"font-bold\">Stadtbahnlinien S51 und S52<\/strong> kommt es<strong class=\"font-bold\"> ab Mitte Juli<\/strong> zu<strong class=\"font-bold\"> tempor\u00e4ren Fahrplan\u00e4nderungen<\/strong>. Das gibt die Albtal-Verkehrs-Gesellschaft (AVG) in einer Mitteilung vom 29. Juni bekannt.\n  <\/p>\n<p>            Eine Linie der S51 f\u00e4hrt samstags fr\u00fcher ab<\/p>\n<p class=\"mb-6 text-xs-varying md:text-m lg:text-l font-serif group-[.font-sans]:font-sans \">\n    Von <strong class=\"font-bold\">Samstag, 11. Juli, bis voraussichtlich Samstag, 17. Oktober,<\/strong> f\u00e4hrt <strong class=\"font-bold\">eine Linie der S51 <\/strong>immer <strong class=\"font-bold\">samstags<\/strong> im Streckenabschnitt zwischen Knielingen Rheinbergstra\u00dfe und W\u00f6rth <strong class=\"font-bold\">f\u00fcnf Minuten fr\u00fcher ab als bishe<\/strong>r. Es handelt sich um folgende Bahnlinie:\n  <\/p>\n<ul rel=\"\" class=\"[&amp;&gt;li]:relative list-none  [&amp;&gt;li]:pl-[1.2em] [&amp;&gt;li]:marker:text-[0] [&amp;&gt;li]:relative [&amp;&gt;li]:before:absolute [&amp;&gt;li]:before:w-3 [&amp;&gt;li]:before:h-3 [&amp;&gt;li]:before:bg-brand [&amp;&gt;li]:before:left-0 [&amp;&gt;li]:before:top-[8px] [&amp;&gt;li]:before:rounded-full  my-5\">\n<li class=\" mb-3 text-xs md:text-m lg:text-l\">Linie S51 (Zugnummer 84872): Karlsruhe Marktplatz (05.28 Uhr) \u2013 Knielingen Rheinbergstra\u00dfe (05.51 Neu: 05.46 Uhr) \u2013 W\u00f6rth (06.01 Neu: 06.03 Uhr) \u2013 Germersheim (06.35 Uhr)<\/li>\n<\/ul>\n<p class=\"mb-6 text-xs-varying md:text-m lg:text-l font-serif group-[.font-sans]:font-sans \">\n    Die neuen Abfahrtszeiten der Verbindung lauten im Detail:\n  <\/p>\n<ul rel=\"\" class=\"[&amp;&gt;li]:relative list-none  [&amp;&gt;li]:pl-[1.2em] [&amp;&gt;li]:marker:text-[0] [&amp;&gt;li]:relative [&amp;&gt;li]:before:absolute [&amp;&gt;li]:before:w-3 [&amp;&gt;li]:before:h-3 [&amp;&gt;li]:before:bg-brand [&amp;&gt;li]:before:left-0 [&amp;&gt;li]:before:top-[8px] [&amp;&gt;li]:before:rounded-full  my-5\">\n<li class=\" mb-3 text-xs md:text-m lg:text-l\">Karlsruhe Rheinbergstra\u00dfe: 05.46 Uhr<\/li>\n<li class=\" mb-3 text-xs md:text-m lg:text-l\">Maxau: 05.49 Uhr<\/li>\n<li class=\" mb-3 text-xs md:text-m lg:text-l\">Maximiliansau: Eisenbahnstra\u00dfe 05.50 Uhr<\/li>\n<li class=\" mb-3 text-xs md:text-m lg:text-l\">Maximiliansau West: 05.52 Uhr<\/li>\n<li class=\" mb-3 text-xs md:text-m lg:text-l\">W\u00f6rth: 06.03 Uhr<\/li>\n<\/ul>\n<p class=\"mb-6 text-xs-varying md:text-m lg:text-l font-serif group-[.font-sans]:font-sans \">\n    Grund der Fahrplananpassung sind Infrastrukturarbeiten der Deutschen Bahn Tochter DB InfraGO zwischen W\u00f6rth und Landau, die ab Mitte Juli beginnen.\n  <\/p>\n<p>            Eine Linie der S52 f\u00e4hrt nachts ohne Halt in Karlsruhe West<\/p>\n<p class=\"mb-6 text-xs-varying md:text-m lg:text-l font-serif group-[.font-sans]:font-sans \">\n    In der Nacht von <strong class=\"font-bold\">Freitag, 10. Juli, auf Samstag, 11. Juli<\/strong>, wird eine Linie der S52 umgeleitet, sodass die <strong class=\"font-bold\">Haltestelle <a href=\"https:\/\/www.ka-news.de\/karlsruhe\" target=\"_self\" class=\"underline \" rel=\"nofollow noopener\">Karlsruhe<\/a> West entf\u00e4llt<\/strong>. Durch die Umleitung f\u00e4hrt diese Linie im Abschnitt Maxau bis Germersheim rund 20 bis 25 Minuten sp\u00e4ter ab.\n  <\/p>\n<p class=\"mb-6 text-xs-varying md:text-m lg:text-l font-serif group-[.font-sans]:font-sans \">\n    Es handelt sich um folgende Bahnlinie:\n  <\/p>\n<ul rel=\"\" class=\"[&amp;&gt;li]:relative list-none  [&amp;&gt;li]:pl-[1.2em] [&amp;&gt;li]:marker:text-[0] [&amp;&gt;li]:relative [&amp;&gt;li]:before:absolute [&amp;&gt;li]:before:w-3 [&amp;&gt;li]:before:h-3 [&amp;&gt;li]:before:bg-brand [&amp;&gt;li]:before:left-0 [&amp;&gt;li]:before:top-[8px] [&amp;&gt;li]:before:rounded-full  my-5\">\n<li class=\" mb-3 text-xs md:text-m lg:text-l\">Linie S52 (Zugnummer 84936), Karlsruhe Marktplatz\/Pyramide U (01.36 Uhr) \u2013 Germersheim (02.33 Uhr)<\/li>\n<\/ul>\n<p class=\"mb-6 text-xs-varying md:text-m lg:text-l font-serif group-[.font-sans]:font-sans \">\n    Die neue Route der Linie lautet:\n  <\/p>\n<ul rel=\"\" class=\"[&amp;&gt;li]:relative list-none  [&amp;&gt;li]:pl-[1.2em] [&amp;&gt;li]:marker:text-[0] [&amp;&gt;li]:relative [&amp;&gt;li]:before:absolute [&amp;&gt;li]:before:w-3 [&amp;&gt;li]:before:h-3 [&amp;&gt;li]:before:bg-brand [&amp;&gt;li]:before:left-0 [&amp;&gt;li]:before:top-[8px] [&amp;&gt;li]:before:rounded-full  my-5\">\n<li class=\" mb-3 text-xs md:text-m lg:text-l\">Karlsruhe Marktplatz Pyramide U (01.36 Uhr) \u2013 Karlsruhe Hbf Bahnhofsvorplatz (01.43 Uhr)\u2013 ZKM \u2013 Schillerstra\u00dfe \u2013 Entenfang \u2013 Knielingen Rheinbergstra\u00dfe \u2013Maxau (01.55 Neu: 02.16 Uhr) \u2013 W\u00f6rth (02.01 Neu: 02.22 Uhr) \u2013 Germersheim (02.33 Neu:<\/li>\n<li class=\" mb-3 text-xs md:text-m lg:text-l\">02.57 Uhr)<\/li>\n<\/ul>\n<p class=\"mb-6 text-xs-varying md:text-m lg:text-l font-serif group-[.font-sans]:font-sans \">\n    Grund f\u00fcr die Umleitung sind Instandhaltungsarbeiten der DB InfraGO auf der Strecke im Bereich Karlsruhe West.\n  <\/p>\n","protected":false},"excerpt":{"rendered":"Bei zwei Verbindungen der Stadtbahnlinien S51 und S52 kommt es ab Mitte Juli zu tempor\u00e4ren Fahrplan\u00e4nderungen. Das gibt&hellip;\n","protected":false},"author":2,"featured_media":1130749,"comment_status":"","ping_status":"","sticky":false,"template":"","format":"standard","meta":{"footnotes":"","_share_on_mastodon":"0"},"categories":[1844],"tags":[2161,1634,3364,2030,29,14303,2084,30,97403,8903,16535,16935,26090,26148],"class_list":["post-1130748","post","type-post","status-publish","format-standard","has-post-thumbnail","category-karlsruhe","tag-avg","tag-baden-wuerttemberg","tag-de","tag-deutsche-bahn","tag-deutschland","tag-fahrplan","tag-fahrplanaenderung","tag-germany","tag-instandhaltungsarbeit","tag-karlsruhe","tag-landau","tag-pfalz","tag-stadtbahnlinie","tag-woerth"],"share_on_mastodon":{"url":"https:\/\/pubeurope.com\/@de\/116834355548386216","error":""},"_links":{"self":[{"href":"https:\/\/www.europesays.com\/de\/wp-json\/wp\/v2\/posts\/1130748","targetHints":{"allow":["GET"]}}],"collection":[{"href":"https:\/\/www.europesays.com\/de\/wp-json\/wp\/v2\/posts"}],"about":[{"href":"https:\/\/www.europesays.com\/de\/wp-json\/wp\/v2\/types\/post"}],"author":[{"embeddable":true,"href":"https:\/\/www.europesays.com\/de\/wp-json\/wp\/v2\/users\/2"}],"replies":[{"embeddable":true,"href":"https:\/\/www.europesays.com\/de\/wp-json\/wp\/v2\/comments?post=1130748"}],"version-history":[{"count":0,"href":"https:\/\/www.europesays.com\/de\/wp-json\/wp\/v2\/posts\/1130748\/revisions"}],"wp:featuredmedia":[{"embeddable":true,"href":"https:\/\/www.europesays.com\/de\/wp-json\/wp\/v2\/media\/1130749"}],"wp:attachment":[{"href":"https:\/\/www.europesays.com\/de\/wp-json\/wp\/v2\/media?parent=1130748"}],"wp:term":[{"taxonomy":"category","embeddable":true,"href":"https:\/\/www.europesays.com\/de\/wp-json\/wp\/v2\/categories?post=1130748"},{"taxonomy":"post_tag","embeddable":true,"href":"https:\/\/www.europesays.com\/de\/wp-json\/wp\/v2\/tags?post=1130748"}],"curies":[{"name":"wp","href":"https:\/\/api.w.org\/{rel}","templated":true}]}}