{"id":1130877,"date":"2026-06-29T17:48:20","date_gmt":"2026-06-29T17:48:20","guid":{"rendered":"https:\/\/www.europesays.com\/de\/1130877\/"},"modified":"2026-06-29T17:48:20","modified_gmt":"2026-06-29T17:48:20","slug":"student-in-kieler-foerde-vermisst-polizei-vermutet-unglueck-2","status":"publish","type":"post","link":"https:\/\/www.europesays.com\/de\/1130877\/","title":{"rendered":"Student in Kieler F\u00f6rde vermisst: Polizei vermutet Ungl\u00fcck"},"content":{"rendered":"<p>\n                Stand: 29.06.2026 19:45 Uhr<\/p>\n<p>                    <a href=\"https:\/\/www.europesays.com\/de\/wp-content\/uploads\/2026\/06\/mvfoto-6414.webp\" class=\"zoomimage\" title=\"Bild vergr\u00f6\u00dfern\"><\/p>\n<p>        <img decoding=\"async\" src=\"https:\/\/www.europesays.com\/de\/wp-content\/uploads\/2026\/06\/mvfoto-6414.webp\" alt=\"Das im Dunkeln leuchtende Blaulicht eines Einsatzfahrzeugs.\" title=\"Die Einsatzkr\u00e4fte suchten vergeblich nach dem 24-J\u00e4hrigen. | PantherMedia \/ Chalabala\" class=\"responsive\" loading=\"lazy\"\/><\/p>\n<p>                    <\/a><\/p>\n<p>                    Die Einsatzkr\u00e4fte suchten vergeblich nach dem 24-J\u00e4hrigen.<\/p>\n<p class=\"\">Ein 24-j\u00e4hriger Student ist in der Nacht zum Sonntag mutma\u00dflich in der <a href=\"https:\/\/www.ndr.de\/nachrichten\/schleswig-holstein\/Kiel-Aktuelle-Nachrichten-News-und-Videos,kiel7262.html\" title=\"Kiel - Aktuelle Nachrichten und Videos\" rel=\"nofollow noopener\" target=\"_blank\">Kieler<\/a> F\u00f6rde ertrunken. Ein Polizeisprecher sagte, dass er gegen 2.00 Uhr an der Kiellinie auf H\u00f6he der Reventloubr\u00fccke in der Seebadeanstalt Bellevue ins Wasser gegangen sei. Er war demnach mit losen Bekannten unterwegs. Diese alarmierten die Rettungskr\u00e4fte, nachdem er nicht wieder aus dem Wasser gekommen war. Zuvor hatte der Radiosender RSH berichtet.<\/p>\n<p>    Rettungskr\u00e4fte brechen Suche ab<\/p>\n<p class=\"\">Bis 3.30 Uhr h\u00e4tten Einsatzkr\u00e4fte von Feuerwehr, Wasserrettung und Wasserschutzpolizei nach dem Mann gesucht, sagte der Polizeisprecher. Dann sei die Suche erfolglos abgebrochen worden. &#8222;Bis heute ist der Mann nicht bei bekannten Anlaufstellen angetroffen worden.&#8220; Die Polizei behandelt den Vorgang als Vermisstenfall, vermutet aber ein Ungl\u00fcck. Zum Zeitpunkt des Vorfalls war an der Kiellinie noch eine lange Partyzone der <a href=\"https:\/\/www.ndr.de\/nachrichten\/schleswig-holstein\/kieler_woche\/drei-millionen-besucher-bei-der-kieler-woche,kielerwoche-182.html\" title=\"Drei Millionen Besucher bei der Kieler Woche\" rel=\"nofollow noopener\" target=\"_blank\">Kieler Woche<\/a>.<\/p>\n<p>        Schlagw\u00f6rter zu diesem Artikel<\/p>\n<p>            <a href=\"https:\/\/www.ndr.de\/nachrichten\/schleswig-holstein\/Kiel-Aktuelle-Nachrichten-News-und-Videos,kiel7262.html\" rel=\"nofollow noopener\" target=\"_blank\">Kiel<\/a><\/p>\n","protected":false},"excerpt":{"rendered":"Stand: 29.06.2026 19:45 Uhr Die Einsatzkr\u00e4fte suchten vergeblich nach dem 24-J\u00e4hrigen. Ein 24-j\u00e4hriger Student ist in der Nacht&hellip;\n","protected":false},"author":2,"featured_media":1130878,"comment_status":"","ping_status":"","sticky":false,"template":"","format":"standard","meta":{"footnotes":"","_share_on_mastodon":"0"},"categories":[1852],"tags":[39823,3364,29,84351,548,663,3934,30,13,4949,31705,49567,14,15,12,1971,17333,5886,120],"class_list":["post-1130877","post","type-post","status-publish","format-standard","has-post-thumbnail","category-kiel","tag-bellevue","tag-de","tag-deutschland","tag-ertrunken","tag-eu","tag-europa","tag-europe","tag-germany","tag-headlines","tag-kiel","tag-kieler-foerde","tag-kiellinie","tag-nachrichten","tag-news","tag-schlagzeilen","tag-schleswig-holstein","tag-student","tag-unglueck","tag-vermisst"],"share_on_mastodon":{"url":"https:\/\/pubeurope.com\/@de\/116834658459933653","error":""},"_links":{"self":[{"href":"https:\/\/www.europesays.com\/de\/wp-json\/wp\/v2\/posts\/1130877","targetHints":{"allow":["GET"]}}],"collection":[{"href":"https:\/\/www.europesays.com\/de\/wp-json\/wp\/v2\/posts"}],"about":[{"href":"https:\/\/www.europesays.com\/de\/wp-json\/wp\/v2\/types\/post"}],"author":[{"embeddable":true,"href":"https:\/\/www.europesays.com\/de\/wp-json\/wp\/v2\/users\/2"}],"replies":[{"embeddable":true,"href":"https:\/\/www.europesays.com\/de\/wp-json\/wp\/v2\/comments?post=1130877"}],"version-history":[{"count":0,"href":"https:\/\/www.europesays.com\/de\/wp-json\/wp\/v2\/posts\/1130877\/revisions"}],"wp:featuredmedia":[{"embeddable":true,"href":"https:\/\/www.europesays.com\/de\/wp-json\/wp\/v2\/media\/1130878"}],"wp:attachment":[{"href":"https:\/\/www.europesays.com\/de\/wp-json\/wp\/v2\/media?parent=1130877"}],"wp:term":[{"taxonomy":"category","embeddable":true,"href":"https:\/\/www.europesays.com\/de\/wp-json\/wp\/v2\/categories?post=1130877"},{"taxonomy":"post_tag","embeddable":true,"href":"https:\/\/www.europesays.com\/de\/wp-json\/wp\/v2\/tags?post=1130877"}],"curies":[{"name":"wp","href":"https:\/\/api.w.org\/{rel}","templated":true}]}}