{"id":1130888,"date":"2026-06-29T17:54:14","date_gmt":"2026-06-29T17:54:14","guid":{"rendered":"https:\/\/www.europesays.com\/de\/1130888\/"},"modified":"2026-06-29T17:54:14","modified_gmt":"2026-06-29T17:54:14","slug":"im-freibad-dasing-geht-es-familiaerer-zu-als-in-der-stadt-augsburg","status":"publish","type":"post","link":"https:\/\/www.europesays.com\/de\/1130888\/","title":{"rendered":"Im Freibad Dasing geht es famili\u00e4rer zu als in der Stadt Augsburg"},"content":{"rendered":"<p class=\"mb-6 text-xs-varying md:text-m lg:text-l font-serif group-[.font-sans]:font-sans \">\n    Die Stimmung im Dasinger Freibad ist gut. Es gehe \u201egesittet\u201c zu, beschreibt es Bademeisterin Vivien Kurfer. Wer die <a href=\"https:\/\/www.augsburger-allgemeine.de\/augsburg\/heute-ist-es-viel-schlimmer-in-augsburger-freibaedern-ist-die-stimmung-gereizt-1-114347529\" target=\"_self\" class=\"underline \" rel=\"nofollow noopener\">Berichterstattung \u00fcber die Situation in den Freib\u00e4dern in Augsburg in den vergangenen Wochen<\/a> verfolgt hat, f\u00fcgt gedanklich schon fast automatisch an: gesitteter als etwa in der nahe gelegenen Stadt.\n  <\/p>\n<p>      <a href=\"https:\/\/www.augsburger-allgemeine.de\/friedberg\/auch-manche-augsburger-kommen-lieber-hierher-das-macht-das-freibad-in-dasing-so-besonders-114552596\" class=\"hidden  &#010;                md:block md:mr-5 md:min-w-[140px]  aspect-photo md:aspect-tv lg:aspect-tv w-fullXXX relative self-start inline overflow-hidden\" rel=\"nofollow noopener\" target=\"_blank\"><\/p>\n<p>    <img decoding=\"async\" src=\"\" alt=\"Das Nichtschwimmerbecken im Freibad Dasing ist voll mit Familien, die eine Abk\u00fchlung von der Hitze suchen.\" title=\"Das Nichtschwimmerbecken im Freibad Dasing ist voll mit Familien, die eine Abk\u00fchlung von der Hitze suchen.\" loading=\"lazy\" class=\"h-full w-full object-cover\"\/><br \/>\n   <\/a><\/p>\n<p class=\"mb-6 text-xs-varying md:text-m lg:text-l font-serif group-[.font-sans]:font-sans \">\n    Dort hatte eine Umfrage unter Besucherinnen und Besuchern ergeben, dass sich einige Badeg\u00e4ste insbesondere im Familienbad am Pl\u00e4rrer nicht mehr wohlf\u00fchlten. Als Grund wurden insbesondere Gruppen von jungen M\u00e4nnern und Jugendlichen mit Migrationshintergrund genannt, <a href=\"https:\/\/www.augsburger-allgemeine.de\/augsburg\/augsburg-stadt-verweist-auf-stabile-lage-in-den-freibaedern-trotz-kritik-114370003\" target=\"_self\" class=\"underline \" rel=\"nofollow noopener\">wenngleich sich diese \u2013 in Teilen auch rassistische \u2013 Pauschalisierung nicht mit harten Fakten hinterlegen l\u00e4sst<\/a>.\n  <\/p>\n<p>            Ein Selbstl\u00e4ufer ist das gute Klima im Freibad Dasing nicht<\/p>\n<p class=\"mb-6 text-xs-varying md:text-m lg:text-l font-serif group-[.font-sans]:font-sans \">\n    In <a href=\"https:\/\/www.augsburger-allgemeine.de\/friedberg\/ort\/dasing\" target=\"_self\" class=\"underline \" rel=\"nofollow noopener\">Dasing<\/a> ist die Besucherstruktur auch eine ganz andere als in der Stadt. Ein Selbstl\u00e4ufer ist das gute Klima dort aber nicht. Es ist deshalb gut, <a href=\"https:\/\/www.augsburger-allgemeine.de\/friedberg\/auch-manche-augsburger-kommen-lieber-hierher-das-macht-das-freibad-in-dasing-so-besonders-114552596\" target=\"_self\" class=\"underline \" rel=\"nofollow noopener\">dass Kurfer und ihre Unterst\u00fctzer ein Auge darauf haben, dass sich jeder benimmt<\/a>, und insbesondere das Gespr\u00e4ch mit dahingehend auffallenden G\u00e4sten sucht. Solange das weiterhin so gut funktioniert, ist es kein Wunder, dass das Einzugsgebiet des Freibads so gro\u00df ist.\n  <\/p>\n","protected":false},"excerpt":{"rendered":"Die Stimmung im Dasinger Freibad ist gut. Es gehe \u201egesittet\u201c zu, beschreibt es Bademeisterin Vivien Kurfer. Wer die&hellip;\n","protected":false},"author":2,"featured_media":1130889,"comment_status":"","ping_status":"","sticky":false,"template":"","format":"standard","meta":{"footnotes":"","_share_on_mastodon":"0"},"categories":[1846],"tags":[680,772,238184,69406,3364,29,548,663,3934,10860,30,13,14,15,12,238165],"class_list":["post-1130888","post","type-post","status-publish","format-standard","has-post-thumbnail","category-augsburg","tag-augsburg","tag-bayern","tag-bevoelkerungsstruktur","tag-dasing","tag-de","tag-deutschland","tag-eu","tag-europa","tag-europe","tag-freibad","tag-germany","tag-headlines","tag-nachrichten","tag-news","tag-schlagzeilen","tag-vivien-kurfer"],"share_on_mastodon":{"url":"https:\/\/pubeurope.com\/@de\/116834681890999495","error":""},"_links":{"self":[{"href":"https:\/\/www.europesays.com\/de\/wp-json\/wp\/v2\/posts\/1130888","targetHints":{"allow":["GET"]}}],"collection":[{"href":"https:\/\/www.europesays.com\/de\/wp-json\/wp\/v2\/posts"}],"about":[{"href":"https:\/\/www.europesays.com\/de\/wp-json\/wp\/v2\/types\/post"}],"author":[{"embeddable":true,"href":"https:\/\/www.europesays.com\/de\/wp-json\/wp\/v2\/users\/2"}],"replies":[{"embeddable":true,"href":"https:\/\/www.europesays.com\/de\/wp-json\/wp\/v2\/comments?post=1130888"}],"version-history":[{"count":0,"href":"https:\/\/www.europesays.com\/de\/wp-json\/wp\/v2\/posts\/1130888\/revisions"}],"wp:featuredmedia":[{"embeddable":true,"href":"https:\/\/www.europesays.com\/de\/wp-json\/wp\/v2\/media\/1130889"}],"wp:attachment":[{"href":"https:\/\/www.europesays.com\/de\/wp-json\/wp\/v2\/media?parent=1130888"}],"wp:term":[{"taxonomy":"category","embeddable":true,"href":"https:\/\/www.europesays.com\/de\/wp-json\/wp\/v2\/categories?post=1130888"},{"taxonomy":"post_tag","embeddable":true,"href":"https:\/\/www.europesays.com\/de\/wp-json\/wp\/v2\/tags?post=1130888"}],"curies":[{"name":"wp","href":"https:\/\/api.w.org\/{rel}","templated":true}]}}