{"id":1130921,"date":"2026-06-29T18:12:19","date_gmt":"2026-06-29T18:12:19","guid":{"rendered":"https:\/\/www.europesays.com\/de\/1130921\/"},"modified":"2026-06-29T18:12:19","modified_gmt":"2026-06-29T18:12:19","slug":"nato-gipfel-alliierte-wollen-ukraine-140-milliarden-bis-ende-2027-versprechen-table-briefings","status":"publish","type":"post","link":"https:\/\/www.europesays.com\/de\/1130921\/","title":{"rendered":"Nato-Gipfel: Alliierte wollen Ukraine 140 Milliarden bis Ende 2027 versprechen \u2022 Table.Briefings"},"content":{"rendered":"<p class=\"text-base md:text-xl font-semibold text-gray-700 leading-relaxed\">\n                Die Nato will der Ukraine am Gipfel in Ankara f\u00fcr dieses und n\u00e4chstes Jahr jeweils 70 Milliarden Euro in Aussicht stellen. So hei\u00dft es im Entwurf f\u00fcr die Gipfelerkl\u00e4rung, die Table.Briefings vorliegt. Die Botschafter der Mitgliedstaaten versuchen am Dienstag, den Entwurf zu bereinigen.\n            <\/p>\n<p>                                                            <img loading=\"lazy\" decoding=\"async\" src=\"https:\/\/www.europesays.com\/de\/wp-content\/uploads\/2026\/06\/wilhelmine-preussen.png\" alt=\"\" width=\"32\" height=\"32\" class=\"w-full h-full rounded-full\"\/><\/p>\n<p>                                                            <img loading=\"lazy\" decoding=\"async\" src=\"https:\/\/www.europesays.com\/de\/wp-content\/uploads\/2026\/06\/stephan-israel.png\" alt=\"\" width=\"32\" height=\"32\" class=\"w-full h-full rounded-full\"\/><\/p>\n<p>\n                            29. Juni 2026\n                        <\/p>\n<p>\n                Empf\u00e4nger ben\u00f6tigen ein Abo zum Lesen\n            <\/p>\n<p>                                                                    <img loading=\"lazy\" decoding=\"async\" src=\"https:\/\/www.europesays.com\/de\/wp-content\/uploads\/2026\/06\/1782756737_385_wilhelmine-preussen.png\" alt=\"\" width=\"40\" height=\"40\" class=\"w-full h-full rounded-full\"\/><\/p>\n<p>                                                                    <img loading=\"lazy\" decoding=\"async\" src=\"https:\/\/www.europesays.com\/de\/wp-content\/uploads\/2026\/06\/1782756738_106_stephan-israel.png\" alt=\"\" width=\"40\" height=\"40\" class=\"w-full h-full rounded-full\"\/><\/p>\n<p>\n                        29. Juni 2026\n                    <\/p>\n<p>\n                Empf\u00e4nger ben\u00f6tigen ein Abo zum Lesen\n            <\/p>\n<p>    <img loading=\"lazy\" decoding=\"async\" src=\"https:\/\/www.europesays.com\/de\/wp-content\/uploads\/2026\/06\/603027764.jpg\" alt=\"\" width=\"1024\" height=\"682\" class=\"w-full md:h-auto print:h-auto object-cover rounded-lg\"\/><\/p>\n<p>        Mark Rutte war vergangene Woche bei Donald Trump, um den Nato-Gipfel vorzubereiten. (picture alliance \/ Captital Pictures)    <\/p>\n<p class=\"mt-12 text-sm text-gray-600\">\n            Letzte Aktualisierung: 29. Juni 2026\n        <\/p>\n<p>            Artikel teilen:<\/p>\n<p>\n                Empf\u00e4nger ben\u00f6tigen ein Abo zum Lesen\n            <\/p>\n","protected":false},"excerpt":{"rendered":"Die Nato will der Ukraine am Gipfel in Ankara f\u00fcr dieses und n\u00e4chstes Jahr jeweils 70 Milliarden Euro&hellip;\n","protected":false},"author":2,"featured_media":1130922,"comment_status":"","ping_status":"","sticky":false,"template":"","format":"standard","meta":{"footnotes":"","_share_on_mastodon":"0"},"categories":[3933],"tags":[331,332,548,663,158,3934,3935,2063,13,14,1159,238187,15,12],"class_list":["post-1130921","post","type-post","status-publish","format-standard","has-post-thumbnail","category-eu","tag-aktuelle-nachrichten","tag-aktuelle-news","tag-eu","tag-europa","tag-europaeische-union","tag-europe","tag-european-union","tag-gipfel","tag-headlines","tag-nachrichten","tag-nato","tag-natosummit","tag-news","tag-schlagzeilen"],"share_on_mastodon":{"url":"https:\/\/pubeurope.com\/@de\/116834754475022424","error":""},"_links":{"self":[{"href":"https:\/\/www.europesays.com\/de\/wp-json\/wp\/v2\/posts\/1130921","targetHints":{"allow":["GET"]}}],"collection":[{"href":"https:\/\/www.europesays.com\/de\/wp-json\/wp\/v2\/posts"}],"about":[{"href":"https:\/\/www.europesays.com\/de\/wp-json\/wp\/v2\/types\/post"}],"author":[{"embeddable":true,"href":"https:\/\/www.europesays.com\/de\/wp-json\/wp\/v2\/users\/2"}],"replies":[{"embeddable":true,"href":"https:\/\/www.europesays.com\/de\/wp-json\/wp\/v2\/comments?post=1130921"}],"version-history":[{"count":0,"href":"https:\/\/www.europesays.com\/de\/wp-json\/wp\/v2\/posts\/1130921\/revisions"}],"wp:featuredmedia":[{"embeddable":true,"href":"https:\/\/www.europesays.com\/de\/wp-json\/wp\/v2\/media\/1130922"}],"wp:attachment":[{"href":"https:\/\/www.europesays.com\/de\/wp-json\/wp\/v2\/media?parent=1130921"}],"wp:term":[{"taxonomy":"category","embeddable":true,"href":"https:\/\/www.europesays.com\/de\/wp-json\/wp\/v2\/categories?post=1130921"},{"taxonomy":"post_tag","embeddable":true,"href":"https:\/\/www.europesays.com\/de\/wp-json\/wp\/v2\/tags?post=1130921"}],"curies":[{"name":"wp","href":"https:\/\/api.w.org\/{rel}","templated":true}]}}