{"id":1131241,"date":"2026-06-29T21:51:15","date_gmt":"2026-06-29T21:51:15","guid":{"rendered":"https:\/\/www.europesays.com\/de\/1131241\/"},"modified":"2026-06-29T21:51:15","modified_gmt":"2026-06-29T21:51:15","slug":"schwere-messerattacke-in-essen-polizei-bittet-um-mithilfe","status":"publish","type":"post","link":"https:\/\/www.europesays.com\/de\/1131241\/","title":{"rendered":"Schwere Messerattacke in Essen: Polizei bittet um Mithilfe"},"content":{"rendered":"<p>Ein schwerer Messerangriff in <a href=\"https:\/\/www.derwesten.de\/staedte\/essen\" rel=\"nofollow noopener\" target=\"_blank\">Essen<\/a> hat in der Nacht zum Sonntag (28. Juni) einen gro\u00dfen Polizeieinsatz ausgel\u00f6st. Gegen 1.15 Uhr lief ein 21-J\u00e4hriger die R\u00fcttenscheider Stra\u00dfe in Richtung der Innenstadt entlang. Pl\u00f6tzlich griffen ihn mehrere Personen an und verletzten ihn schwer. Der junge Mann erlitt bei der k\u00f6rperlichen Auseinandersetzung unter anderem Stichverletzungen.<\/p>\n<p>Rettungskr\u00e4fte brachten den Verletzten umgehend in ein Krankenhaus. Die \u00c4rzte konnten eine Lebensgefahr zu diesem Zeitpunkt nicht ausschlie\u00dfen. Die Beamten nahmen noch am Tatort einen 22-j\u00e4hrigen Deutschen als Tatverd\u00e4chtigen fest. Auf Antrag der Staatsanwaltschaft wird dieser noch am selben Tag einem Haftrichter vorgef\u00fchrt.<\/p>\n<blockquote class=\"wp-block-quote is-style-default is-layout-flow wp-block-quote-is-layout-flow\" style=\"padding-right:var(--wp--preset--spacing--60);padding-left:var(--wp--preset--spacing--60)\"><p> \ud83d\udccc Gesamtkriminalit\u00e4t in Essen im Jahr 2025:  <\/p>\n<ul class=\"wp-block-list has-small-font-size\">\n<li>Insgesamt wurden 62.867 Straftaten in Essen im Jahr 2025 gez\u00e4hlt.<\/li>\n<li>Das sind 9,38 Prozent weniger als 2024. <\/li>\n<li>Auch Messerangriffe und Rauschgiftdelikte sind weniger geworden.<\/li>\n<li>Au\u00dferdem ist die Aufkl\u00e4rungsquote gestiegen.<\/li>\n<\/ul>\n<\/blockquote>\n<p>\t\t Vorausgegangener Streit in irischer Kneipe <\/p>\n<p>Die Ermittler pr\u00fcfen derzeit die genauen Hintergr\u00fcnde der Tat. Offenbar gab es kurz vor dem Angriff bereits eine Auseinandersetzung in einer irischen Kneipe an der R\u00fcttenscheider Stra\u00dfe. Dabei geriet der 21-J\u00e4hrige mit anderen G\u00e4sten aneinander.<\/p>\n<p>Ob dieser Streit in der Gastst\u00e4tte in einem direkten Zusammenhang mit der sp\u00e4teren Tat auf der Stra\u00dfe steht, ist noch unklar. Die Staatsanwaltschaft Essen und eine Mordkommission des Polizeipr\u00e4sidiums haben die Ermittlungen aufgenommen. Sie werten nun alle Spuren aus.<\/p>\n<p> Polizei bittet Zeugen um Mithilfe <\/p>\n<p>F\u00fcr die weiteren Ermittlungen ist die Polizei auf die Hilfe der Bev\u00f6lkerung angewiesen. Personen, die Videos oder Fotos von dem Einsatzgeschehen gemacht haben, sollen diese im Hinweisportal der Polizei Nordrhein-Westfalen hochladen. Das Portal ist \u00fcber das Internet erreichbar.<\/p>\n<p><strong>Weitere News haben wir hier f\u00fcr dich zusammengestellt:<\/strong><\/p>\n<p>Dar\u00fcber hinaus suchen die Beamten nach weiteren Zeugen. Diese sollen Angaben zu dem Streit in der Kneipe oder zu dem Messerangriff in Essen machen k\u00f6nnen. Wer etwas beobachtet hat, soll sich bei der Polizei unter der Telefonnummer 0201\/829-0 melden. Die Ermittlungen der Mordkommission zu den genauen Hintergr\u00fcnden dauern weiter an.<\/p>\n<p>Badeunf\u00e4lle nehmen aktuell in NRW massiv zu. Hier ein weiterer ersch\u00fctternder Vorfall: <a href=\"https:\/\/www.derwesten.de\/region\/herner-meer-rhein-herne-kanal-kind-einsatz-id302090777.html\" rel=\"nofollow noopener\" target=\"_blank\">Kind (6) ertrinkt im Herner Meer! Taucher k\u00f6nnen es nur leblos bergen.<\/a><\/p>\n","protected":false},"excerpt":{"rendered":"Ein schwerer Messerangriff in Essen hat in der Nacht zum Sonntag (28. Juni) einen gro\u00dfen Polizeieinsatz ausgel\u00f6st. Gegen&hellip;\n","protected":false},"author":2,"featured_media":1131242,"comment_status":"","ping_status":"","sticky":false,"template":"","format":"standard","meta":{"footnotes":"","_share_on_mastodon":"0"},"categories":[1834],"tags":[4572,3364,29,3688,30,1209],"class_list":["post-1131241","post","type-post","status-publish","format-standard","has-post-thumbnail","category-essen","tag-polizei-essen","tag-de","tag-deutschland","tag-essen","tag-germany","tag-nordrhein-westfalen"],"share_on_mastodon":{"url":"https:\/\/pubeurope.com\/@de\/116835613885805531","error":""},"_links":{"self":[{"href":"https:\/\/www.europesays.com\/de\/wp-json\/wp\/v2\/posts\/1131241","targetHints":{"allow":["GET"]}}],"collection":[{"href":"https:\/\/www.europesays.com\/de\/wp-json\/wp\/v2\/posts"}],"about":[{"href":"https:\/\/www.europesays.com\/de\/wp-json\/wp\/v2\/types\/post"}],"author":[{"embeddable":true,"href":"https:\/\/www.europesays.com\/de\/wp-json\/wp\/v2\/users\/2"}],"replies":[{"embeddable":true,"href":"https:\/\/www.europesays.com\/de\/wp-json\/wp\/v2\/comments?post=1131241"}],"version-history":[{"count":0,"href":"https:\/\/www.europesays.com\/de\/wp-json\/wp\/v2\/posts\/1131241\/revisions"}],"wp:featuredmedia":[{"embeddable":true,"href":"https:\/\/www.europesays.com\/de\/wp-json\/wp\/v2\/media\/1131242"}],"wp:attachment":[{"href":"https:\/\/www.europesays.com\/de\/wp-json\/wp\/v2\/media?parent=1131241"}],"wp:term":[{"taxonomy":"category","embeddable":true,"href":"https:\/\/www.europesays.com\/de\/wp-json\/wp\/v2\/categories?post=1131241"},{"taxonomy":"post_tag","embeddable":true,"href":"https:\/\/www.europesays.com\/de\/wp-json\/wp\/v2\/tags?post=1131241"}],"curies":[{"name":"wp","href":"https:\/\/api.w.org\/{rel}","templated":true}]}}