{"id":1131305,"date":"2026-06-29T22:27:28","date_gmt":"2026-06-29T22:27:28","guid":{"rendered":"https:\/\/www.europesays.com\/de\/1131305\/"},"modified":"2026-06-29T22:27:28","modified_gmt":"2026-06-29T22:27:28","slug":"trump-kuendigt-iran-gespraeche-in-doha-an","status":"publish","type":"post","link":"https:\/\/www.europesays.com\/de\/1131305\/","title":{"rendered":"Trump k\u00fcndigt Iran-Gespr\u00e4che in Doha an"},"content":{"rendered":"<p class=\"text-18 leading-17 user-text-lg:text-22 user-text-xl:text-24\">Sp\u00e4ter sagte Trump im Wei\u00dfen Haus, sein Team sei bereits abgereist oder sei im Begriff, das zu tun. &#8222;Das Treffen in Doha wird vielleicht wichtig sein, vielleicht auch nicht.&#8220;<\/p>\n<p class=\"text-18 leading-17 user-text-lg:text-22 user-text-xl:text-24\">Zuvor hatte der Iran noch Berichte \u00fcber einen m\u00f6glichen weiteren aktuellen Verhandlungstermin mit den USA zur\u00fcckgewiesen. Eine Gespr\u00e4chsrunde werde stattfinden, &#8222;sobald die Voraussetzungen geschaffen sind und Einigkeit \u00fcber Termin und Veranstaltungsort erzielt wurde&#8220;, sagte Vizeau\u00dfenminister Kasem Gharibabadi laut der iranischen Nachrichtenagentur Isna. &#8222;Das Abhalten von technischen Sitzungen der Arbeitsgruppen ist f\u00fcr diese Woche nicht geplant.&#8220; Konsultationen w\u00fcrden \u00fcber Vermittler jedoch fortgesetzt, sagte Gharibabadi.<\/p>\n<p>Millionen Amerikaner wollen den 4. Juli nicht feiern<\/p>\n<p class=\"text-18 leading-17 user-text-lg:text-22 user-text-xl:text-24\">Kurz vor dem Unabh\u00e4ngigkeitstag am 4. Juli zeigt sich die politische Spaltung in den USA auch bei den Feierlichkeiten. Einer Reuters\/Ipsos-Umfrage zufolge will jeder f\u00fcnfte Amerikaner den Nationalfeiertag in diesem Jahr nicht begehen. Unter den Demokraten liegt der Anteil bei einem Viertel, unter den Republikanern bei 8 Prozent.<\/p>\n<p class=\"text-18 leading-17 user-text-lg:text-22 user-text-xl:text-24\">Die <a href=\"https:\/\/www.t-online.de\/themen\/umfragen\/\" class=\"transition-colors cursor-pointer no-underline md:hover:text-magenta md:focus:text-magenta border-b border-solid border-current text-salemsfur md:hover:border-magenta\" data-tracking=\"{&quot;action&quot;:&quot;click&quot;,&quot;category&quot;:&quot;intextLink&quot;,&quot;label&quot;:&quot;\/themen\/umfragen\/&quot;}\" data-sctrack=\"BodyAnchor\" rel=\"nofollow noopener\" target=\"_blank\">Umfrage<\/a> macht zudem eine weit verbreitete Skepsis \u00fcber die Zukunft des Landes deutlich. Zwei von f\u00fcnf Befragten bezweifeln demnach, dass die Vereinigten Staaten weitere 250 Jahre bestehen werden. Im kommenden Jahr feiern die USA den 250. Jahrestag ihrer Unabh\u00e4ngigkeit.<\/p>\n<p><a href=\"#focus-2\" class=\"transition-colors block text-current relative\" data-sctrack=\"FocusGalleryImage.Reference\"><img   loading=\"lazy\" src=\"https:\/\/www.europesays.com\/de\/wp-content\/uploads\/2026\/06\/june-25-2026-new-york-united-states-vendors-sell-ice-cream-as-spectators-gather-for-the-central-asto.jpeg\" alt=\"imago images 0860120743\" title=\"imago images 0860120743\" width=\"4363\" height=\"2454\" class=\"h-full w-full max-w-full rounded-8\" decoding=\"async\"\/><img loading=\"lazy\" src=\"https:\/\/www.t-online.de\/s\/paper\/_next\/static\/media\/zoom-in.f7dae02f.svg\" alt=\"Vergr\u00f6\u00dfern des Bildes\" title=\"Vergr\u00f6\u00dfern des Bildes\" class=\"block h-[calc(var(--height)_\/_16_*_1rem)] w-[calc(var(--width)_\/_16_*_1rem)] max-w-none absolute right-8 bottom-8 rounded-4 bg-snow p-8\" style=\"--width:32;--height:32\" decoding=\"async\"\/>New York: Ein Mann verkauft Eis am Unabh\u00e4ngigkeitstag. (Quelle: IMAGO\/Ron Adar\/imago)<\/a><\/p>\n<p>Supreme Court weist Trump zur\u00fcck<\/p>\n<p class=\"text-18 leading-17 user-text-lg:text-22 user-text-xl:text-24\">Der Oberste Gerichtshof der USA wies Donald Trumps Versuch zur\u00fcck, das Urteil einer Jury aufzuheben, wonach er die Schriftstellerin E. Jean Carroll sexuell missbraucht und sp\u00e4ter verleumdet haben soll. Auch die Schadensersatzzahlungen in H\u00f6he von 88,3 Millionen Dollar blieben rechtskr\u00e4ftig.<\/p>\n<p class=\"text-18 leading-17 user-text-lg:text-22 user-text-xl:text-24\">Carroll hatte 2022 in <a href=\"https:\/\/www.t-online.de\/themen\/manhattan\/\" class=\"transition-colors cursor-pointer no-underline md:hover:text-magenta md:focus:text-magenta border-b border-solid border-current text-salemsfur md:hover:border-magenta\" data-tracking=\"{&quot;action&quot;:&quot;click&quot;,&quot;category&quot;:&quot;intextLink&quot;,&quot;label&quot;:&quot;\/themen\/manhattan\/&quot;}\" data-sctrack=\"BodyAnchor\" rel=\"nofollow noopener\" target=\"_blank\">Manhattan<\/a> Klage eingereicht, in der sie Trump vorwarf, er habe sie 1996 in der Umkleidekabine eines Kaufhauses sexuell missbraucht. Die Verleumdungsvorw\u00fcrfe beziehen sich auf Aussagen, die Trump nach seiner ersten Amtszeit \u00fcber sie machte und in denen er ihre Behauptungen als &#8222;Betrug&#8220; und &#8222;Schwindel&#8220; bezeichnete.<\/p>\n<p><a href=\"#focus-3\" class=\"transition-colors block text-current relative\" data-sctrack=\"FocusGalleryImage.Reference\"><img   loading=\"lazy\" src=\"https:\/\/www.europesays.com\/de\/wp-content\/uploads\/2026\/06\/jean-carroll-archivbild-sie-reichte-klage-wegen-sexuellem-missbrauch-gegen-donald-trump-ein.jpg\" alt=\"imago images 0247252587\" title=\"imago images 0247252587\" width=\"8256\" height=\"4644\" class=\"h-full w-full max-w-full rounded-8\" decoding=\"async\"\/><img loading=\"lazy\" src=\"https:\/\/www.t-online.de\/s\/paper\/_next\/static\/media\/zoom-in.f7dae02f.svg\" alt=\"Vergr\u00f6\u00dfern des Bildes\" title=\"Vergr\u00f6\u00dfern des Bildes\" class=\"block h-[calc(var(--height)_\/_16_*_1rem)] w-[calc(var(--width)_\/_16_*_1rem)] max-w-none absolute right-8 bottom-8 rounded-4 bg-snow p-8\" style=\"--width:32;--height:32\" decoding=\"async\"\/>Jean Carroll (Archivbild): Sie reichte Klage wegen sexuellem Missbrauch gegen Donald Trump ein. (Quelle: IMAGO\/Edna Leshowitz)<\/a><\/p>\n<p>Biden attackiert Trump<\/p>\n<p class=\"text-18 leading-17 user-text-lg:text-22 user-text-xl:text-24\"><a href=\"https:\/\/www.t-online.de\/themen\/joe-biden\/\" class=\"transition-colors cursor-pointer no-underline md:hover:text-magenta md:focus:text-magenta border-b border-solid border-current text-salemsfur md:hover:border-magenta\" data-tracking=\"{&quot;action&quot;:&quot;click&quot;,&quot;category&quot;:&quot;intextLink&quot;,&quot;label&quot;:&quot;\/themen\/joe-biden\/&quot;}\" data-sctrack=\"BodyAnchor\" rel=\"nofollow noopener\" target=\"_blank\">Joe Biden<\/a> hat US-Pr\u00e4sident Donald Trump bei einem seltenen \u00f6ffentlichen Auftritt scharf attackiert. Bei einer Veranstaltung der Demokratischen Partei im Bundesstaat Maryland machte sich der fr\u00fchere Pr\u00e4sident \u00fcber Trumps Bauprojekte in <a href=\"https:\/\/www.t-online.de\/themen\/washington\/\" class=\"transition-colors cursor-pointer no-underline md:hover:text-magenta md:focus:text-magenta border-b border-solid border-current text-salemsfur md:hover:border-magenta\" data-tracking=\"{&quot;action&quot;:&quot;click&quot;,&quot;category&quot;:&quot;intextLink&quot;,&quot;label&quot;:&quot;\/themen\/washington\/&quot;}\" data-sctrack=\"BodyAnchor\" rel=\"nofollow noopener\" target=\"_blank\">Washington<\/a> lustig. Mit Blick auf die Sanierung des Wasserbeckens vor dem Lincoln Memorial sagte Biden, Trump habe daf\u00fcr sogar &#8222;seinen eigenen Poolreiniger&#8220; engagiert. Dann setzte er nach: &#8222;Meine G\u00fcte, was f\u00fcr ein Loser.&#8220;<\/p>\n<p>Loading&#8230;<\/p>\n<p>Loading&#8230;<\/p>\n<p>Loading&#8230;<\/p>\n","protected":false},"excerpt":{"rendered":"Sp\u00e4ter sagte Trump im Wei\u00dfen Haus, sein Team sei bereits abgereist oder sei im Begriff, das zu tun.&hellip;\n","protected":false},"author":2,"featured_media":1131306,"comment_status":"","ping_status":"","sticky":false,"template":"","format":"standard","meta":{"footnotes":"","_share_on_mastodon":"0"},"categories":[5],"tags":[1217,326,7797,7264,106,107788,25055,13,2229,345,6555,579,324,101672,123398,14,15,3129,8819,238291,1555,12,10173,10,8,9,11,3111,4146,64,320,5504,237780],"class_list":["post-1131305","post","type-post","status-publish","format-standard","has-post-thumbnail","category-nachrichten","tag-1217","tag-326","tag-7797","tag-doha","tag-donald-trump","tag-e-jean-carroll","tag-federal-reserve-bank","tag-headlines","tag-ice","tag-iran","tag-joe-biden","tag-katar","tag-korruption","tag-lisa-cook","tag-mississippi","tag-nachrichten","tag-news","tag-newsblog","tag-oberster-gerichtshof","tag-rebecca-slaughter","tag-republikaner","tag-schlagzeilen","tag-supreme-court","tag-top-news","tag-top-meldungen","tag-topmeldungen","tag-topnews","tag-truth-social","tag-us-kongress","tag-usa","tag-washington","tag-weisses-haus","tag-zeus-atlas"],"share_on_mastodon":{"url":"https:\/\/pubeurope.com\/@de\/116835756187141280","error":""},"_links":{"self":[{"href":"https:\/\/www.europesays.com\/de\/wp-json\/wp\/v2\/posts\/1131305","targetHints":{"allow":["GET"]}}],"collection":[{"href":"https:\/\/www.europesays.com\/de\/wp-json\/wp\/v2\/posts"}],"about":[{"href":"https:\/\/www.europesays.com\/de\/wp-json\/wp\/v2\/types\/post"}],"author":[{"embeddable":true,"href":"https:\/\/www.europesays.com\/de\/wp-json\/wp\/v2\/users\/2"}],"replies":[{"embeddable":true,"href":"https:\/\/www.europesays.com\/de\/wp-json\/wp\/v2\/comments?post=1131305"}],"version-history":[{"count":0,"href":"https:\/\/www.europesays.com\/de\/wp-json\/wp\/v2\/posts\/1131305\/revisions"}],"wp:featuredmedia":[{"embeddable":true,"href":"https:\/\/www.europesays.com\/de\/wp-json\/wp\/v2\/media\/1131306"}],"wp:attachment":[{"href":"https:\/\/www.europesays.com\/de\/wp-json\/wp\/v2\/media?parent=1131305"}],"wp:term":[{"taxonomy":"category","embeddable":true,"href":"https:\/\/www.europesays.com\/de\/wp-json\/wp\/v2\/categories?post=1131305"},{"taxonomy":"post_tag","embeddable":true,"href":"https:\/\/www.europesays.com\/de\/wp-json\/wp\/v2\/tags?post=1131305"}],"curies":[{"name":"wp","href":"https:\/\/api.w.org\/{rel}","templated":true}]}}