{"id":1131389,"date":"2026-06-29T23:17:15","date_gmt":"2026-06-29T23:17:15","guid":{"rendered":"https:\/\/www.europesays.com\/de\/1131389\/"},"modified":"2026-06-29T23:17:15","modified_gmt":"2026-06-29T23:17:15","slug":"junger-mann-bei-angriff-in-essen-in-auto-gelockt-und-misshandelt","status":"publish","type":"post","link":"https:\/\/www.europesays.com\/de\/1131389\/","title":{"rendered":"Junger Mann bei Angriff in Essen in Auto gelockt und misshandelt"},"content":{"rendered":"<p>Wie die Polizei erst jetzt bekanntgab, kam es am Montagnachmittag (22. Juni 2026) zu einem schweren Angriff in Essen, der nun die Ermittler besch\u00e4ftigt. Im S\u00fcdostviertel lockten zwei M\u00e4nner einen 25-J\u00e4hrigen an der Stra\u00dfe Eickenscheidter Fuhr in ihr Fahrzeug. Die T\u00e4ter gaben dabei vor, eine Angelegenheit kl\u00e4ren zu wollen. Sobald der junge Mann im Wagen sa\u00df, fuhren die beiden M\u00e4nner unvermittelt los.<\/p>\n<p>Die Polizei hat die Ermittlungen gegen die beiden 22 und 49 Jahre alten deutsch-syrischen Tatverd\u00e4chtigen aufgenommen. Den M\u00e4nnern wird Bedrohung, Freiheitsberaubung und gef\u00e4hrliche K\u00f6rperverletzung vorgeworfen. Der Gesch\u00e4digte erlitt bei der Tat leichte Verletzungen und musste anschlie\u00dfend medizinisch versorgt werden.<\/p>\n<blockquote class=\"wp-block-quote is-style-default is-layout-flow wp-block-quote-is-layout-flow\" style=\"padding-right:var(--wp--preset--spacing--60);padding-left:var(--wp--preset--spacing--60)\"><p> \ud83d\udccc Der Straftatbestand Misshandlung  <\/p>\n<ul class=\"wp-block-list has-small-font-size\">\n<li>Unter <strong>Misshandlung<\/strong> versteht man die <strong>physische, psychische oder sexuelle Zuf\u00fcgung von Leid<\/strong>, Schmerzen oder Verletzungen<\/li>\n<li>Misshandlung ist strafbar und wird je nach Schwere des Falls vom Gesetzgeber streng geahndet. Beispielsweise stellt das Gesetz in Deutschland die Misshandlung von Schutzbefohlenen unter <strong>harte Haftstrafen<\/strong><\/li>\n<\/ul>\n<\/blockquote>\n<p>\t\t Eskalation w\u00e4hrend der Fahrt auf der Autobahn <\/p>\n<p>Im Inneren des Autos sollen die beiden M\u00e4nner ihr Opfer massiv bedroht, geschlagen und misshandelt haben. Die Fahrt f\u00fchrte die Beteiligten auf die Autobahn 40 in Fahrtrichtung M\u00fclheim. Im Bereich der Ausfahrt Holsterhausen versuchte der 25-J\u00e4hrige offenbar in seiner Not, aus dem Wagen zu entkommen.<\/p>\n<p>Kurze Zeit nach diesem Vorfall an der Ausfahrt lie\u00dfen die T\u00e4ter den Mann schlie\u00dflich aus dem Fahrzeug. Ein alarmierter Rettungswagen brachte den Verletzten zur weiteren Behandlung in ein nahegelegenes Krankenhaus. Bei dem genutzten Auto handelt es sich laut den Beamten um einen blauen Nissan Micra. Der Wagen war mit einem Kennzeichen aus G\u00fctersloh ausgestattet.<\/p>\n<p>  Polizei sucht wichtigen Zeugen mit Foto <\/p>\n<p>Ein unbeteiligter Jugendlicher oder junger Mann soll die gef\u00e4hrliche Situation an der Autobahnausfahrt beobachtet haben. Laut offiziellen Polizeiangaben hat dieser Zeuge m\u00f6glicherweise ein Foto von dem blauen Kleinwagen gemacht. Das zust\u00e4ndige Kommissariat bittet genau diese Person, sich umgehend bei den Beh\u00f6rden zu melden.<\/p>\n<p>Die Kriminalpolizei f\u00fchrt die weiteren Ermittlungen zu dem genauen Ablauf f\u00fcr den Angriff in Essen. Zeugen, die sachdienliche Hinweise zu dem Vorfall oder dem blauen Nissan Micra geben k\u00f6nnen, sollen sich bei der Polizei melden. Informationen werden unter der Telefonnummer 0201\/829-0 oder per E-Mail an hinweise.essen@polizei.nrw.de entgegengenommen.<\/p>\n","protected":false},"excerpt":{"rendered":"Wie die Polizei erst jetzt bekanntgab, kam es am Montagnachmittag (22. Juni 2026) zu einem schweren Angriff in&hellip;\n","protected":false},"author":2,"featured_media":698598,"comment_status":"","ping_status":"","sticky":false,"template":"","format":"standard","meta":{"footnotes":"","_share_on_mastodon":"0"},"categories":[1834],"tags":[4572,3364,29,3688,30,1209],"class_list":["post-1131389","post","type-post","status-publish","format-standard","has-post-thumbnail","category-essen","tag-polizei-essen","tag-de","tag-deutschland","tag-essen","tag-germany","tag-nordrhein-westfalen"],"share_on_mastodon":{"url":"https:\/\/pubeurope.com\/@de\/116835952166571442","error":""},"_links":{"self":[{"href":"https:\/\/www.europesays.com\/de\/wp-json\/wp\/v2\/posts\/1131389","targetHints":{"allow":["GET"]}}],"collection":[{"href":"https:\/\/www.europesays.com\/de\/wp-json\/wp\/v2\/posts"}],"about":[{"href":"https:\/\/www.europesays.com\/de\/wp-json\/wp\/v2\/types\/post"}],"author":[{"embeddable":true,"href":"https:\/\/www.europesays.com\/de\/wp-json\/wp\/v2\/users\/2"}],"replies":[{"embeddable":true,"href":"https:\/\/www.europesays.com\/de\/wp-json\/wp\/v2\/comments?post=1131389"}],"version-history":[{"count":0,"href":"https:\/\/www.europesays.com\/de\/wp-json\/wp\/v2\/posts\/1131389\/revisions"}],"wp:featuredmedia":[{"embeddable":true,"href":"https:\/\/www.europesays.com\/de\/wp-json\/wp\/v2\/media\/698598"}],"wp:attachment":[{"href":"https:\/\/www.europesays.com\/de\/wp-json\/wp\/v2\/media?parent=1131389"}],"wp:term":[{"taxonomy":"category","embeddable":true,"href":"https:\/\/www.europesays.com\/de\/wp-json\/wp\/v2\/categories?post=1131389"},{"taxonomy":"post_tag","embeddable":true,"href":"https:\/\/www.europesays.com\/de\/wp-json\/wp\/v2\/tags?post=1131389"}],"curies":[{"name":"wp","href":"https:\/\/api.w.org\/{rel}","templated":true}]}}