{"id":1131446,"date":"2026-06-29T23:53:22","date_gmt":"2026-06-29T23:53:22","guid":{"rendered":"https:\/\/www.europesays.com\/de\/1131446\/"},"modified":"2026-06-29T23:53:22","modified_gmt":"2026-06-29T23:53:22","slug":"suedkorea-will-fast-600-milliarden-euro-fuer-neue-chipfabriken-investieren","status":"publish","type":"post","link":"https:\/\/www.europesays.com\/de\/1131446\/","title":{"rendered":"S\u00fcdkorea will fast 600 Milliarden Euro f\u00fcr neue Chipfabriken investieren"},"content":{"rendered":"<p>            <img loading=\"lazy\" decoding=\"async\" class=\"ts-image\" src=\"https:\/\/www.europesays.com\/de\/wp-content\/uploads\/2026\/06\/suedkorea-chip-projekt-100.jpg\" alt=\"Samsung-Chef Lee Jae-Yong bei der Vorstellung eines Gro\u00dfprojekts zur Chip-Herstellung in Seoul.\" title=\"Samsung-Chef Lee Jae-Yong bei der Vorstellung eines Gro\u00dfprojekts zur Chip-Herstellung in Seoul. | AFP\"\/><\/p>\n<p class=\"metatextline\">Stand: 29.06.2026 \u2022 19:18 Uhr<\/p>\n<p class=\"article-head__shorttext\">\n        <strong>Mit einem milliardenschweren Investment will S\u00fcdkorea seine Weltmarktstellung in der Chip- und KI-Branche festigen. Umgerechnet insgesamt 569 Milliarden Euro sollen in das Projekt flie\u00dfen.<\/strong>\n    <\/p>\n<p class=\"textabsatz m-ten m-offset-one l-eight l-offset-two columns twelve\">Um langfristig im globalen Technologie-Wettbewerb mitreden zu k\u00f6nnen, plant S\u00fcdkorea ein Mega-Investment in die eigene Chip- und KI-Branche. Das teilte Pr\u00e4sident Lee Jae Myung in Seoul an. Umgerechnet 569 Milliarden Euro sollen unter anderem in Halbleiterfabriken sowie in Rechenzentren und in KI-Robotik flie\u00dfen.<\/p>\n<p>    Produktion von Chips soll sich verdoppeln<\/p>\n<p class=\"textabsatz m-ten m-offset-one l-eight l-offset-two columns twelve\">Wegen des anhaltenden Baubooms bei KI-Rechenzentren sind Speicherchips f\u00fcr KI-Server, aber auch f\u00fcr PCs und Smartphones weltweit knapp. Der Regierung zufolge soll sich deshalb die Produktionsrate von Chips in s\u00fcdkoreanischer Halbleiter-Fabriken in den kommenden Jahren verdoppeln.<\/p>\n<p>    Langfristige Konkurrenz f\u00fcr China und den USA<\/p>\n<p class=\"textabsatz m-ten m-offset-one l-eight l-offset-two columns twelve\">Aktuell dominieren US-Konzerne wie Nvidia, AMD oder Broadcam den Markt f\u00fcr Chips der KI-Rechenzentren. S\u00fcdkoreanischen Anbieter wie Samsung und SK Hynix sind weltweite Marktf\u00fchrer f\u00fcr KI-Hochleistungsrechner.<\/p>\n<p class=\"textabsatz m-ten m-offset-one l-eight l-offset-two columns twelve\">F\u00fcr die s\u00fcdkoreanische Tech-Offensive w\u00fcrden allein diese zwei Tech-Konzerne umgerechnet 455 Milliarden Euro stemmen, erl\u00e4uterte S\u00fcdkoreas Wirtschaftsminister Kim Jung Kwan.<\/p>\n<p class=\"textabsatz m-ten m-offset-one l-eight l-offset-two columns twelve\">Mit dem Geld plane man unter anderem den Bau neuer Produktionsanlagen in der Stadt Gwangju und in der Provinz S\u00fcd-Jeolla. Im S\u00fcdwesten des Landes gebe es Energie im \u00dcberfluss. Au\u00dferdem solle die Wirtschaftskraft besser auf das Land verteilt und nicht nur auf Seoul konzentriert werden.<\/p>\n<p>    Kritik von Opposition und Experten<\/p>\n<p class=\"textabsatz m-ten m-offset-one l-eight l-offset-two columns twelve\">Branchenexperten hingegen warnen, dass es einen Mangel an Strom, Wasser und Fachkr\u00e4ften in S\u00fcd-Jeolla geben und dies einen Ausbau verz\u00f6gern k\u00f6nnte.<\/p>\n<p class=\"textabsatz m-ten m-offset-one l-eight l-offset-two columns twelve\">Die s\u00fcdkoreanische Opposition wirft Pr\u00e4sident Lee zudem vor, dieses Projekt aus einer politischen Motivation heraus gestartet zu haben. S\u00fcdkoreas Pr\u00e4sident wies diesen Vorwurf zur\u00fcck.<\/p>\n<p>    Fertigstellung noch w\u00e4hrend Lees Amtszeit<\/p>\n<p class=\"textabsatz m-ten m-offset-one l-eight l-offset-two columns twelve\">Der Zustimmungswerte des s\u00fcdkoreanischen Pr\u00e4sidenten sind laut Meinungsforschenden auf 46,5 Prozent gesunken. Bei der vergangenen Pr\u00e4sidentschaftswahl 2025 hatten aber 85 Prozent der W\u00e4hler in der Region Jeolla, wo nun gebaut werden soll, Lee ihre Stimme gegeben.<\/p>\n<p class=\"textabsatz m-ten m-offset-one l-eight l-offset-two columns twelve\">Die Regierung strebe an, den Bau der Anlagen noch w\u00e4hrend Lees aktueller Amtszeit fertigzustellen, also bis 2030. Unklar ist allerdings noch, wann mit dem Bau begonnen werden sollen.<\/p>\n","protected":false},"excerpt":{"rendered":"Stand: 29.06.2026 \u2022 19:18 Uhr Mit einem milliardenschweren Investment will S\u00fcdkorea seine Weltmarktstellung in der Chip- und KI-Branche&hellip;\n","protected":false},"author":2,"featured_media":1131447,"comment_status":"","ping_status":"","sticky":false,"template":"","format":"standard","meta":{"footnotes":"","_share_on_mastodon":"0"},"categories":[134],"tags":[175,14506,170,169,29,30,671,171,174,613,173,172,55],"class_list":["post-1131446","post","type-post","status-publish","format-standard","has-post-thumbnail","category-unternehmen-maerkte","tag-business","tag-chip","tag-companies","tag-companies-markets","tag-deutschland","tag-germany","tag-ki","tag-markets","tag-maerkte","tag-suedkorea","tag-unternehmen","tag-unternehmen-maerkte","tag-wirtschaft"],"share_on_mastodon":{"url":"https:\/\/pubeurope.com\/@de\/116836095106672216","error":""},"_links":{"self":[{"href":"https:\/\/www.europesays.com\/de\/wp-json\/wp\/v2\/posts\/1131446","targetHints":{"allow":["GET"]}}],"collection":[{"href":"https:\/\/www.europesays.com\/de\/wp-json\/wp\/v2\/posts"}],"about":[{"href":"https:\/\/www.europesays.com\/de\/wp-json\/wp\/v2\/types\/post"}],"author":[{"embeddable":true,"href":"https:\/\/www.europesays.com\/de\/wp-json\/wp\/v2\/users\/2"}],"replies":[{"embeddable":true,"href":"https:\/\/www.europesays.com\/de\/wp-json\/wp\/v2\/comments?post=1131446"}],"version-history":[{"count":0,"href":"https:\/\/www.europesays.com\/de\/wp-json\/wp\/v2\/posts\/1131446\/revisions"}],"wp:featuredmedia":[{"embeddable":true,"href":"https:\/\/www.europesays.com\/de\/wp-json\/wp\/v2\/media\/1131447"}],"wp:attachment":[{"href":"https:\/\/www.europesays.com\/de\/wp-json\/wp\/v2\/media?parent=1131446"}],"wp:term":[{"taxonomy":"category","embeddable":true,"href":"https:\/\/www.europesays.com\/de\/wp-json\/wp\/v2\/categories?post=1131446"},{"taxonomy":"post_tag","embeddable":true,"href":"https:\/\/www.europesays.com\/de\/wp-json\/wp\/v2\/tags?post=1131446"}],"curies":[{"name":"wp","href":"https:\/\/api.w.org\/{rel}","templated":true}]}}