{"id":1131599,"date":"2026-06-30T01:18:17","date_gmt":"2026-06-30T01:18:17","guid":{"rendered":"https:\/\/www.europesays.com\/de\/1131599\/"},"modified":"2026-06-30T01:18:17","modified_gmt":"2026-06-30T01:18:17","slug":"per-mertesacker-schimpft-wegen-nagelsmann-aussage","status":"publish","type":"post","link":"https:\/\/www.europesays.com\/de\/1131599\/","title":{"rendered":"Per Mertesacker schimpft wegen Nagelsmann-Aussage"},"content":{"rendered":"<p>&#8222;Die Aussage k\u00f6nnen wir total vergessen&#8220; <\/p>\n<p>Nun fliegen Nagelsmann seine eigenen Worte um die Ohren<\/p>\n<p>30.06.2026 &#8211; 02:02 UhrLesedauer: 2 Min.<\/p>\n<p><img loading=\"lazy\" src=\"https:\/\/www.t-online.de\/s\/paper\/_next\/static\/media\/loading-indicator-magenta.1f35d8de.svg\" alt=\"Video l\u00e4dt\" title=\"Video l\u00e4dt\" class=\"block h-[calc(var(--height)_\/_16_*_1rem)] w-[calc(var(--width)_\/_16_*_1rem)] max-w-none undefined\" style=\"--width:32;--height:32\" decoding=\"async\"\/>Player wird geladen<\/p>\n<p>Schock f\u00fcr Deutschland: Nagelsmanns bitterer Moment nach WM-Aus. (Quelle: MagentaTV)<\/p>\n<p><img loading=\"lazy\" src=\"https:\/\/www.t-online.de\/s\/paper\/_next\/static\/media\/audio-volume.6689034c.svg\" alt=\"\" title=\"\" class=\"block h-[calc(var(--height)_\/_16_*_1rem)] w-[calc(var(--width)_\/_16_*_1rem)] max-w-none group-hover:brightness-0 group-hover:invert\" style=\"--width:16;--height:16\" decoding=\"async\"\/>Vorlesen<\/p>\n<p>Aktuelle Zeit:0:00Gesamtdauer:0:00<\/p>\n<p>1x<\/p>\n<p class=\"text-center\">Jetzt neu bei t-online:<\/p>\n<p class=\"text-center\">Schriftgr\u00f6\u00dfe anpassen!<\/p>\n<p><img loading=\"lazy\" src=\"https:\/\/www.t-online.de\/s\/paper\/_next\/static\/media\/font-sizes.32942e33.svg\" alt=\"\" title=\"\" class=\"block h-[calc(var(--height)_\/_16_*_1rem)] w-[calc(var(--width)_\/_16_*_1rem)] max-w-none group-hover:hidden group-aria-expanded:hidden\" style=\"--width:16;--height:16\" decoding=\"async\"\/><img loading=\"lazy\" src=\"https:\/\/www.t-online.de\/s\/paper\/_next\/static\/media\/font-sizes-dark-mode.e382645c.svg\" alt=\"\" title=\"\" class=\"block h-[calc(var(--height)_\/_16_*_1rem)] w-[calc(var(--width)_\/_16_*_1rem)] max-w-none hidden group-hover:block group-aria-expanded:block\" style=\"--width:16;--height:16\" decoding=\"async\"\/><img loading=\"lazy\" src=\"https:\/\/www.t-online.de\/s\/paper\/_next\/static\/media\/sharing-menu-icon.1eb71368.svg\" alt=\"\" title=\"\" class=\"block h-[calc(var(--height)_\/_16_*_1rem)] w-[calc(var(--width)_\/_16_*_1rem)] max-w-none group-hover:brightness-0 group-hover:invert\" style=\"--width:16;--height:16\" decoding=\"async\"\/>Artikel teilen<\/p>\n<p class=\"font-bold text-18 leading-17 user-text-lg:text-22 user-text-xl:text-24\">Deutschland scheitert bei der WM 2026 \u00fcberraschend an Paraguay. Per Mertesacker findet deutliche Worte \u2013 und erinnert an einen schlecht gealterten Nagelsmann-Satz.<\/p>\n<p class=\"text-18 leading-17 user-text-lg:text-22 user-text-xl:text-24\">Die WM-Reise ist f\u00fcr die <a href=\"https:\/\/www.t-online.de\/themen\/nationalmannschaft-deutschland\/\" class=\"transition-colors cursor-pointer no-underline md:hover:text-magenta md:focus:text-magenta border-b border-solid border-current text-salemsfur md:hover:border-magenta\" data-tracking=\"{&quot;action&quot;:&quot;click&quot;,&quot;category&quot;:&quot;intextLink&quot;,&quot;label&quot;:&quot;\/themen\/nationalmannschaft-deutschland\/&quot;}\" data-sctrack=\"BodyAnchor\" rel=\"nofollow noopener\" target=\"_blank\">deutsche Nationalmannschaft<\/a> bereits im Sechzehntelfinale geendet. <a href=\"https:\/\/www.t-online.de\/sport\/fussball\/wm\/id_101319632\/wm-2026-drama-im-elfmeterschiessen-deutschland-scheidet-aus.html\" class=\"transition-colors cursor-pointer no-underline md:hover:text-magenta md:focus:text-magenta border-b border-solid border-current text-salemsfur md:hover:border-magenta\" data-tracking=\"{&quot;action&quot;:&quot;click&quot;,&quot;category&quot;:&quot;intextLink&quot;,&quot;label&quot;:&quot;\/sport\/fussball\/wm\/id_101319632\/wm-2026-drama-im-elfmeterschiessen-deutschland-scheidet-aus.html&quot;}\" data-sctrack=\"BodyAnchor\" rel=\"nofollow noopener\" target=\"_blank\">Gegen Au\u00dfenseiter Paraguay scheiterte das DFB-Team im Elfmeterschie\u00dfen.<\/a> Ex-Nationalspieler <a href=\"https:\/\/www.t-online.de\/themen\/per-mertesacker\/\" class=\"transition-colors cursor-pointer no-underline md:hover:text-magenta md:focus:text-magenta border-b border-solid border-current text-salemsfur md:hover:border-magenta\" data-tracking=\"{&quot;action&quot;:&quot;click&quot;,&quot;category&quot;:&quot;intextLink&quot;,&quot;label&quot;:&quot;\/themen\/per-mertesacker\/&quot;}\" data-sctrack=\"BodyAnchor\" rel=\"nofollow noopener\" target=\"_blank\">Per Mertesacker<\/a> fand im Nachgang deutliche Worte.<\/p>\n<p class=\"text-18 leading-17 user-text-lg:text-22 user-text-xl:text-24\">&#8222;Vor zwei Jahren wurde ein bisschen geflachst, dass wir zwei Jahre warten m\u00fcssen, bis wir Weltmeister werden&#8220;, verwies der ZDF-Experte auf ebenjene Worte von <a href=\"https:\/\/www.t-online.de\/themen\/julian-nagelsmann\/\" class=\"transition-colors cursor-pointer no-underline md:hover:text-magenta md:focus:text-magenta border-b border-solid border-current text-salemsfur md:hover:border-magenta\" data-tracking=\"{&quot;action&quot;:&quot;click&quot;,&quot;category&quot;:&quot;intextLink&quot;,&quot;label&quot;:&quot;\/themen\/julian-nagelsmann\/&quot;}\" data-sctrack=\"BodyAnchor\" rel=\"nofollow noopener\" target=\"_blank\">Julian Nagelsmann<\/a> nach dem bitteren EM-Aus 2024 gegen Spanien. &#8222;Die Aussage k\u00f6nnen wir nun total vergessen.&#8220;<\/p>\n<p>Im Video | Die entscheidenden Elfer im Video<\/p>\n<p><img loading=\"lazy\" src=\"https:\/\/www.t-online.de\/s\/paper\/_next\/static\/media\/loading-indicator-magenta.1f35d8de.svg\" alt=\"Video l\u00e4dt\" title=\"Video l\u00e4dt\" class=\"block h-[calc(var(--height)_\/_16_*_1rem)] w-[calc(var(--width)_\/_16_*_1rem)] max-w-none undefined\" style=\"--width:32;--height:32\" decoding=\"async\"\/>Player wird geladenQuelle: MagentaTV<\/p>\n<ul class=\"text-18 leading-17 block pl-24 *:pb-16 *:before:inline-block *:before:size-8 *:before:bg-magenta *:before:mt-0 *:before:mr-12 *:before:mb-2 *:before:-ml-[20px]\">\n<li><strong class=\"font-bold\">&#8222;Das ist verr\u00fcckt&#8220;:<\/strong> <a href=\"https:\/\/www.t-online.de\/sport\/fussball\/wm\/id_101319616\/-verrueckt-juergen-klopp-attackiert-dfb-elf-nach-rueckstand-wm-2026.html\" class=\"transition-colors cursor-pointer no-underline md:hover:text-magenta md:focus:text-magenta border-b border-solid border-current text-salemsfur md:hover:border-magenta\" data-tracking=\"{&quot;action&quot;:&quot;click&quot;,&quot;category&quot;:&quot;intextLink&quot;,&quot;label&quot;:&quot;\/sport\/fussball\/wm\/id_101319616\/-verrueckt-juergen-klopp-attackiert-dfb-elf-nach-rueckstand-wm-2026.html&quot;}\" data-sctrack=\"BodyAnchor\" rel=\"nofollow noopener\" target=\"_blank\">Klopp attackiert DFB-Elf nach R\u00fcckstand<\/a><\/li>\n<li><strong class=\"font-bold\">Emp\u00f6rung bei DFB-Spiel:<\/strong> <a href=\"https:\/\/www.t-online.de\/sport\/fussball\/wm\/id_101319646\/deutschland-tor-zaehlt-nicht-schiri-experte-kinhoefer-schimpft-wm-2026.html\" class=\"transition-colors cursor-pointer no-underline md:hover:text-magenta md:focus:text-magenta border-b border-solid border-current text-salemsfur md:hover:border-magenta\" data-tracking=\"{&quot;action&quot;:&quot;click&quot;,&quot;category&quot;:&quot;intextLink&quot;,&quot;label&quot;:&quot;\/sport\/fussball\/wm\/id_101319646\/deutschland-tor-zaehlt-nicht-schiri-experte-kinhoefer-schimpft-wm-2026.html&quot;}\" data-sctrack=\"BodyAnchor\" rel=\"nofollow noopener\" target=\"_blank\">Schiri-Experte schimpft nach aberkanntem Tor<\/a><\/li>\n<\/ul>\n<p class=\"text-18 leading-17 user-text-lg:text-22 user-text-xl:text-24\">Mertesacker legte nach: &#8222;Wir m\u00fcssen uns einiges wieder erarbeiten. Wir haben gegen die schw\u00e4chste Mannschaft aus der Vorrunde gespielt und haben es in 120 Minuten nicht geschafft, mehr als zwei Sch\u00fcsse aufs Tor zu bringen.&#8220; Die S\u00fcdamerikaner h\u00e4tten zwar &#8222;super gek\u00e4mpft&#8220;, doch von der <a href=\"https:\/\/www.t-online.de\/themen\/nationalmannschaft-deutschland\/\" class=\"transition-colors cursor-pointer no-underline md:hover:text-magenta md:focus:text-magenta border-b border-solid border-current text-salemsfur md:hover:border-magenta\" data-tracking=\"{&quot;action&quot;:&quot;click&quot;,&quot;category&quot;:&quot;intextLink&quot;,&quot;label&quot;:&quot;\/themen\/nationalmannschaft-deutschland\/&quot;}\" data-sctrack=\"BodyAnchor\" rel=\"nofollow noopener\" target=\"_blank\">deutschen Nationalmannschaft<\/a> hat der 2014er-Weltmeister mehr erwartet. &#8222;Ich habe heute leider viel zu wenig gesehen. Die gro\u00dfe Fu\u00dfballnation Deutschland muss sich heute umschauen.&#8220;<\/p>\n<p class=\"text-18 leading-17 user-text-lg:text-22 user-text-xl:text-24\"><a href=\"https:\/\/www.t-online.de\/themen\/christoph-kramer\/\" class=\"transition-colors cursor-pointer no-underline md:hover:text-magenta md:focus:text-magenta border-b border-solid border-current text-salemsfur md:hover:border-magenta\" data-tracking=\"{&quot;action&quot;:&quot;click&quot;,&quot;category&quot;:&quot;intextLink&quot;,&quot;label&quot;:&quot;\/themen\/christoph-kramer\/&quot;}\" data-sctrack=\"BodyAnchor\" rel=\"nofollow noopener\" target=\"_blank\">Christoph Kramer<\/a> schlug in eine \u00e4hnliche Kerbe. &#8222;Du darfst gegen Paraguay nicht in ein Elfmeterschie\u00dfen kommen. Du darfst dich gegen Paraguay nicht davon abh\u00e4ngig machen, dass der Schiedsrichter vielleicht eine Fehlentscheidung macht. Du darfst gegen Paraguay auch nicht in die Verl\u00e4ngerung kommen&#8220;, \u00e4rgerte sich der ZDF-Experte. &#8222;Wir haben entschieden, dass das Spiel so offen ist. Dazu darf es niemals kommen. Unter dem Strich war es in allen Teilen zu wenig.&#8220;<\/p>\n<p class=\"text-18 leading-17 user-text-lg:text-22 user-text-xl:text-24\">W\u00e4hrend die deutsche Nationalmannschaft nun die Heimreise antreten muss, trifft Paraguay am Samstag (ab 23 Uhr im <a href=\"https:\/\/www.t-online.de\/sport\/live-ticker\/heute\/\" class=\"transition-colors cursor-pointer no-underline md:hover:text-magenta md:focus:text-magenta border-b border-solid border-current text-salemsfur md:hover:border-magenta\" data-tracking=\"{&quot;action&quot;:&quot;click&quot;,&quot;category&quot;:&quot;intextLink&quot;,&quot;label&quot;:&quot;\/sport\/live-ticker\/heute\/&quot;}\" data-sctrack=\"BodyAnchor\" rel=\"nofollow noopener\" target=\"_blank\">Liveticker<\/a> bei t-online) in Philadelphia gegen den Sieger aus dem Duell Frankreich gegen Schweden weiter.<\/p>\n","protected":false},"excerpt":{"rendered":"&#8222;Die Aussage k\u00f6nnen wir total vergessen&#8220; Nun fliegen Nagelsmann seine eigenen Worte um die Ohren 30.06.2026 &#8211; 02:02&hellip;\n","protected":false},"author":2,"featured_media":1131600,"comment_status":"","ping_status":"","sticky":false,"template":"","format":"standard","meta":{"footnotes":"","_share_on_mastodon":"0"},"categories":[5],"tags":[29,481,5974,31007,13,2602,14,10702,15,78182,54194,12,4026,226,10,8,9,11,59416,1448],"class_list":["post-1131599","post","type-post","status-publish","format-standard","has-post-thumbnail","category-nachrichten","tag-deutschland","tag-dfb","tag-dfb-team","tag-fussball-nationalmannschaft","tag-headlines","tag-julian-nagelsmann","tag-nachrichten","tag-nationalmannschaft","tag-news","tag-paraguay","tag-per-mertesacker","tag-schlagzeilen","tag-spanien","tag-t-online","tag-top-news","tag-top-meldungen","tag-topmeldungen","tag-topnews","tag-wm-2026","tag-zdf"],"share_on_mastodon":{"url":"https:\/\/pubeurope.com\/@de\/116836428402097303","error":""},"_links":{"self":[{"href":"https:\/\/www.europesays.com\/de\/wp-json\/wp\/v2\/posts\/1131599","targetHints":{"allow":["GET"]}}],"collection":[{"href":"https:\/\/www.europesays.com\/de\/wp-json\/wp\/v2\/posts"}],"about":[{"href":"https:\/\/www.europesays.com\/de\/wp-json\/wp\/v2\/types\/post"}],"author":[{"embeddable":true,"href":"https:\/\/www.europesays.com\/de\/wp-json\/wp\/v2\/users\/2"}],"replies":[{"embeddable":true,"href":"https:\/\/www.europesays.com\/de\/wp-json\/wp\/v2\/comments?post=1131599"}],"version-history":[{"count":0,"href":"https:\/\/www.europesays.com\/de\/wp-json\/wp\/v2\/posts\/1131599\/revisions"}],"wp:featuredmedia":[{"embeddable":true,"href":"https:\/\/www.europesays.com\/de\/wp-json\/wp\/v2\/media\/1131600"}],"wp:attachment":[{"href":"https:\/\/www.europesays.com\/de\/wp-json\/wp\/v2\/media?parent=1131599"}],"wp:term":[{"taxonomy":"category","embeddable":true,"href":"https:\/\/www.europesays.com\/de\/wp-json\/wp\/v2\/categories?post=1131599"},{"taxonomy":"post_tag","embeddable":true,"href":"https:\/\/www.europesays.com\/de\/wp-json\/wp\/v2\/tags?post=1131599"}],"curies":[{"name":"wp","href":"https:\/\/api.w.org\/{rel}","templated":true}]}}